{"id":144964,"date":"2020-03-24T16:41:59","date_gmt":"2020-03-24T13:41:59","guid":{"rendered":"http:\/\/arantv.az\/?p=144964"},"modified":"2020-03-24T16:41:59","modified_gmt":"2020-03-24T13:41:59","slug":"prezident-ilham-%c9%99liyev-az%c9%99rbaycan-h%c9%99kiml%c9%99ri-dogrudan-da-boyuk-q%c9%99hr%c9%99manliq-gost%c9%99rirl%c9%99r","status":"publish","type":"post","link":"https:\/\/arantv.az\/?p=144964","title":{"rendered":"Prezident \u0130lham \u018fliyev: &#8220;Az\u0259rbaycan h\u0259kiml\u0259ri do\u011frudan da b\u00f6y\u00fck q\u0259hr\u0259manl\u0131q g\u00f6st\u0259rirl\u0259r&#8221;"},"content":{"rendered":"<p><strong>Az\u0259rbaycan h\u0259kiml\u0259ri do\u011frudan da b\u00f6y\u00fck q\u0259hr\u0259manl\u0131q g\u00f6st\u0259rirl\u0259r.<\/strong><\/p>\n<p><strong>ARANTV.AZ<\/strong>\u00a0\u00a0<a href=\"http:\/\/azertag.az\/\" target=\"_blank\" rel=\"noopener\">AZ\u018fRTAC<\/a>-a istinad\u0259n bildirir ki,\u00a0bunu Az\u0259rbaycan Prezidenti \u0130lham \u018fliyev mart\u0131n 24-d\u0259 M\u0259nzil \u0130n\u015faat\u0131 D\u00f6vl\u0259t Agentliyinin ikinci layih\u0259si olan H\u00f6vsan ya\u015fay\u0131\u015f kompleksi il\u0259 tan\u0131\u015fl\u0131qdan sonra Az\u0259rbaycan Televiziyas\u0131na m\u00fcsahib\u0259sind\u0259 deyib.<\/p>\n<p>D\u00f6vl\u0259t ba\u015f\u00e7\u0131s\u0131 bildirib:<\/p>\n<p>&#8220;X\u0259st\u0259l\u0259r\u0259 qulluq ed\u0259n h\u0259kiml\u0259rin maddi v\u0259ziyy\u0259tinin yax\u015f\u0131la\u015fd\u0131r\u0131lmas\u0131 v\u0259 onlar\u0131n \u0259m\u0259yin\u0259 layiqli qiym\u0259tin verilm\u0259si \u00fc\u00e7\u00fcn \u0259m\u0259khaqlar\u0131n\u0131n art\u0131r\u0131lmas\u0131 m\u0259s\u0259l\u0259si h\u0259ll olunub. Onlar maa\u015f\u0131n 3-5 mislini alacaqlar v\u0259 art\u0131q g\u00f6st\u0259ri\u015fl\u0259r verilib, v\u0259sait d\u0259 ayr\u0131l\u0131b. F\u00fcrs\u0259td\u0259n istifad\u0259 ed\u0259r\u0259k, Az\u0259rbaycan h\u0259kiml\u0259rin\u0259 bir daha minn\u0259tdarl\u0131\u011f\u0131m\u0131 bildirm\u0259k ist\u0259yir\u0259m. Onlar do\u011frudan da b\u00f6y\u00fck q\u0259hr\u0259manl\u0131q g\u00f6st\u0259rirl\u0259r, \u00f6z h\u0259yatlar\u0131n\u0131, sa\u011flaml\u0131qlar\u0131n\u0131 risk alt\u0131na at\u0131rlar, ancaq \u00f6z v\u0259zif\u0259 borcunu \u015f\u0259r\u0259fl\u0259 yerin\u0259 yetirirl\u0259r. M\u0259n b\u00fct\u00fcn v\u0259t\u0259nda\u015flar\u0131 h\u0259kiml\u0259r\u0259 d\u0259st\u0259k olma\u011fa \u00e7a\u011f\u0131r\u0131ram. O c\u00fcml\u0259d\u0259n bu x\u0259st\u0259liy\u0259 yoluxmu\u015f insanlara da, &#8211; biz, \u0259lb\u0259tt\u0259, ba\u015fa d\u00fc\u015f\u00fcr\u00fck ki, onlar\u0131n h\u0259m fiziki, h\u0259m d\u0259 psixoloji v\u0259ziyy\u0259ti bu x\u0259st\u0259liyin t\u0259siri alt\u0131ndad\u0131r, &#8211; m\u00fcraci\u0259t ed\u0259r\u0259k, h\u0259kiml\u0259r\u0259 qar\u015f\u0131 diqq\u0259tli olmalar\u0131n\u0131 t\u00f6vsiy\u0259 ed\u0259rdim.<\/p>\n<p>Y\u0259ni, b\u00fct\u00fcn t\u0259dbirl\u0259r g\u00f6r\u00fcld\u00fc. Hesab edir\u0259m ki, mart\u0131n 14-d\u0259 v\u0259 d\u00fcn\u0259n elan edilmi\u015f \u0259lav\u0259 m\u0259hdudla\u015fd\u0131r\u0131c\u0131 t\u0259dbirl\u0259r vaxt\u0131nda at\u0131lm\u0131\u015f add\u0131mlard\u0131r. \u00c7\u00fcnki biz add\u0131mlar\u0131m\u0131z\u0131 yaranm\u0131\u015f v\u0259ziyy\u0259t\u0259 uy\u011fun at\u0131r\u0131q. Eyni zamanda, biz v\u0259ziyy\u0259tin m\u0259nfi istiqam\u0259td\u0259 inki\u015faf\u0131n\u0131n qar\u015f\u0131s\u0131n\u0131n al\u0131nmas\u0131 \u00fc\u00e7\u00fcn d\u0259 bu qabaqlay\u0131c\u0131 t\u0259dbirl\u0259ri g\u00f6rm\u0259kl\u0259 \u00f6z\u00fcm\u00fcz\u00fc qoruyuruq. Biz d\u00f6vl\u0259timizi, xalq\u0131m\u0131z\u0131, insanlar\u0131m\u0131z\u0131, x\u00fcsusil\u0259 ya\u015fl\u0131 insanlar\u0131 qorumal\u0131y\u0131q. Onlar\u0131n da h\u0259r\u0259k\u0259tl\u0259rin\u0259 m\u00fc\u0259yy\u0259n m\u0259hdudiyy\u0259t qoyulubdur. Hesab edir\u0259m ki, bu da anla\u015f\u0131lan m\u0259s\u0259l\u0259dir. \u00c7\u00fcnki \u0259n riskli qrup ya\u015fl\u0131 insanlard\u0131r.<\/p>\n<p>Ya\u015fl\u0131 t\u0259nha insanlar\u0131n t\u0259minat\u0131n\u0131 t\u0259chiz etm\u0259k \u00fc\u00e7\u00fcn m\u0259nim g\u00f6st\u0259ri\u015fiml\u0259 sosial i\u015f\u00e7il\u0259rin s\u0259f\u0259rb\u0259rliyi n\u0259z\u0259rd\u0259 tutulur v\u0259 onlar bu i\u015fi g\u00f6r\u0259c\u0259kl\u0259r. Eyni zamanda, f\u00fcrs\u0259td\u0259n istifad\u0259 ed\u0259r\u0259k \u00e7oxminli k\u00f6n\u00fcll\u00fcl\u0259r ordusuna da m\u00fcraci\u0259t etm\u0259k ist\u0259yir\u0259m. Hesab edir\u0259m ki, bizim k\u00f6n\u00fcll\u00fcl\u0259rimiz d\u0259 bu i\u015fl\u0259r\u0259 qo\u015fulmal\u0131d\u0131rlar, Operativ Q\u0259rargahla t\u0259mas saxlamal\u0131, \u018fm\u0259k v\u0259 \u018fhalinin Sosial M\u00fcdafi\u0259si Nazirliyi il\u0259 \u0259laq\u0259d\u0259 olmal\u0131d\u0131rlar. H\u0259r halda, nazirliy\u0259 d\u0259 g\u00f6st\u0259ri\u015f verilib ki, ya\u015fl\u0131 insanlara onlar\u0131n ya\u015fad\u0131qlar\u0131 yerl\u0259rd\u0259 xidm\u0259tl\u0259r g\u00f6st\u0259rilsin, &#8211; ist\u0259r d\u0259rman preparatlar\u0131 olsun, ist\u0259rs\u0259 d\u0259 \u0259rzaq, &#8211; biz t\u0259nha v\u0259ziyy\u0259td\u0259 ya\u015fayan ya\u015fl\u0131 insanlar\u0131 qoruyaq.<\/p>\n<p>Hesab edir\u0259m ki, xalq\u0131m\u0131z\u0131n ad\u0259t-\u0259n\u0259n\u0259l\u0259ri, milli d\u0259y\u0259rl\u0259ri, biz\u0259 bu virusla m\u00fcbariz\u0259d\u0259 k\u00f6m\u0259k ed\u0259c\u0259k. \u00c7\u00fcnki ya\u015fl\u0131 insanlara h\u0259mi\u015f\u0259 b\u00f6y\u00fck h\u00f6rm\u0259t g\u00f6st\u0259rilir. Ya\u015fl\u0131 insanlar nadir hallarda t\u0259nha ya\u015fay\u0131rlar. Az\u0259rbaycanda bel\u0259 insanlar\u0131n say\u0131 \u00e7ox deyil, t\u0259qrib\u0259n bir ne\u00e7\u0259 min n\u0259f\u0259rdir. Ancaq onlar\u0131n da t\u0259minat\u0131 n\u0259z\u0259rd\u0259 tutulacaqd\u0131r.<\/p>\n<p>Bir s\u00f6zl\u0259, hesab edir\u0259m ki, bu g\u00fcn\u0259 q\u0259d\u0259r g\u00f6r\u00fclm\u00fc\u015f b\u00fct\u00fcn i\u015fl\u0259r vaxt\u0131nda v\u0259 d\u00fczg\u00fcn istiqam\u0259td\u0259 at\u0131lm\u0131\u015f add\u0131mlard\u0131r. D\u00f6vl\u0259t \u0259lind\u0259n g\u0259l\u0259ni edir v\u0259 ed\u0259c\u0259k. Ancaq bu faci\u0259vi x\u0259st\u0259liy\u0259 qar\u015f\u0131 m\u00fcbariz\u0259d\u0259 v\u0259t\u0259nda\u015flardan da \u00e7ox \u015fey as\u0131l\u0131d\u0131r. M\u0259n v\u0259t\u0259nda\u015flar\u0131 bir daha m\u0259suliyy\u0259t\u0259 \u00e7a\u011f\u0131r\u0131ram ki, onlar yeni qaydalara, x\u00fcsusi karantin rejimin\u0259 riay\u0259t etsinl\u0259r, bu m\u0259s\u0259l\u0259ni \u00e7ox ciddi q\u0259bul etsinl\u0259r. Bilsinl\u0259r ki, h\u0259m \u00f6zl\u0259rinin, h\u0259m d\u0259 yax\u0131nlar\u0131n\u0131n sa\u011flaml\u0131\u011f\u0131 onlar\u0131n \u0259lind\u0259dir. D\u00f6vl\u0259t n\u0259 m\u00fcmk\u00fcnd\u00fcrs\u0259 edir. Ancaq v\u0259t\u0259nda\u015flar\u0131n m\u0259suliyy\u0259ti, nizam-intizam\u0131 bu m\u0259s\u0259l\u0259 il\u0259 ba\u011fl\u0131 m\u00fcbariz\u0259mizi daha da m\u0259qs\u0259dy\u00f6nl\u00fc v\u0259 u\u011furlu ed\u0259c\u0259kdir&#8221;.<\/p>\n","protected":false},"excerpt":{"rendered":"<p>Az\u0259rbaycan h\u0259kiml\u0259ri do\u011frudan da b\u00f6y\u00fck q\u0259hr\u0259manl\u0131q g\u00f6st\u0259rirl\u0259r. ARANTV.AZ\u00a0\u00a0AZ\u018fRTAC-a istinad\u0259n bildirir ki,\u00a0bunu Az\u0259rbaycan Prezidenti \u0130lham \u018fliyev mart\u0131n 24-d\u0259 M\u0259nzil \u0130n\u015faat\u0131 D\u00f6vl\u0259t Agentliyinin ikinci layih\u0259si olan H\u00f6vsan ya\u015fay\u0131\u015f kompleksi il\u0259 tan\u0131\u015fl\u0131qdan sonra Az\u0259rbaycan Televiziyas\u0131na m\u00fcsahib\u0259sind\u0259 deyib. D\u00f6vl\u0259t ba\u015f\u00e7\u0131s\u0131 bildirib: &#8220;X\u0259st\u0259l\u0259r\u0259 qulluq ed\u0259n h\u0259kiml\u0259rin maddi v\u0259ziyy\u0259tinin yax\u015f\u0131la\u015fd\u0131r\u0131lmas\u0131 v\u0259 onlar\u0131n \u0259m\u0259yin\u0259 layiqli qiym\u0259tin verilm\u0259si \u00fc\u00e7\u00fcn \u0259m\u0259khaqlar\u0131n\u0131n art\u0131r\u0131lmas\u0131 m\u0259s\u0259l\u0259si h\u0259ll olunub. Onlar maa\u015f\u0131n 3-5 mislini alacaqlar v\u0259 art\u0131q g\u00f6st\u0259ri\u015fl\u0259r verilib, v\u0259sait d\u0259 ayr\u0131l\u0131b. F\u00fcrs\u0259td\u0259n istifad\u0259 ed\u0259r\u0259k, Az\u0259rbaycan h\u0259kiml\u0259rin\u0259 bir daha minn\u0259tdarl\u0131\u011f\u0131m\u0131 bildirm\u0259k ist\u0259yir\u0259m. Onlar do\u011frudan da b\u00f6y\u00fck q\u0259hr\u0259manl\u0131q g\u00f6st\u0259rirl\u0259r, \u00f6z h\u0259yatlar\u0131n\u0131, sa\u011flaml\u0131qlar\u0131n\u0131 risk alt\u0131na at\u0131rlar,&hellip;<\/p>\n","protected":false},"author":2,"featured_media":144965,"comment_status":"closed","ping_status":"closed","sticky":false,"template":"","format":"standard","meta":{"om_disable_all_campaigns":false,"_monsterinsights_skip_tracking":false,"_monsterinsights_sitenote_active":false,"_monsterinsights_sitenote_note":"","_monsterinsights_sitenote_category":0},"categories":[4],"tags":[],"aioseo_notices":[],"gutentor_comment":0,"rttpg_featured_image_url":{"full":["https:\/\/arantv.az\/wp-content\/uploads\/2020\/03\/836165.jpg",1200,900,false],"landscape":["https:\/\/arantv.az\/wp-content\/uploads\/2020\/03\/836165.jpg",1200,900,false],"portraits":["https:\/\/arantv.az\/wp-content\/uploads\/2020\/03\/836165.jpg",1200,900,false],"thumbnail":["https:\/\/arantv.az\/wp-content\/uploads\/2020\/03\/836165-150x150.jpg",150,150,true],"medium":["https:\/\/arantv.az\/wp-content\/uploads\/2020\/03\/836165-300x225.jpg",300,225,true],"large":["https:\/\/arantv.az\/wp-content\/uploads\/2020\/03\/836165-1024x768.jpg",640,480,true],"1536x1536":["https:\/\/arantv.az\/wp-content\/uploads\/2020\/03\/836165.jpg",1200,900,false],"2048x2048":["https:\/\/arantv.az\/wp-content\/uploads\/2020\/03\/836165.jpg",1200,900,false],"post-thumbnail":["https:\/\/arantv.az\/wp-content\/uploads\/2020\/03\/836165-240x172.jpg",240,172,true],"advps-thumb-one":["https:\/\/arantv.az\/wp-content\/uploads\/2020\/03\/836165-1200x620.jpg",1200,620,true]},"rttpg_author":{"display_name":"V\u00fcsal Rafiqo\u011flu","author_link":"https:\/\/arantv.az\/?author=2"},"rttpg_comment":0,"rttpg_category":"<a href=\"https:\/\/arantv.az\/?cat=4\" rel=\"category\">Siyas\u0259t<\/a>","rttpg_excerpt":"Az\u0259rbaycan h\u0259kiml\u0259ri do\u011frudan da b\u00f6y\u00fck q\u0259hr\u0259manl\u0131q g\u00f6st\u0259rirl\u0259r. ARANTV.AZ\u00a0\u00a0AZ\u018fRTAC-a istinad\u0259n bildirir ki,\u00a0bunu Az\u0259rbaycan Prezidenti \u0130lham \u018fliyev mart\u0131n 24-d\u0259 M\u0259nzil \u0130n\u015faat\u0131 D\u00f6vl\u0259t Agentliyinin ikinci layih\u0259si olan H\u00f6vsan ya\u015fay\u0131\u015f kompleksi il\u0259 tan\u0131\u015fl\u0131qdan sonra Az\u0259rbaycan Televiziyas\u0131na m\u00fcsahib\u0259sind\u0259 deyib. D\u00f6vl\u0259t ba\u015f\u00e7\u0131s\u0131 bildirib: &#8220;X\u0259st\u0259l\u0259r\u0259 qulluq ed\u0259n h\u0259kiml\u0259rin maddi v\u0259ziyy\u0259tinin yax\u015f\u0131la\u015fd\u0131r\u0131lmas\u0131 v\u0259 onlar\u0131n \u0259m\u0259yin\u0259 layiqli qiym\u0259tin verilm\u0259si \u00fc\u00e7\u00fcn \u0259m\u0259khaqlar\u0131n\u0131n art\u0131r\u0131lmas\u0131 m\u0259s\u0259l\u0259si h\u0259ll&hellip;","_links":{"self":[{"href":"https:\/\/arantv.az\/index.php?rest_route=\/wp\/v2\/posts\/144964"}],"collection":[{"href":"https:\/\/arantv.az\/index.php?rest_route=\/wp\/v2\/posts"}],"about":[{"href":"https:\/\/arantv.az\/index.php?rest_route=\/wp\/v2\/types\/post"}],"author":[{"embeddable":true,"href":"https:\/\/arantv.az\/index.php?rest_route=\/wp\/v2\/users\/2"}],"replies":[{"embeddable":true,"href":"https:\/\/arantv.az\/index.php?rest_route=%2Fwp%2Fv2%2Fcomments&post=144964"}],"version-history":[{"count":0,"href":"https:\/\/arantv.az\/index.php?rest_route=\/wp\/v2\/posts\/144964\/revisions"}],"wp:featuredmedia":[{"embeddable":true,"href":"https:\/\/arantv.az\/index.php?rest_route=\/wp\/v2\/media\/144965"}],"wp:attachment":[{"href":"https:\/\/arantv.az\/index.php?rest_route=%2Fwp%2Fv2%2Fmedia&parent=144964"}],"wp:term":[{"taxonomy":"category","embeddable":true,"href":"https:\/\/arantv.az\/index.php?rest_route=%2Fwp%2Fv2%2Fcategories&post=144964"},{"taxonomy":"post_tag","embeddable":true,"href":"https:\/\/arantv.az\/index.php?rest_route=%2Fwp%2Fv2%2Ftags&post=144964"}],"curies":[{"name":"wp","href":"https:\/\/api.w.org\/{rel}","templated":true}]}}