{"id":145032,"date":"2020-03-25T08:17:37","date_gmt":"2020-03-25T05:17:37","guid":{"rendered":"http:\/\/arantv.az\/?p=145032"},"modified":"2020-03-25T08:17:37","modified_gmt":"2020-03-25T05:17:37","slug":"az%c9%99rbaycanda-r%c9%99q%c9%99msal-iqtisadiyyat-dovl%c9%99t-proqrami-hazirlanacaq","status":"publish","type":"post","link":"https:\/\/arantv.az\/?p=145032","title":{"rendered":"\u201cAz\u0259rbaycanda r\u0259q\u0259msal iqtisadiyyat\u201d D\u00f6vl\u0259t Proqram\u0131 haz\u0131rlanacaq"},"content":{"rendered":"<p>&#8220;Az\u0259rbaycanda r\u0259q\u0259msal iqtisadiyyat&#8221; D\u00f6vl\u0259t Proqram\u0131 haz\u0131rlanacaq.<\/p>\n<p><strong>ARANTV.AZ\u00a0<\/strong>\u00a0<a href=\"http:\/\/az.trend.az\/\" target=\"_blank\" rel=\"noopener\">Trend<\/a>-\u0259 istinad\u0259n bildirir ki,\u00a0bu, Nazirl\u0259r Kabineti, Az\u0259rbaycan H\u0259mkarlar \u0130ttifaqlar\u0131 Konfederasiyas\u0131 v\u0259 Az\u0259rbaycan Respublikas\u0131 Sahibkarlar (\u0130\u015f\u0259g\u00f6t\u00fcr\u0259nl\u0259r) T\u0259\u015fkilatlar\u0131n\u0131n Milli Konfederasiyas\u0131 aras\u0131nda 2020-2022-ci ill\u0259r \u00fc\u00e7\u00fcn ba\u011flanm\u0131\u015f Ba\u015f Kollektiv Sazi\u015find\u0259 \u0259ksini tap\u0131b.<\/p>\n<p>Sazi\u015f\u0259 \u0259sas\u0259n, t\u0259r\u0259fl\u0259r &#8220;Az\u0259rbaycanda r\u0259q\u0259msal iqtisadiyyat&#8221; D\u00f6vl\u0259t Proqram\u0131n\u0131 haz\u0131rlay\u0131b q\u0259bul etm\u0259k \u00f6hd\u0259liyi g\u00f6t\u00fcr\u00fcbl\u0259r.<\/p>\n","protected":false},"excerpt":{"rendered":"<p>&#8220;Az\u0259rbaycanda r\u0259q\u0259msal iqtisadiyyat&#8221; D\u00f6vl\u0259t Proqram\u0131 haz\u0131rlanacaq. ARANTV.AZ\u00a0\u00a0Trend-\u0259 istinad\u0259n bildirir ki,\u00a0bu, Nazirl\u0259r Kabineti, Az\u0259rbaycan H\u0259mkarlar \u0130ttifaqlar\u0131 Konfederasiyas\u0131 v\u0259 Az\u0259rbaycan Respublikas\u0131 Sahibkarlar (\u0130\u015f\u0259g\u00f6t\u00fcr\u0259nl\u0259r) T\u0259\u015fkilatlar\u0131n\u0131n Milli Konfederasiyas\u0131 aras\u0131nda 2020-2022-ci ill\u0259r \u00fc\u00e7\u00fcn ba\u011flanm\u0131\u015f Ba\u015f Kollektiv Sazi\u015find\u0259 \u0259ksini tap\u0131b. Sazi\u015f\u0259 \u0259sas\u0259n, t\u0259r\u0259fl\u0259r &#8220;Az\u0259rbaycanda r\u0259q\u0259msal iqtisadiyyat&#8221; D\u00f6vl\u0259t Proqram\u0131n\u0131 haz\u0131rlay\u0131b q\u0259bul etm\u0259k \u00f6hd\u0259liyi g\u00f6t\u00fcr\u00fcbl\u0259r.<\/p>\n","protected":false},"author":2,"featured_media":145033,"comment_status":"closed","ping_status":"closed","sticky":false,"template":"","format":"standard","meta":{"om_disable_all_campaigns":false,"_monsterinsights_skip_tracking":false,"_monsterinsights_sitenote_active":false,"_monsterinsights_sitenote_note":"","_monsterinsights_sitenote_category":0},"categories":[19],"tags":[],"aioseo_notices":[],"gutentor_comment":0,"rttpg_featured_image_url":{"full":["https:\/\/arantv.az\/wp-content\/uploads\/2020\/03\/hokumet_2837876.jpg",800,600,false],"landscape":["https:\/\/arantv.az\/wp-content\/uploads\/2020\/03\/hokumet_2837876.jpg",800,600,false],"portraits":["https:\/\/arantv.az\/wp-content\/uploads\/2020\/03\/hokumet_2837876.jpg",800,600,false],"thumbnail":["https:\/\/arantv.az\/wp-content\/uploads\/2020\/03\/hokumet_2837876-150x150.jpg",150,150,true],"medium":["https:\/\/arantv.az\/wp-content\/uploads\/2020\/03\/hokumet_2837876-300x225.jpg",300,225,true],"large":["https:\/\/arantv.az\/wp-content\/uploads\/2020\/03\/hokumet_2837876.jpg",640,480,false],"1536x1536":["https:\/\/arantv.az\/wp-content\/uploads\/2020\/03\/hokumet_2837876.jpg",800,600,false],"2048x2048":["https:\/\/arantv.az\/wp-content\/uploads\/2020\/03\/hokumet_2837876.jpg",800,600,false],"post-thumbnail":["https:\/\/arantv.az\/wp-content\/uploads\/2020\/03\/hokumet_2837876-240x172.jpg",240,172,true],"advps-thumb-one":["https:\/\/arantv.az\/wp-content\/uploads\/2020\/03\/hokumet_2837876.jpg",800,600,false]},"rttpg_author":{"display_name":"V\u00fcsal Rafiqo\u011flu","author_link":"https:\/\/arantv.az\/?author=2"},"rttpg_comment":0,"rttpg_category":"<a href=\"https:\/\/arantv.az\/?cat=19\" rel=\"category\">G\u00fcnd\u0259m<\/a>","rttpg_excerpt":"&#8220;Az\u0259rbaycanda r\u0259q\u0259msal iqtisadiyyat&#8221; D\u00f6vl\u0259t Proqram\u0131 haz\u0131rlanacaq. ARANTV.AZ\u00a0\u00a0Trend-\u0259 istinad\u0259n bildirir ki,\u00a0bu, Nazirl\u0259r Kabineti, Az\u0259rbaycan H\u0259mkarlar \u0130ttifaqlar\u0131 Konfederasiyas\u0131 v\u0259 Az\u0259rbaycan Respublikas\u0131 Sahibkarlar (\u0130\u015f\u0259g\u00f6t\u00fcr\u0259nl\u0259r) T\u0259\u015fkilatlar\u0131n\u0131n Milli Konfederasiyas\u0131 aras\u0131nda 2020-2022-ci ill\u0259r \u00fc\u00e7\u00fcn ba\u011flanm\u0131\u015f Ba\u015f Kollektiv Sazi\u015find\u0259 \u0259ksini tap\u0131b. Sazi\u015f\u0259 \u0259sas\u0259n, t\u0259r\u0259fl\u0259r &#8220;Az\u0259rbaycanda r\u0259q\u0259msal iqtisadiyyat&#8221; D\u00f6vl\u0259t Proqram\u0131n\u0131 haz\u0131rlay\u0131b q\u0259bul etm\u0259k \u00f6hd\u0259liyi g\u00f6t\u00fcr\u00fcbl\u0259r.","_links":{"self":[{"href":"https:\/\/arantv.az\/index.php?rest_route=\/wp\/v2\/posts\/145032"}],"collection":[{"href":"https:\/\/arantv.az\/index.php?rest_route=\/wp\/v2\/posts"}],"about":[{"href":"https:\/\/arantv.az\/index.php?rest_route=\/wp\/v2\/types\/post"}],"author":[{"embeddable":true,"href":"https:\/\/arantv.az\/index.php?rest_route=\/wp\/v2\/users\/2"}],"replies":[{"embeddable":true,"href":"https:\/\/arantv.az\/index.php?rest_route=%2Fwp%2Fv2%2Fcomments&post=145032"}],"version-history":[{"count":0,"href":"https:\/\/arantv.az\/index.php?rest_route=\/wp\/v2\/posts\/145032\/revisions"}],"wp:featuredmedia":[{"embeddable":true,"href":"https:\/\/arantv.az\/index.php?rest_route=\/wp\/v2\/media\/145033"}],"wp:attachment":[{"href":"https:\/\/arantv.az\/index.php?rest_route=%2Fwp%2Fv2%2Fmedia&parent=145032"}],"wp:term":[{"taxonomy":"category","embeddable":true,"href":"https:\/\/arantv.az\/index.php?rest_route=%2Fwp%2Fv2%2Fcategories&post=145032"},{"taxonomy":"post_tag","embeddable":true,"href":"https:\/\/arantv.az\/index.php?rest_route=%2Fwp%2Fv2%2Ftags&post=145032"}],"curies":[{"name":"wp","href":"https:\/\/api.w.org\/{rel}","templated":true}]}}