{"id":145036,"date":"2020-03-25T08:18:41","date_gmt":"2020-03-25T05:18:41","guid":{"rendered":"http:\/\/arantv.az\/?p=145036"},"modified":"2020-03-25T08:18:41","modified_gmt":"2020-03-25T05:18:41","slug":"az%c9%99rbaycanda-%c9%99rzaq-t%c9%99hluk%c9%99sizliyi-uzr%c9%99-ixtisaslasdirilmis-informasiya-v%c9%99-monitorinq-sistemi-yaradilacaq","status":"publish","type":"post","link":"https:\/\/arantv.az\/?p=145036","title":{"rendered":"Az\u0259rbaycanda \u0259rzaq t\u0259hl\u00fck\u0259sizliyi \u00fczr\u0259 ixtisasla\u015fd\u0131r\u0131lm\u0131\u015f informasiya v\u0259 monitorinq sistemi yarad\u0131lacaq"},"content":{"rendered":"<p>K\u0259nd t\u0259s\u0259rr\u00fcfat\u0131n\u0131n inki\u015faf\u0131 bax\u0131m\u0131ndan m\u00f6vcud qanunvericilik t\u0259kmill\u0259\u015fdiril\u0259c\u0259k, stimulla\u015fd\u0131rma mexanizml\u0259ri haz\u0131rlanacaq v\u0259 bu sah\u0259d\u0259 ictimai m\u0259lumatland\u0131rma t\u0259dbirl\u0259rini h\u0259yata ke\u00e7iril\u0259c\u0259k.<\/p>\n<p><strong>ARANTV.AZ\u00a0<\/strong>\u00a0<a href=\"http:\/\/az.trend.az\/\" target=\"_blank\" rel=\"noopener\">Trend<\/a>-\u0259 istinad\u0259n bildirir ki,\u00a0bu, Nazirl\u0259r Kabineti, Az\u0259rbaycan H\u0259mkarlar \u0130ttifaqlar\u0131 Konfederasiyas\u0131 v\u0259 Az\u0259rbaycan Respublikas\u0131 Sahibkarlar (\u0130\u015f\u0259g\u00f6t\u00fcr\u0259nl\u0259r) T\u0259\u015fkilatlar\u0131n\u0131n Milli Konfederasiyas\u0131 aras\u0131nda 2020-2022-ci ill\u0259r \u00fc\u00e7\u00fcn ba\u011flanm\u0131\u015f Ba\u015f Kollektiv Sazi\u015find\u0259 \u0259ksini tap\u0131b.<\/p>\n<p>Sazi\u015f\u0259 \u0259sas\u0259n, t\u0259r\u0259fl\u0259r \u0259rzaq t\u0259hl\u00fck\u0259sizliyi \u00fczr\u0259 ixtisasla\u015fd\u0131r\u0131lm\u0131\u015f informasiya v\u0259 monitorinq sistemini yaratmaq, \u0259rzaq t\u0259hl\u00fck\u0259sizliyi il\u0259 ba\u011fl\u0131 m\u0259lumatlar\u0131 toplamaq, vahid m\u0259lumat bazas\u0131nda sisteml\u0259\u015fdirilm\u0259sini t\u0259min etm\u0259k bar\u0259d\u0259 d\u0259 \u00f6hd\u0259lik g\u00f6t\u00fcr\u00fcbl\u0259r.<\/p>\n","protected":false},"excerpt":{"rendered":"<p>K\u0259nd t\u0259s\u0259rr\u00fcfat\u0131n\u0131n inki\u015faf\u0131 bax\u0131m\u0131ndan m\u00f6vcud qanunvericilik t\u0259kmill\u0259\u015fdiril\u0259c\u0259k, stimulla\u015fd\u0131rma mexanizml\u0259ri haz\u0131rlanacaq v\u0259 bu sah\u0259d\u0259 ictimai m\u0259lumatland\u0131rma t\u0259dbirl\u0259rini h\u0259yata ke\u00e7iril\u0259c\u0259k. ARANTV.AZ\u00a0\u00a0Trend-\u0259 istinad\u0259n bildirir ki,\u00a0bu, Nazirl\u0259r Kabineti, Az\u0259rbaycan H\u0259mkarlar \u0130ttifaqlar\u0131 Konfederasiyas\u0131 v\u0259 Az\u0259rbaycan Respublikas\u0131 Sahibkarlar (\u0130\u015f\u0259g\u00f6t\u00fcr\u0259nl\u0259r) T\u0259\u015fkilatlar\u0131n\u0131n Milli Konfederasiyas\u0131 aras\u0131nda 2020-2022-ci ill\u0259r \u00fc\u00e7\u00fcn ba\u011flanm\u0131\u015f Ba\u015f Kollektiv Sazi\u015find\u0259 \u0259ksini tap\u0131b. Sazi\u015f\u0259 \u0259sas\u0259n, t\u0259r\u0259fl\u0259r \u0259rzaq t\u0259hl\u00fck\u0259sizliyi \u00fczr\u0259 ixtisasla\u015fd\u0131r\u0131lm\u0131\u015f informasiya v\u0259 monitorinq sistemini yaratmaq, \u0259rzaq t\u0259hl\u00fck\u0259sizliyi il\u0259 ba\u011fl\u0131 m\u0259lumatlar\u0131 toplamaq, vahid m\u0259lumat bazas\u0131nda sisteml\u0259\u015fdirilm\u0259sini t\u0259min etm\u0259k bar\u0259d\u0259 d\u0259 \u00f6hd\u0259lik g\u00f6t\u00fcr\u00fcbl\u0259r.<\/p>\n","protected":false},"author":2,"featured_media":145037,"comment_status":"closed","ping_status":"closed","sticky":false,"template":"","format":"standard","meta":{"om_disable_all_campaigns":false,"_monsterinsights_skip_tracking":false,"_monsterinsights_sitenote_active":false,"_monsterinsights_sitenote_note":"","_monsterinsights_sitenote_category":0},"categories":[19],"tags":[],"aioseo_notices":[],"gutentor_comment":0,"rttpg_featured_image_url":{"full":["https:\/\/arantv.az\/wp-content\/uploads\/2020\/03\/market_232848687.jpg",800,600,false],"landscape":["https:\/\/arantv.az\/wp-content\/uploads\/2020\/03\/market_232848687.jpg",800,600,false],"portraits":["https:\/\/arantv.az\/wp-content\/uploads\/2020\/03\/market_232848687.jpg",800,600,false],"thumbnail":["https:\/\/arantv.az\/wp-content\/uploads\/2020\/03\/market_232848687-150x150.jpg",150,150,true],"medium":["https:\/\/arantv.az\/wp-content\/uploads\/2020\/03\/market_232848687-300x225.jpg",300,225,true],"large":["https:\/\/arantv.az\/wp-content\/uploads\/2020\/03\/market_232848687.jpg",640,480,false],"1536x1536":["https:\/\/arantv.az\/wp-content\/uploads\/2020\/03\/market_232848687.jpg",800,600,false],"2048x2048":["https:\/\/arantv.az\/wp-content\/uploads\/2020\/03\/market_232848687.jpg",800,600,false],"post-thumbnail":["https:\/\/arantv.az\/wp-content\/uploads\/2020\/03\/market_232848687-240x172.jpg",240,172,true],"advps-thumb-one":["https:\/\/arantv.az\/wp-content\/uploads\/2020\/03\/market_232848687.jpg",800,600,false]},"rttpg_author":{"display_name":"V\u00fcsal Rafiqo\u011flu","author_link":"https:\/\/arantv.az\/?author=2"},"rttpg_comment":0,"rttpg_category":"<a href=\"https:\/\/arantv.az\/?cat=19\" rel=\"category\">G\u00fcnd\u0259m<\/a>","rttpg_excerpt":"K\u0259nd t\u0259s\u0259rr\u00fcfat\u0131n\u0131n inki\u015faf\u0131 bax\u0131m\u0131ndan m\u00f6vcud qanunvericilik t\u0259kmill\u0259\u015fdiril\u0259c\u0259k, stimulla\u015fd\u0131rma mexanizml\u0259ri haz\u0131rlanacaq v\u0259 bu sah\u0259d\u0259 ictimai m\u0259lumatland\u0131rma t\u0259dbirl\u0259rini h\u0259yata ke\u00e7iril\u0259c\u0259k. ARANTV.AZ\u00a0\u00a0Trend-\u0259 istinad\u0259n bildirir ki,\u00a0bu, Nazirl\u0259r Kabineti, Az\u0259rbaycan H\u0259mkarlar \u0130ttifaqlar\u0131 Konfederasiyas\u0131 v\u0259 Az\u0259rbaycan Respublikas\u0131 Sahibkarlar (\u0130\u015f\u0259g\u00f6t\u00fcr\u0259nl\u0259r) T\u0259\u015fkilatlar\u0131n\u0131n Milli Konfederasiyas\u0131 aras\u0131nda 2020-2022-ci ill\u0259r \u00fc\u00e7\u00fcn ba\u011flanm\u0131\u015f Ba\u015f Kollektiv Sazi\u015find\u0259 \u0259ksini tap\u0131b. Sazi\u015f\u0259 \u0259sas\u0259n, t\u0259r\u0259fl\u0259r \u0259rzaq t\u0259hl\u00fck\u0259sizliyi \u00fczr\u0259 ixtisasla\u015fd\u0131r\u0131lm\u0131\u015f informasiya v\u0259&hellip;","_links":{"self":[{"href":"https:\/\/arantv.az\/index.php?rest_route=\/wp\/v2\/posts\/145036"}],"collection":[{"href":"https:\/\/arantv.az\/index.php?rest_route=\/wp\/v2\/posts"}],"about":[{"href":"https:\/\/arantv.az\/index.php?rest_route=\/wp\/v2\/types\/post"}],"author":[{"embeddable":true,"href":"https:\/\/arantv.az\/index.php?rest_route=\/wp\/v2\/users\/2"}],"replies":[{"embeddable":true,"href":"https:\/\/arantv.az\/index.php?rest_route=%2Fwp%2Fv2%2Fcomments&post=145036"}],"version-history":[{"count":0,"href":"https:\/\/arantv.az\/index.php?rest_route=\/wp\/v2\/posts\/145036\/revisions"}],"wp:featuredmedia":[{"embeddable":true,"href":"https:\/\/arantv.az\/index.php?rest_route=\/wp\/v2\/media\/145037"}],"wp:attachment":[{"href":"https:\/\/arantv.az\/index.php?rest_route=%2Fwp%2Fv2%2Fmedia&parent=145036"}],"wp:term":[{"taxonomy":"category","embeddable":true,"href":"https:\/\/arantv.az\/index.php?rest_route=%2Fwp%2Fv2%2Fcategories&post=145036"},{"taxonomy":"post_tag","embeddable":true,"href":"https:\/\/arantv.az\/index.php?rest_route=%2Fwp%2Fv2%2Ftags&post=145036"}],"curies":[{"name":"wp","href":"https:\/\/api.w.org\/{rel}","templated":true}]}}