{"id":145040,"date":"2020-03-25T08:20:14","date_gmt":"2020-03-25T05:20:14","guid":{"rendered":"http:\/\/arantv.az\/?p=145040"},"modified":"2020-03-25T08:20:14","modified_gmt":"2020-03-25T05:20:14","slug":"az%c9%99rbaycan-prezidenti-yasli-n%c9%99slin-numay%c9%99nd%c9%99l%c9%99rini-ozunuzu-usaqlarinizi-qoruyun","status":"publish","type":"post","link":"https:\/\/arantv.az\/?p=145040","title":{"rendered":"Az\u0259rbaycan Prezidenti: Ya\u015fl\u0131 n\u0259slin n\u00fcmay\u0259nd\u0259l\u0259rini, \u00f6z\u00fcn\u00fcz\u00fc, u\u015faqlar\u0131n\u0131z\u0131 qoruyun"},"content":{"rendered":"<p>Ya\u015fl\u0131 n\u0259slin n\u00fcmay\u0259nd\u0259l\u0259rini, \u00f6z\u00fcn\u00fcz\u00fc, u\u015faqlar\u0131n\u0131z\u0131 qoruyun.<\/p>\n<p><strong>ARANTV.AZ\u00a0<\/strong>\u00a0<a href=\"http:\/\/azertag.az\/\" target=\"_blank\" rel=\"noopener\">AZ\u018fRTAC<\/a>-a istinad\u0259n bildirir ki,\u00a0bunu Az\u0259rbaycan Prezidenti \u0130lham \u018fliyev mart\u0131n 24-d\u0259 M\u0259nzil \u0130n\u015faat\u0131 D\u00f6vl\u0259t Agentliyinin ikinci layih\u0259si olan H\u00f6vsan ya\u015fay\u0131\u015f kompleksi il\u0259 tan\u0131\u015fl\u0131qdan sonra Az\u0259rbaycan Televiziyas\u0131na m\u00fcsahib\u0259sind\u0259 deyib.<\/p>\n<p>D\u00f6vl\u0259t ba\u015f\u00e7\u0131s\u0131 bildirib:<\/p>\n<p>&#8220;Hesab edir\u0259m ki, mart\u0131n 14-d\u0259 v\u0259 d\u00fcn\u0259n elan edilmi\u015f \u0259lav\u0259 m\u0259hdudla\u015fd\u0131r\u0131c\u0131 t\u0259dbirl\u0259r vaxt\u0131nda at\u0131lm\u0131\u015f add\u0131mlard\u0131r. \u00c7\u00fcnki biz add\u0131mlar\u0131m\u0131z\u0131 yaranm\u0131\u015f v\u0259ziyy\u0259t\u0259 uy\u011fun at\u0131r\u0131q. Eyni zamanda, biz v\u0259ziyy\u0259tin m\u0259nfi istiqam\u0259td\u0259 inki\u015faf\u0131n\u0131n qar\u015f\u0131s\u0131n\u0131n al\u0131nmas\u0131 \u00fc\u00e7\u00fcn d\u0259 bu qabaqlay\u0131c\u0131 t\u0259dbirl\u0259ri g\u00f6rm\u0259kl\u0259 \u00f6z\u00fcm\u00fcz\u00fc qoruyuruq. Biz d\u00f6vl\u0259timizi, xalq\u0131m\u0131z\u0131, insanlar\u0131m\u0131z\u0131, x\u00fcsusil\u0259 ya\u015fl\u0131 insanlar\u0131 qorumal\u0131y\u0131q. Onlar\u0131n da h\u0259r\u0259k\u0259tl\u0259rin\u0259 m\u00fc\u0259yy\u0259n m\u0259hdudiyy\u0259t qoyulubdur. Hesab edir\u0259m ki, bu da anla\u015f\u0131lan m\u0259s\u0259l\u0259dir. \u00c7\u00fcnki \u0259n riskli qrup ya\u015fl\u0131 insanlard\u0131r.<\/p>\n<p>Ya\u015fl\u0131 t\u0259nha insanlar\u0131n t\u0259minat\u0131n\u0131 t\u0259chiz etm\u0259k \u00fc\u00e7\u00fcn m\u0259nim g\u00f6st\u0259ri\u015fiml\u0259 sosial i\u015f\u00e7il\u0259rin s\u0259f\u0259rb\u0259rliyi n\u0259z\u0259rd\u0259 tutulur v\u0259 onlar bu i\u015fi g\u00f6r\u0259c\u0259kl\u0259r. Eyni zamanda, f\u00fcrs\u0259td\u0259n istifad\u0259 ed\u0259r\u0259k \u00e7oxminli k\u00f6n\u00fcll\u00fcl\u0259r ordusuna da m\u00fcraci\u0259t etm\u0259k ist\u0259yir\u0259m. Hesab edir\u0259m ki, bizim k\u00f6n\u00fcll\u00fcl\u0259rimiz d\u0259 bu i\u015fl\u0259r\u0259 qo\u015fulmal\u0131d\u0131rlar, Operativ Q\u0259rargahla t\u0259mas saxlamal\u0131, \u018fm\u0259k v\u0259 \u018fhalinin Sosial M\u00fcdafi\u0259si Nazirliyi il\u0259 \u0259laq\u0259d\u0259 olmal\u0131d\u0131rlar. H\u0259r halda, nazirliy\u0259 d\u0259 g\u00f6st\u0259ri\u015f verilib ki, ya\u015fl\u0131 insanlara onlar\u0131n ya\u015fad\u0131qlar\u0131 yerl\u0259rd\u0259 xidm\u0259tl\u0259r g\u00f6st\u0259rilsin, &#8211; ist\u0259r d\u0259rman preparatlar\u0131 olsun, ist\u0259rs\u0259 d\u0259 \u0259rzaq, &#8211; biz t\u0259nha v\u0259ziyy\u0259td\u0259 ya\u015fayan ya\u015fl\u0131 insanlar\u0131 qoruyaq.<\/p>\n<p>Hesab edir\u0259m ki, xalq\u0131m\u0131z\u0131n ad\u0259t-\u0259n\u0259n\u0259l\u0259ri, milli d\u0259y\u0259rl\u0259ri, biz\u0259 bu virusla m\u00fcbariz\u0259d\u0259 k\u00f6m\u0259k ed\u0259c\u0259k. \u00c7\u00fcnki ya\u015fl\u0131 insanlara h\u0259mi\u015f\u0259 b\u00f6y\u00fck h\u00f6rm\u0259t g\u00f6st\u0259rilir. Ya\u015fl\u0131 insanlar nadir hallarda t\u0259nha ya\u015fay\u0131rlar. Az\u0259rbaycanda bel\u0259 insanlar\u0131n say\u0131 \u00e7ox deyil, t\u0259qrib\u0259n bir ne\u00e7\u0259 min n\u0259f\u0259rdir. Ancaq onlar\u0131n da t\u0259minat\u0131 n\u0259z\u0259rd\u0259 tutulacaqd\u0131r&#8221;.<\/p>\n","protected":false},"excerpt":{"rendered":"<p>Ya\u015fl\u0131 n\u0259slin n\u00fcmay\u0259nd\u0259l\u0259rini, \u00f6z\u00fcn\u00fcz\u00fc, u\u015faqlar\u0131n\u0131z\u0131 qoruyun. ARANTV.AZ\u00a0\u00a0AZ\u018fRTAC-a istinad\u0259n bildirir ki,\u00a0bunu Az\u0259rbaycan Prezidenti \u0130lham \u018fliyev mart\u0131n 24-d\u0259 M\u0259nzil \u0130n\u015faat\u0131 D\u00f6vl\u0259t Agentliyinin ikinci layih\u0259si olan H\u00f6vsan ya\u015fay\u0131\u015f kompleksi il\u0259 tan\u0131\u015fl\u0131qdan sonra Az\u0259rbaycan Televiziyas\u0131na m\u00fcsahib\u0259sind\u0259 deyib. D\u00f6vl\u0259t ba\u015f\u00e7\u0131s\u0131 bildirib: &#8220;Hesab edir\u0259m ki, mart\u0131n 14-d\u0259 v\u0259 d\u00fcn\u0259n elan edilmi\u015f \u0259lav\u0259 m\u0259hdudla\u015fd\u0131r\u0131c\u0131 t\u0259dbirl\u0259r vaxt\u0131nda at\u0131lm\u0131\u015f add\u0131mlard\u0131r. \u00c7\u00fcnki biz add\u0131mlar\u0131m\u0131z\u0131 yaranm\u0131\u015f v\u0259ziyy\u0259t\u0259 uy\u011fun at\u0131r\u0131q. Eyni zamanda, biz v\u0259ziyy\u0259tin m\u0259nfi istiqam\u0259td\u0259 inki\u015faf\u0131n\u0131n qar\u015f\u0131s\u0131n\u0131n al\u0131nmas\u0131 \u00fc\u00e7\u00fcn d\u0259 bu qabaqlay\u0131c\u0131 t\u0259dbirl\u0259ri g\u00f6rm\u0259kl\u0259 \u00f6z\u00fcm\u00fcz\u00fc qoruyuruq. Biz d\u00f6vl\u0259timizi, xalq\u0131m\u0131z\u0131, insanlar\u0131m\u0131z\u0131, x\u00fcsusil\u0259 ya\u015fl\u0131 insanlar\u0131 qorumal\u0131y\u0131q. Onlar\u0131n da h\u0259r\u0259k\u0259tl\u0259rin\u0259 m\u00fc\u0259yy\u0259n m\u0259hdudiyy\u0259t qoyulubdur. Hesab&hellip;<\/p>\n","protected":false},"author":2,"featured_media":145041,"comment_status":"closed","ping_status":"closed","sticky":false,"template":"","format":"standard","meta":{"om_disable_all_campaigns":false,"_monsterinsights_skip_tracking":false,"_monsterinsights_sitenote_active":false,"_monsterinsights_sitenote_note":"","_monsterinsights_sitenote_category":0},"categories":[4],"tags":[],"aioseo_notices":[],"gutentor_comment":0,"rttpg_featured_image_url":{"full":["https:\/\/arantv.az\/wp-content\/uploads\/2020\/03\/prezident_28737576.jpg",800,600,false],"landscape":["https:\/\/arantv.az\/wp-content\/uploads\/2020\/03\/prezident_28737576.jpg",800,600,false],"portraits":["https:\/\/arantv.az\/wp-content\/uploads\/2020\/03\/prezident_28737576.jpg",800,600,false],"thumbnail":["https:\/\/arantv.az\/wp-content\/uploads\/2020\/03\/prezident_28737576-150x150.jpg",150,150,true],"medium":["https:\/\/arantv.az\/wp-content\/uploads\/2020\/03\/prezident_28737576-300x225.jpg",300,225,true],"large":["https:\/\/arantv.az\/wp-content\/uploads\/2020\/03\/prezident_28737576.jpg",640,480,false],"1536x1536":["https:\/\/arantv.az\/wp-content\/uploads\/2020\/03\/prezident_28737576.jpg",800,600,false],"2048x2048":["https:\/\/arantv.az\/wp-content\/uploads\/2020\/03\/prezident_28737576.jpg",800,600,false],"post-thumbnail":["https:\/\/arantv.az\/wp-content\/uploads\/2020\/03\/prezident_28737576-240x172.jpg",240,172,true],"advps-thumb-one":["https:\/\/arantv.az\/wp-content\/uploads\/2020\/03\/prezident_28737576.jpg",800,600,false]},"rttpg_author":{"display_name":"V\u00fcsal Rafiqo\u011flu","author_link":"https:\/\/arantv.az\/?author=2"},"rttpg_comment":0,"rttpg_category":"<a href=\"https:\/\/arantv.az\/?cat=4\" rel=\"category\">Siyas\u0259t<\/a>","rttpg_excerpt":"Ya\u015fl\u0131 n\u0259slin n\u00fcmay\u0259nd\u0259l\u0259rini, \u00f6z\u00fcn\u00fcz\u00fc, u\u015faqlar\u0131n\u0131z\u0131 qoruyun. ARANTV.AZ\u00a0\u00a0AZ\u018fRTAC-a istinad\u0259n bildirir ki,\u00a0bunu Az\u0259rbaycan Prezidenti \u0130lham \u018fliyev mart\u0131n 24-d\u0259 M\u0259nzil \u0130n\u015faat\u0131 D\u00f6vl\u0259t Agentliyinin ikinci layih\u0259si olan H\u00f6vsan ya\u015fay\u0131\u015f kompleksi il\u0259 tan\u0131\u015fl\u0131qdan sonra Az\u0259rbaycan Televiziyas\u0131na m\u00fcsahib\u0259sind\u0259 deyib. D\u00f6vl\u0259t ba\u015f\u00e7\u0131s\u0131 bildirib: &#8220;Hesab edir\u0259m ki, mart\u0131n 14-d\u0259 v\u0259 d\u00fcn\u0259n elan edilmi\u015f \u0259lav\u0259 m\u0259hdudla\u015fd\u0131r\u0131c\u0131 t\u0259dbirl\u0259r vaxt\u0131nda at\u0131lm\u0131\u015f add\u0131mlard\u0131r. \u00c7\u00fcnki biz add\u0131mlar\u0131m\u0131z\u0131 yaranm\u0131\u015f&hellip;","_links":{"self":[{"href":"https:\/\/arantv.az\/index.php?rest_route=\/wp\/v2\/posts\/145040"}],"collection":[{"href":"https:\/\/arantv.az\/index.php?rest_route=\/wp\/v2\/posts"}],"about":[{"href":"https:\/\/arantv.az\/index.php?rest_route=\/wp\/v2\/types\/post"}],"author":[{"embeddable":true,"href":"https:\/\/arantv.az\/index.php?rest_route=\/wp\/v2\/users\/2"}],"replies":[{"embeddable":true,"href":"https:\/\/arantv.az\/index.php?rest_route=%2Fwp%2Fv2%2Fcomments&post=145040"}],"version-history":[{"count":0,"href":"https:\/\/arantv.az\/index.php?rest_route=\/wp\/v2\/posts\/145040\/revisions"}],"wp:featuredmedia":[{"embeddable":true,"href":"https:\/\/arantv.az\/index.php?rest_route=\/wp\/v2\/media\/145041"}],"wp:attachment":[{"href":"https:\/\/arantv.az\/index.php?rest_route=%2Fwp%2Fv2%2Fmedia&parent=145040"}],"wp:term":[{"taxonomy":"category","embeddable":true,"href":"https:\/\/arantv.az\/index.php?rest_route=%2Fwp%2Fv2%2Fcategories&post=145040"},{"taxonomy":"post_tag","embeddable":true,"href":"https:\/\/arantv.az\/index.php?rest_route=%2Fwp%2Fv2%2Ftags&post=145040"}],"curies":[{"name":"wp","href":"https:\/\/api.w.org\/{rel}","templated":true}]}}