{"id":145048,"date":"2020-03-25T08:22:43","date_gmt":"2020-03-25T05:22:43","guid":{"rendered":"http:\/\/arantv.az\/?p=145048"},"modified":"2020-03-25T08:22:43","modified_gmt":"2020-03-25T05:22:43","slug":"oqtay-sir%c9%99liyev-lazim-olsa-x%c9%99st%c9%99xanalar-%c9%99lav%c9%99-carpayi-v%c9%99-tibbi-avadanliqlarla-t%c9%99chiz-edil%c9%99c%c9%99k","status":"publish","type":"post","link":"https:\/\/arantv.az\/?p=145048","title":{"rendered":"Oqtay \u015eir\u0259liyev: Laz\u0131m olsa, x\u0259st\u0259xanalar \u0259lav\u0259 \u00e7arpay\u0131 v\u0259 tibbi avadanl\u0131qlarla t\u0259chiz edil\u0259c\u0259k"},"content":{"rendered":"<p>\u018fg\u0259r laz\u0131m olsa, x\u0259st\u0259xanalar \u0259lav\u0259 \u00e7arpay\u0131 v\u0259 tibbi avadanl\u0131qlarla t\u0259chiz edil\u0259c\u0259k. H\u0259l\u0259 ki Az\u0259rbaycanda v\u0259ziyy\u0259t dig\u0259r \u00f6lk\u0259l\u0259rd\u0259ki h\u0259dd\u0259 deyil. Biz \u00e7al\u0131\u015faca\u011f\u0131q ki, Az\u0259rbaycanda bu c\u00fcr v\u0259ziyy\u0259t yaranmas\u0131n. Amma laz\u0131m olsa biz x\u0259st\u0259xanalarda g\u00fccl\u0259ndirilmi\u015f rejim\u0259 d\u0259 ke\u00e7\u0259 bil\u0259rik.<\/p>\n<p><strong>ARANTV.AZ<\/strong>\u00a0\u00a0<a href=\"http:\/\/az.trend.az\/\" target=\"_blank\" rel=\"noopener\">Trend<\/a>-\u0259 istinad\u0259n bildirir ki,\u00a0bunu S\u0259hiyy\u0259 naziri Oqtay \u015eir\u0259liyev AzTV-nin &#8220;H\u0259d\u0259f&#8221; proqram\u0131nda deyib.<\/p>\n<p>Nazirin s\u00f6zl\u0259rin\u0259 g\u00f6r\u0259, b\u00fct\u00fcn d\u00f6vl\u0259t qurumlar\u0131n\u0131n r\u0259hb\u0259rl\u0259ri, nazirlikl\u0259r bu t\u0259dbirl\u0259r\u0259 c\u0259lb olunub:<\/p>\n<p>&#8220;Haz\u0131rda laz\u0131mi q\u0259d\u0259r briqadalar yarad\u0131l\u0131b. H\u0259r sah\u0259d\u0259 ehtiyat t\u0259dbirl\u0259ri n\u0259z\u0259rd\u0259 tutulub. A v\u0259 B planlar\u0131 haz\u0131rlan\u0131b. H\u0259tta ehtiyat x\u0259st\u0259xanalar da var. Bir s\u00f6zl\u0259,h\u0259r \u015fey\u0259 haz\u0131r\u0131q. Amma \u00e7al\u0131\u015f\u0131r\u0131q ki, bizd\u0259 v\u0259ziyy\u0259t dig\u0259r \u00f6lk\u0259l\u0259rd\u0259ki s\u0259viyy\u0259y\u0259 \u00e7atmas\u0131n&#8221;.<\/p>\n<p>S\u0259hiyy\u0259 naziri \u00dcmumd\u00fcnya S\u0259hiyy\u0259 T\u0259\u015fkilat\u0131 n\u00fcmay\u0259nd\u0259l\u0259rinin Az\u0259rbaycana s\u0259f\u0259rind\u0259n d\u0259 dan\u0131\u015f\u0131b: &#8220;Onlar g\u0259lib g\u00f6rd\u00fcl\u0259r ki, bizd\u0259 art\u0131q qabaqlay\u0131c\u0131 t\u0259dbirl\u0259r y\u00fcks\u0259k s\u0259viyy\u0259d\u0259 t\u0259\u015fkil olunub v\u0259 v\u0259ziyy\u0259t pis deyil&#8221;.<\/p>\n","protected":false},"excerpt":{"rendered":"<p>\u018fg\u0259r laz\u0131m olsa, x\u0259st\u0259xanalar \u0259lav\u0259 \u00e7arpay\u0131 v\u0259 tibbi avadanl\u0131qlarla t\u0259chiz edil\u0259c\u0259k. H\u0259l\u0259 ki Az\u0259rbaycanda v\u0259ziyy\u0259t dig\u0259r \u00f6lk\u0259l\u0259rd\u0259ki h\u0259dd\u0259 deyil. Biz \u00e7al\u0131\u015faca\u011f\u0131q ki, Az\u0259rbaycanda bu c\u00fcr v\u0259ziyy\u0259t yaranmas\u0131n. Amma laz\u0131m olsa biz x\u0259st\u0259xanalarda g\u00fccl\u0259ndirilmi\u015f rejim\u0259 d\u0259 ke\u00e7\u0259 bil\u0259rik. ARANTV.AZ\u00a0\u00a0Trend-\u0259 istinad\u0259n bildirir ki,\u00a0bunu S\u0259hiyy\u0259 naziri Oqtay \u015eir\u0259liyev AzTV-nin &#8220;H\u0259d\u0259f&#8221; proqram\u0131nda deyib. Nazirin s\u00f6zl\u0259rin\u0259 g\u00f6r\u0259, b\u00fct\u00fcn d\u00f6vl\u0259t qurumlar\u0131n\u0131n r\u0259hb\u0259rl\u0259ri, nazirlikl\u0259r bu t\u0259dbirl\u0259r\u0259 c\u0259lb olunub: &#8220;Haz\u0131rda laz\u0131mi q\u0259d\u0259r briqadalar yarad\u0131l\u0131b. H\u0259r sah\u0259d\u0259 ehtiyat t\u0259dbirl\u0259ri n\u0259z\u0259rd\u0259 tutulub. A v\u0259 B planlar\u0131 haz\u0131rlan\u0131b. H\u0259tta ehtiyat x\u0259st\u0259xanalar da var. Bir s\u00f6zl\u0259,h\u0259r \u015fey\u0259 haz\u0131r\u0131q. Amma \u00e7al\u0131\u015f\u0131r\u0131q ki, bizd\u0259&hellip;<\/p>\n","protected":false},"author":2,"featured_media":145049,"comment_status":"closed","ping_status":"closed","sticky":false,"template":"","format":"standard","meta":{"om_disable_all_campaigns":false,"_monsterinsights_skip_tracking":false,"_monsterinsights_sitenote_active":false,"_monsterinsights_sitenote_note":"","_monsterinsights_sitenote_category":0},"categories":[1],"tags":[],"aioseo_notices":[],"gutentor_comment":0,"rttpg_featured_image_url":{"full":["https:\/\/arantv.az\/wp-content\/uploads\/2020\/03\/378495-6-7.jpg",800,600,false],"landscape":["https:\/\/arantv.az\/wp-content\/uploads\/2020\/03\/378495-6-7.jpg",800,600,false],"portraits":["https:\/\/arantv.az\/wp-content\/uploads\/2020\/03\/378495-6-7.jpg",800,600,false],"thumbnail":["https:\/\/arantv.az\/wp-content\/uploads\/2020\/03\/378495-6-7-150x150.jpg",150,150,true],"medium":["https:\/\/arantv.az\/wp-content\/uploads\/2020\/03\/378495-6-7-300x225.jpg",300,225,true],"large":["https:\/\/arantv.az\/wp-content\/uploads\/2020\/03\/378495-6-7.jpg",640,480,false],"1536x1536":["https:\/\/arantv.az\/wp-content\/uploads\/2020\/03\/378495-6-7.jpg",800,600,false],"2048x2048":["https:\/\/arantv.az\/wp-content\/uploads\/2020\/03\/378495-6-7.jpg",800,600,false],"post-thumbnail":["https:\/\/arantv.az\/wp-content\/uploads\/2020\/03\/378495-6-7-240x172.jpg",240,172,true],"advps-thumb-one":["https:\/\/arantv.az\/wp-content\/uploads\/2020\/03\/378495-6-7.jpg",800,600,false]},"rttpg_author":{"display_name":"V\u00fcsal Rafiqo\u011flu","author_link":"https:\/\/arantv.az\/?author=2"},"rttpg_comment":0,"rttpg_category":"<a href=\"https:\/\/arantv.az\/?cat=1\" rel=\"category\">C\u0259miyy\u0259t<\/a>","rttpg_excerpt":"\u018fg\u0259r laz\u0131m olsa, x\u0259st\u0259xanalar \u0259lav\u0259 \u00e7arpay\u0131 v\u0259 tibbi avadanl\u0131qlarla t\u0259chiz edil\u0259c\u0259k. H\u0259l\u0259 ki Az\u0259rbaycanda v\u0259ziyy\u0259t dig\u0259r \u00f6lk\u0259l\u0259rd\u0259ki h\u0259dd\u0259 deyil. Biz \u00e7al\u0131\u015faca\u011f\u0131q ki, Az\u0259rbaycanda bu c\u00fcr v\u0259ziyy\u0259t yaranmas\u0131n. Amma laz\u0131m olsa biz x\u0259st\u0259xanalarda g\u00fccl\u0259ndirilmi\u015f rejim\u0259 d\u0259 ke\u00e7\u0259 bil\u0259rik. ARANTV.AZ\u00a0\u00a0Trend-\u0259 istinad\u0259n bildirir ki,\u00a0bunu S\u0259hiyy\u0259 naziri Oqtay \u015eir\u0259liyev AzTV-nin &#8220;H\u0259d\u0259f&#8221; proqram\u0131nda deyib. Nazirin s\u00f6zl\u0259rin\u0259 g\u00f6r\u0259, b\u00fct\u00fcn d\u00f6vl\u0259t qurumlar\u0131n\u0131n&hellip;","_links":{"self":[{"href":"https:\/\/arantv.az\/index.php?rest_route=\/wp\/v2\/posts\/145048"}],"collection":[{"href":"https:\/\/arantv.az\/index.php?rest_route=\/wp\/v2\/posts"}],"about":[{"href":"https:\/\/arantv.az\/index.php?rest_route=\/wp\/v2\/types\/post"}],"author":[{"embeddable":true,"href":"https:\/\/arantv.az\/index.php?rest_route=\/wp\/v2\/users\/2"}],"replies":[{"embeddable":true,"href":"https:\/\/arantv.az\/index.php?rest_route=%2Fwp%2Fv2%2Fcomments&post=145048"}],"version-history":[{"count":0,"href":"https:\/\/arantv.az\/index.php?rest_route=\/wp\/v2\/posts\/145048\/revisions"}],"wp:featuredmedia":[{"embeddable":true,"href":"https:\/\/arantv.az\/index.php?rest_route=\/wp\/v2\/media\/145049"}],"wp:attachment":[{"href":"https:\/\/arantv.az\/index.php?rest_route=%2Fwp%2Fv2%2Fmedia&parent=145048"}],"wp:term":[{"taxonomy":"category","embeddable":true,"href":"https:\/\/arantv.az\/index.php?rest_route=%2Fwp%2Fv2%2Fcategories&post=145048"},{"taxonomy":"post_tag","embeddable":true,"href":"https:\/\/arantv.az\/index.php?rest_route=%2Fwp%2Fv2%2Ftags&post=145048"}],"curies":[{"name":"wp","href":"https:\/\/api.w.org\/{rel}","templated":true}]}}