{"id":145052,"date":"2020-03-25T08:23:39","date_gmt":"2020-03-25T05:23:39","guid":{"rendered":"http:\/\/arantv.az\/?p=145052"},"modified":"2020-03-25T08:23:39","modified_gmt":"2020-03-25T05:23:39","slug":"az%c9%99rbaycanin-dig%c9%99r-bolg%c9%99l%c9%99rind%c9%99n-v%c9%99t%c9%99ndaslarin-naxcivana-g%c9%99lisin%c9%99-qadaga-qoyulub","status":"publish","type":"post","link":"https:\/\/arantv.az\/?p=145052","title":{"rendered":"Az\u0259rbaycan\u0131n dig\u0259r b\u00f6lg\u0259l\u0259rind\u0259n v\u0259t\u0259nda\u015flar\u0131n Nax\u00e7\u0131vana g\u0259li\u015fin\u0259 qada\u011fa qoyulub"},"content":{"rendered":"<p>Nax\u00e7\u0131van Muxtar Respublikas\u0131na t\u0259yyar\u0259 u\u00e7u\u015flar\u0131 dayand\u0131r\u0131ld\u0131\u011f\u0131ndan Nax\u00e7\u0131van Muxtar Respublikas\u0131 D\u00f6vl\u0259t G\u00f6mr\u00fck Komit\u0259sin\u0259 S\u0259d\u0259r\u0259k g\u00f6mr\u00fck ke\u00e7id m\u0259nt\u0259q\u0259sind\u0259n ke\u00e7m\u0259kl\u0259 Nax\u00e7\u0131van Beyn\u0259lxalq Hava Liman\u0131ndan Bak\u0131 \u015f\u0259h\u0259rin\u0259 yola sal\u0131nan Az\u0259rbaycan Respublikas\u0131 v\u0259t\u0259nda\u015flar\u0131n\u0131n (\u00f6lk\u0259mizin dig\u0259r b\u00f6lg\u0259l\u0259rind\u0259n olanlar) ke\u00e7idini dayand\u0131rmaq tap\u015f\u0131r\u0131l\u0131b.<\/p>\n<p><strong>ARANTV.AZ\u00a0<\/strong>\u00a0<a href=\"http:\/\/az.trend.az\/\" target=\"_blank\" rel=\"noopener\">Trend<\/a>-\u0259 istinad\u0259n bildirir ki,\u00a0bu bar\u0259d\u0259 bu g\u00fcn d\u00fcnyada pandemiya elan olunan virusun muxtar respublika \u0259razisind\u0259 yay\u0131lmas\u0131n\u0131n qar\u015f\u0131s\u0131n\u0131n al\u0131nmas\u0131 il\u0259 ba\u011fl\u0131 t\u0259dbirl\u0259r\u0259 h\u0259sr olunan m\u00fc\u015favir\u0259d\u0259 q\u0259rar q\u0259bul edilib.<\/p>\n<p>Eyni zamanda Nax\u00e7\u0131van Muxtar Respublikas\u0131 D\u00f6vl\u0259t Miqrasiya Xidm\u0259ti v\u0259 Xarici \u0130\u015fl\u0259r Nazirliyinin Nax\u00e7\u0131van Muxtar Respublikas\u0131ndak\u0131 \u0130dar\u0259si il\u0259 birlikd\u0259 is\u0259 b\u00fct\u00fcn xarici \u00f6lk\u0259 v\u0259t\u0259nda\u015flar\u0131n\u0131n muxtar respublikaya g\u0259li\u015fini dayand\u0131rmaq, h\u0259m\u00e7inin muxtar respublika \u0259razisin\u0259 b\u00fct\u00fcn n\u0259qliyyat vasit\u0259l\u0259rinin giri\u015f-\u00e7\u0131x\u0131\u015f\u0131n\u0131n dayand\u0131r\u0131lmas\u0131, yaln\u0131z tranzit y\u00fckl\u0259rin da\u015f\u0131nmas\u0131na icaz\u0259 verilm\u0259si, tranzit y\u00fck ma\u015f\u0131nlar\u0131n\u0131n dezinfeksiya edilm\u0259si, ki\u00e7ik h\u0259cmli y\u00fckl\u0259rin s\u0259rh\u0259d g\u00f6mr\u00fck anbarlar\u0131nda bo\u015fald\u0131lmas\u0131, s\u00fcr\u00fcc\u00fcl\u0259rin m\u00fct\u0259madi yoxlan\u0131lmas\u0131 v\u0259 onlar\u0131n h\u0259r\u0259k\u0259t qrafikin\u0259 n\u0259zar\u0259t edilm\u0259si tap\u015f\u0131r\u0131l\u0131b.<\/p>\n<p>Beyn\u0259lxalq Hava Liman\u0131ndan muxtar respublikaya g\u0259l\u0259n v\u0259 ged\u0259n v\u0259t\u0259nda\u015flar ciddi \u015f\u0259kild\u0259 yoxlan\u0131lmal\u0131, S\u0259hiyy\u0259 Nazirliyi v\u0259 D\u00f6vl\u0259t G\u00f6mr\u00fck Komit\u0259si bununla ba\u011fl\u0131 Hava Liman\u0131na z\u0259ruri k\u00f6m\u0259klik g\u00f6st\u0259rm\u0259lidir.<\/p>\n","protected":false},"excerpt":{"rendered":"<p>Nax\u00e7\u0131van Muxtar Respublikas\u0131na t\u0259yyar\u0259 u\u00e7u\u015flar\u0131 dayand\u0131r\u0131ld\u0131\u011f\u0131ndan Nax\u00e7\u0131van Muxtar Respublikas\u0131 D\u00f6vl\u0259t G\u00f6mr\u00fck Komit\u0259sin\u0259 S\u0259d\u0259r\u0259k g\u00f6mr\u00fck ke\u00e7id m\u0259nt\u0259q\u0259sind\u0259n ke\u00e7m\u0259kl\u0259 Nax\u00e7\u0131van Beyn\u0259lxalq Hava Liman\u0131ndan Bak\u0131 \u015f\u0259h\u0259rin\u0259 yola sal\u0131nan Az\u0259rbaycan Respublikas\u0131 v\u0259t\u0259nda\u015flar\u0131n\u0131n (\u00f6lk\u0259mizin dig\u0259r b\u00f6lg\u0259l\u0259rind\u0259n olanlar) ke\u00e7idini dayand\u0131rmaq tap\u015f\u0131r\u0131l\u0131b. ARANTV.AZ\u00a0\u00a0Trend-\u0259 istinad\u0259n bildirir ki,\u00a0bu bar\u0259d\u0259 bu g\u00fcn d\u00fcnyada pandemiya elan olunan virusun muxtar respublika \u0259razisind\u0259 yay\u0131lmas\u0131n\u0131n qar\u015f\u0131s\u0131n\u0131n al\u0131nmas\u0131 il\u0259 ba\u011fl\u0131 t\u0259dbirl\u0259r\u0259 h\u0259sr olunan m\u00fc\u015favir\u0259d\u0259 q\u0259rar q\u0259bul edilib. Eyni zamanda Nax\u00e7\u0131van Muxtar Respublikas\u0131 D\u00f6vl\u0259t Miqrasiya Xidm\u0259ti v\u0259 Xarici \u0130\u015fl\u0259r Nazirliyinin Nax\u00e7\u0131van Muxtar Respublikas\u0131ndak\u0131 \u0130dar\u0259si il\u0259 birlikd\u0259 is\u0259 b\u00fct\u00fcn xarici \u00f6lk\u0259 v\u0259t\u0259nda\u015flar\u0131n\u0131n muxtar respublikaya g\u0259li\u015fini dayand\u0131rmaq, h\u0259m\u00e7inin&hellip;<\/p>\n","protected":false},"author":2,"featured_media":145053,"comment_status":"closed","ping_status":"closed","sticky":false,"template":"","format":"standard","meta":{"om_disable_all_campaigns":false,"_monsterinsights_skip_tracking":false,"_monsterinsights_sitenote_active":false,"_monsterinsights_sitenote_note":"","_monsterinsights_sitenote_category":0},"categories":[1],"tags":[],"aioseo_notices":[],"gutentor_comment":0,"rttpg_featured_image_url":{"full":["https:\/\/arantv.az\/wp-content\/uploads\/2020\/03\/zal_3845868.jpg",800,600,false],"landscape":["https:\/\/arantv.az\/wp-content\/uploads\/2020\/03\/zal_3845868.jpg",800,600,false],"portraits":["https:\/\/arantv.az\/wp-content\/uploads\/2020\/03\/zal_3845868.jpg",800,600,false],"thumbnail":["https:\/\/arantv.az\/wp-content\/uploads\/2020\/03\/zal_3845868-150x150.jpg",150,150,true],"medium":["https:\/\/arantv.az\/wp-content\/uploads\/2020\/03\/zal_3845868-300x225.jpg",300,225,true],"large":["https:\/\/arantv.az\/wp-content\/uploads\/2020\/03\/zal_3845868.jpg",640,480,false],"1536x1536":["https:\/\/arantv.az\/wp-content\/uploads\/2020\/03\/zal_3845868.jpg",800,600,false],"2048x2048":["https:\/\/arantv.az\/wp-content\/uploads\/2020\/03\/zal_3845868.jpg",800,600,false],"post-thumbnail":["https:\/\/arantv.az\/wp-content\/uploads\/2020\/03\/zal_3845868-240x172.jpg",240,172,true],"advps-thumb-one":["https:\/\/arantv.az\/wp-content\/uploads\/2020\/03\/zal_3845868.jpg",800,600,false]},"rttpg_author":{"display_name":"V\u00fcsal Rafiqo\u011flu","author_link":"https:\/\/arantv.az\/?author=2"},"rttpg_comment":0,"rttpg_category":"<a href=\"https:\/\/arantv.az\/?cat=1\" rel=\"category\">C\u0259miyy\u0259t<\/a>","rttpg_excerpt":"Nax\u00e7\u0131van Muxtar Respublikas\u0131na t\u0259yyar\u0259 u\u00e7u\u015flar\u0131 dayand\u0131r\u0131ld\u0131\u011f\u0131ndan Nax\u00e7\u0131van Muxtar Respublikas\u0131 D\u00f6vl\u0259t G\u00f6mr\u00fck Komit\u0259sin\u0259 S\u0259d\u0259r\u0259k g\u00f6mr\u00fck ke\u00e7id m\u0259nt\u0259q\u0259sind\u0259n ke\u00e7m\u0259kl\u0259 Nax\u00e7\u0131van Beyn\u0259lxalq Hava Liman\u0131ndan Bak\u0131 \u015f\u0259h\u0259rin\u0259 yola sal\u0131nan Az\u0259rbaycan Respublikas\u0131 v\u0259t\u0259nda\u015flar\u0131n\u0131n (\u00f6lk\u0259mizin dig\u0259r b\u00f6lg\u0259l\u0259rind\u0259n olanlar) ke\u00e7idini dayand\u0131rmaq tap\u015f\u0131r\u0131l\u0131b. ARANTV.AZ\u00a0\u00a0Trend-\u0259 istinad\u0259n bildirir ki,\u00a0bu bar\u0259d\u0259 bu g\u00fcn d\u00fcnyada pandemiya elan olunan virusun muxtar respublika \u0259razisind\u0259 yay\u0131lmas\u0131n\u0131n qar\u015f\u0131s\u0131n\u0131n al\u0131nmas\u0131 il\u0259 ba\u011fl\u0131&hellip;","_links":{"self":[{"href":"https:\/\/arantv.az\/index.php?rest_route=\/wp\/v2\/posts\/145052"}],"collection":[{"href":"https:\/\/arantv.az\/index.php?rest_route=\/wp\/v2\/posts"}],"about":[{"href":"https:\/\/arantv.az\/index.php?rest_route=\/wp\/v2\/types\/post"}],"author":[{"embeddable":true,"href":"https:\/\/arantv.az\/index.php?rest_route=\/wp\/v2\/users\/2"}],"replies":[{"embeddable":true,"href":"https:\/\/arantv.az\/index.php?rest_route=%2Fwp%2Fv2%2Fcomments&post=145052"}],"version-history":[{"count":0,"href":"https:\/\/arantv.az\/index.php?rest_route=\/wp\/v2\/posts\/145052\/revisions"}],"wp:featuredmedia":[{"embeddable":true,"href":"https:\/\/arantv.az\/index.php?rest_route=\/wp\/v2\/media\/145053"}],"wp:attachment":[{"href":"https:\/\/arantv.az\/index.php?rest_route=%2Fwp%2Fv2%2Fmedia&parent=145052"}],"wp:term":[{"taxonomy":"category","embeddable":true,"href":"https:\/\/arantv.az\/index.php?rest_route=%2Fwp%2Fv2%2Fcategories&post=145052"},{"taxonomy":"post_tag","embeddable":true,"href":"https:\/\/arantv.az\/index.php?rest_route=%2Fwp%2Fv2%2Ftags&post=145052"}],"curies":[{"name":"wp","href":"https:\/\/api.w.org\/{rel}","templated":true}]}}