{"id":145056,"date":"2020-03-25T08:24:41","date_gmt":"2020-03-25T05:24:41","guid":{"rendered":"http:\/\/arantv.az\/?p=145056"},"modified":"2020-03-25T08:24:41","modified_gmt":"2020-03-25T05:24:41","slug":"az%c9%99rbaycanda-koronavirusla-mubariz%c9%99-ucun-kifay%c9%99t-q%c9%99d%c9%99r-tibbi-l%c9%99vazimat-var-s%c9%99hiyy%c9%99-naziri","status":"publish","type":"post","link":"https:\/\/arantv.az\/?p=145056","title":{"rendered":"Az\u0259rbaycanda koronavirusla m\u00fcbariz\u0259 \u00fc\u00e7\u00fcn kifay\u0259t q\u0259d\u0259r tibbi l\u0259vazimat var &#8211; S\u0259hiyy\u0259 naziri"},"content":{"rendered":"<p>Az\u0259rbaycanda koronavirusa qar\u015f\u0131 b\u00fct\u00fcn t\u0259dbirl\u0259r g\u00f6r\u00fcl\u00fcr.<\/p>\n<p><strong>ARANTV.AZ\u00a0<\/strong>\u00a0<a href=\"http:\/\/az.trend.az\/\" target=\"_blank\" rel=\"noopener\">Trend<\/a>-\u0259 istinad\u0259n bildirir ki,\u00a0bunu S\u0259hiyy\u0259 naziri Oqtay \u015eir\u0259liyev AzTV-nin &#8220;H\u0259d\u0259f&#8221; proqram\u0131nda deyib.<\/p>\n<p>Onun s\u00f6zl\u0259rin\u0259 g\u00f6r\u0259, b\u00fct\u00fcn t\u0259dbirl\u0259r laz\u0131mi s\u0259viyy\u0259d\u0259dir: &#8220;Bizd\u0259 b\u00fct\u00fcn qabaqlay\u0131c\u0131 t\u0259dbirl\u0259r g\u00f6r\u00fcl\u00fcb. B\u00fct\u00fcn d\u00fcnyada bu problem var. He\u00e7 bir \u00f6lk\u0259nin s\u0259hiyy\u0259si bu virusun \u00f6hd\u0259sind\u0259n g\u0259l\u0259 bilmir. 100 minl\u0259rl\u0259 insan bu virusa yoluxub. D\u00fcnyada qu\u015f qripi, ebola kimi viruslar da yay\u0131lm\u0131\u015fd\u0131. Amma bel\u0259 yox. \u0130nsanlar qorunmal\u0131d\u0131r. Operativ Q\u0259rargah laz\u0131mi t\u0259dbirl\u0259r g\u00f6rs\u0259 d\u0259, insanlar da ehtiyatl\u0131 olmal\u0131d\u0131rlar&#8221;.<\/p>\n<p>Nazir qeyd edib ki, Az\u0259rbaycanda x\u0259st\u0259likl\u0259ri a\u015fkarlamaq \u00fc\u00e7\u00fcn m\u00fcasir laboratoriyalar var v\u0259 bu laboratoriyalar haz\u0131rda tam g\u00fcc\u00fc il\u0259 i\u015fl\u0259yir: &#8220;Bu c\u00fcr laboratoriyalar h\u0259tta regionlarda da m\u00f6vcuddur v\u0259 yerind\u0259 x\u0259st\u0259liyi a\u015fkarlaya bilirl\u0259r. Az\u0259rbaycan s\u0259hiyy\u0259si tam m\u00fcasir avadanl\u0131qlarla t\u0259chiz olunub, g\u00fccl\u00fc kadrlar \u00e7al\u0131\u015f\u0131r. Amma b\u00fct\u00fcn hallarda insanlarda sosial m\u0259suliyy\u0259t olmal\u0131d\u0131r. D\u00f6vl\u0259t \u0259lind\u0259n g\u0259l\u0259ni ets\u0259 d\u0259, insanlar da x\u0259st\u0259likl\u0259r\u0259 qar\u015f\u0131 m\u00fcbariz\u0259 aparmal\u0131d\u0131r&#8221;.<\/p>\n<p>Oqtay \u015eir\u0259liyev qeyd edib ki, Az\u0259rbaycana \u0259lav\u0259 olaraq da tibbi vasit\u0259l\u0259r g\u0259tirilir:<\/p>\n<p>&#8220;D\u00fcnya t\u0259cr\u00fcb\u0259si g\u00f6st\u0259rir ki, laz\u0131mi t\u0259dbirl\u0259r g\u00f6rm\u0259y\u0259n \u00f6lk\u0259l\u0259rd\u0259 v\u0259ziyy\u0259t pisdir. Ancaq Az\u0259rbaycanda vaxt\u0131nda g\u00f6r\u00fcl\u0259n t\u0259dbirl\u0259r n\u0259tic\u0259sind\u0259 v\u0259ziyy\u0259t n\u0259zar\u0259t alt\u0131ndad\u0131r. Operativ Q\u0259rargah t\u0259r\u0259find\u0259n veril\u0259n q\u0259rarlar vacib q\u0259rarlard\u0131r v\u0259 buna \u0259m\u0259l olunmal\u0131d\u0131r. Q\u0259rarlar\u0131n m\u0259qs\u0259di yoluxman\u0131n qar\u015f\u0131s\u0131n\u0131 almaq v\u0259 insanlar\u0131n sa\u011flaml\u0131\u011f\u0131n\u0131n qorunmas\u0131d\u0131r&#8221;.<\/p>\n","protected":false},"excerpt":{"rendered":"<p>Az\u0259rbaycanda koronavirusa qar\u015f\u0131 b\u00fct\u00fcn t\u0259dbirl\u0259r g\u00f6r\u00fcl\u00fcr. ARANTV.AZ\u00a0\u00a0Trend-\u0259 istinad\u0259n bildirir ki,\u00a0bunu S\u0259hiyy\u0259 naziri Oqtay \u015eir\u0259liyev AzTV-nin &#8220;H\u0259d\u0259f&#8221; proqram\u0131nda deyib. Onun s\u00f6zl\u0259rin\u0259 g\u00f6r\u0259, b\u00fct\u00fcn t\u0259dbirl\u0259r laz\u0131mi s\u0259viyy\u0259d\u0259dir: &#8220;Bizd\u0259 b\u00fct\u00fcn qabaqlay\u0131c\u0131 t\u0259dbirl\u0259r g\u00f6r\u00fcl\u00fcb. B\u00fct\u00fcn d\u00fcnyada bu problem var. He\u00e7 bir \u00f6lk\u0259nin s\u0259hiyy\u0259si bu virusun \u00f6hd\u0259sind\u0259n g\u0259l\u0259 bilmir. 100 minl\u0259rl\u0259 insan bu virusa yoluxub. D\u00fcnyada qu\u015f qripi, ebola kimi viruslar da yay\u0131lm\u0131\u015fd\u0131. Amma bel\u0259 yox. \u0130nsanlar qorunmal\u0131d\u0131r. Operativ Q\u0259rargah laz\u0131mi t\u0259dbirl\u0259r g\u00f6rs\u0259 d\u0259, insanlar da ehtiyatl\u0131 olmal\u0131d\u0131rlar&#8221;. Nazir qeyd edib ki, Az\u0259rbaycanda x\u0259st\u0259likl\u0259ri a\u015fkarlamaq \u00fc\u00e7\u00fcn m\u00fcasir laboratoriyalar var v\u0259 bu laboratoriyalar haz\u0131rda tam g\u00fcc\u00fc&hellip;<\/p>\n","protected":false},"author":2,"featured_media":145057,"comment_status":"closed","ping_status":"closed","sticky":false,"template":"","format":"standard","meta":{"om_disable_all_campaigns":false,"_monsterinsights_skip_tracking":false,"_monsterinsights_sitenote_active":false,"_monsterinsights_sitenote_note":"","_monsterinsights_sitenote_category":0},"categories":[1],"tags":[],"aioseo_notices":[],"gutentor_comment":0,"rttpg_featured_image_url":{"full":["https:\/\/arantv.az\/wp-content\/uploads\/2020\/03\/sireliyev_2384786.jpg",800,600,false],"landscape":["https:\/\/arantv.az\/wp-content\/uploads\/2020\/03\/sireliyev_2384786.jpg",800,600,false],"portraits":["https:\/\/arantv.az\/wp-content\/uploads\/2020\/03\/sireliyev_2384786.jpg",800,600,false],"thumbnail":["https:\/\/arantv.az\/wp-content\/uploads\/2020\/03\/sireliyev_2384786-150x150.jpg",150,150,true],"medium":["https:\/\/arantv.az\/wp-content\/uploads\/2020\/03\/sireliyev_2384786-300x225.jpg",300,225,true],"large":["https:\/\/arantv.az\/wp-content\/uploads\/2020\/03\/sireliyev_2384786.jpg",640,480,false],"1536x1536":["https:\/\/arantv.az\/wp-content\/uploads\/2020\/03\/sireliyev_2384786.jpg",800,600,false],"2048x2048":["https:\/\/arantv.az\/wp-content\/uploads\/2020\/03\/sireliyev_2384786.jpg",800,600,false],"post-thumbnail":["https:\/\/arantv.az\/wp-content\/uploads\/2020\/03\/sireliyev_2384786-240x172.jpg",240,172,true],"advps-thumb-one":["https:\/\/arantv.az\/wp-content\/uploads\/2020\/03\/sireliyev_2384786.jpg",800,600,false]},"rttpg_author":{"display_name":"V\u00fcsal Rafiqo\u011flu","author_link":"https:\/\/arantv.az\/?author=2"},"rttpg_comment":0,"rttpg_category":"<a href=\"https:\/\/arantv.az\/?cat=1\" rel=\"category\">C\u0259miyy\u0259t<\/a>","rttpg_excerpt":"Az\u0259rbaycanda koronavirusa qar\u015f\u0131 b\u00fct\u00fcn t\u0259dbirl\u0259r g\u00f6r\u00fcl\u00fcr. ARANTV.AZ\u00a0\u00a0Trend-\u0259 istinad\u0259n bildirir ki,\u00a0bunu S\u0259hiyy\u0259 naziri Oqtay \u015eir\u0259liyev AzTV-nin &#8220;H\u0259d\u0259f&#8221; proqram\u0131nda deyib. Onun s\u00f6zl\u0259rin\u0259 g\u00f6r\u0259, b\u00fct\u00fcn t\u0259dbirl\u0259r laz\u0131mi s\u0259viyy\u0259d\u0259dir: &#8220;Bizd\u0259 b\u00fct\u00fcn qabaqlay\u0131c\u0131 t\u0259dbirl\u0259r g\u00f6r\u00fcl\u00fcb. B\u00fct\u00fcn d\u00fcnyada bu problem var. He\u00e7 bir \u00f6lk\u0259nin s\u0259hiyy\u0259si bu virusun \u00f6hd\u0259sind\u0259n g\u0259l\u0259 bilmir. 100 minl\u0259rl\u0259 insan bu virusa yoluxub. D\u00fcnyada qu\u015f qripi, ebola kimi&hellip;","_links":{"self":[{"href":"https:\/\/arantv.az\/index.php?rest_route=\/wp\/v2\/posts\/145056"}],"collection":[{"href":"https:\/\/arantv.az\/index.php?rest_route=\/wp\/v2\/posts"}],"about":[{"href":"https:\/\/arantv.az\/index.php?rest_route=\/wp\/v2\/types\/post"}],"author":[{"embeddable":true,"href":"https:\/\/arantv.az\/index.php?rest_route=\/wp\/v2\/users\/2"}],"replies":[{"embeddable":true,"href":"https:\/\/arantv.az\/index.php?rest_route=%2Fwp%2Fv2%2Fcomments&post=145056"}],"version-history":[{"count":0,"href":"https:\/\/arantv.az\/index.php?rest_route=\/wp\/v2\/posts\/145056\/revisions"}],"wp:featuredmedia":[{"embeddable":true,"href":"https:\/\/arantv.az\/index.php?rest_route=\/wp\/v2\/media\/145057"}],"wp:attachment":[{"href":"https:\/\/arantv.az\/index.php?rest_route=%2Fwp%2Fv2%2Fmedia&parent=145056"}],"wp:term":[{"taxonomy":"category","embeddable":true,"href":"https:\/\/arantv.az\/index.php?rest_route=%2Fwp%2Fv2%2Fcategories&post=145056"},{"taxonomy":"post_tag","embeddable":true,"href":"https:\/\/arantv.az\/index.php?rest_route=%2Fwp%2Fv2%2Ftags&post=145056"}],"curies":[{"name":"wp","href":"https:\/\/api.w.org\/{rel}","templated":true}]}}