{"id":14611,"date":"2018-09-20T16:28:23","date_gmt":"2018-09-20T13:28:23","guid":{"rendered":"http:\/\/arantv.az\/?p=14611"},"modified":"2018-09-20T16:28:23","modified_gmt":"2018-09-20T13:28:23","slug":"pulsuz-4g-internet-az%c9%99rbaycanin-regionlarinda","status":"publish","type":"post","link":"https:\/\/arantv.az\/?p=14611","title":{"rendered":"Pulsuz 4G-internet Az\u0259rbaycan\u0131n regionlar\u0131nda"},"content":{"rendered":"<p>Haz\u0131rda Bak\u0131 v\u0259 Ab\u015feron 4G-internetl\u0259 tam t\u0259chiz olunub. \u0130lin sonunad\u0259k Az\u0259rbaycan\u0131n mobil operatoru olan \u201cBakcell\u201d \u015firk\u0259ti daha 400 \u0259d\u0259d LTE baza stansiyalar\u0131 qura\u015fd\u0131rmaq niyy\u0259tind\u0259dir.<\/p>\n<p><b>ARANTV.AZ\u00a0<\/b>x\u0259b\u0259r verir ki, bu s\u00f6zl\u0259ri jurnalistl\u0259r\u0259 a\u00e7\u0131qlamas\u0131nda \u015firk\u0259tinin ba\u015f icra\u00e7\u0131 direktoru\u00a0<strong>Nikolay Bekers<\/strong>\u00a0deyib.<\/p>\n<p>\u201cHaz\u0131rda \u015firk\u0259tin d\u00f6rd\u00fcnc\u00fc n\u0259sil \u015f\u0259b\u0259k\u0259sini d\u0259st\u0259kl\u0259y\u0259n baza stansiyalar\u0131n\u0131n say\u0131 1328 \u0259d\u0259ddir. Yax\u0131n vaxtlarda \u00f6lk\u0259nin 16 regionunda pulsuz 4G kampaniyas\u0131 ke\u00e7iril\u0259c\u0259k\u201d, &#8211; icra\u00e7\u0131 direktor bildirib.<\/p>\n<div id=\"AdributorNativeVideo0\" class=\"AdributorNativeVideo\"><\/div>\n<p>Bekers \u0259lav\u0259 edib ki, \u201cBakcell\u201d \u0259n s\u00fcr\u0259tli internet\u0259 g\u00f6r\u0259 \u201cOokla\u201d beyn\u0259lxalq m\u00fckafat\u0131n\u0131 qazan\u0131b.<\/p>\n<p>oxu.az<\/p>\n","protected":false},"excerpt":{"rendered":"<p>Haz\u0131rda Bak\u0131 v\u0259 Ab\u015feron 4G-internetl\u0259 tam t\u0259chiz olunub. \u0130lin sonunad\u0259k Az\u0259rbaycan\u0131n mobil operatoru olan \u201cBakcell\u201d \u015firk\u0259ti daha 400 \u0259d\u0259d LTE baza stansiyalar\u0131 qura\u015fd\u0131rmaq niyy\u0259tind\u0259dir. ARANTV.AZ\u00a0x\u0259b\u0259r verir ki, bu s\u00f6zl\u0259ri jurnalistl\u0259r\u0259 a\u00e7\u0131qlamas\u0131nda \u015firk\u0259tinin ba\u015f icra\u00e7\u0131 direktoru\u00a0Nikolay Bekers\u00a0deyib. \u201cHaz\u0131rda \u015firk\u0259tin d\u00f6rd\u00fcnc\u00fc n\u0259sil \u015f\u0259b\u0259k\u0259sini d\u0259st\u0259kl\u0259y\u0259n baza stansiyalar\u0131n\u0131n say\u0131 1328 \u0259d\u0259ddir. Yax\u0131n vaxtlarda \u00f6lk\u0259nin 16 regionunda pulsuz 4G kampaniyas\u0131 ke\u00e7iril\u0259c\u0259k\u201d, &#8211; icra\u00e7\u0131 direktor bildirib. Bekers \u0259lav\u0259 edib ki, \u201cBakcell\u201d \u0259n s\u00fcr\u0259tli internet\u0259 g\u00f6r\u0259 \u201cOokla\u201d beyn\u0259lxalq m\u00fckafat\u0131n\u0131 qazan\u0131b. oxu.az<\/p>\n","protected":false},"author":2,"featured_media":14612,"comment_status":"closed","ping_status":"closed","sticky":false,"template":"","format":"standard","meta":{"om_disable_all_campaigns":false,"_monsterinsights_skip_tracking":false,"_monsterinsights_sitenote_active":false,"_monsterinsights_sitenote_note":"","_monsterinsights_sitenote_category":0},"categories":[2],"tags":[],"aioseo_notices":[],"gutentor_comment":0,"rttpg_featured_image_url":{"full":["https:\/\/arantv.az\/wp-content\/uploads\/2018\/09\/ik.jpg",620,432,false],"landscape":["https:\/\/arantv.az\/wp-content\/uploads\/2018\/09\/ik.jpg",620,432,false],"portraits":["https:\/\/arantv.az\/wp-content\/uploads\/2018\/09\/ik.jpg",620,432,false],"thumbnail":["https:\/\/arantv.az\/wp-content\/uploads\/2018\/09\/ik-150x150.jpg",150,150,true],"medium":["https:\/\/arantv.az\/wp-content\/uploads\/2018\/09\/ik-300x209.jpg",300,209,true],"large":["https:\/\/arantv.az\/wp-content\/uploads\/2018\/09\/ik.jpg",620,432,false],"1536x1536":["https:\/\/arantv.az\/wp-content\/uploads\/2018\/09\/ik.jpg",620,432,false],"2048x2048":["https:\/\/arantv.az\/wp-content\/uploads\/2018\/09\/ik.jpg",620,432,false],"post-thumbnail":["https:\/\/arantv.az\/wp-content\/uploads\/2018\/09\/ik-240x172.jpg",240,172,true],"advps-thumb-one":["https:\/\/arantv.az\/wp-content\/uploads\/2018\/09\/ik.jpg",620,432,false]},"rttpg_author":{"display_name":"V\u00fcsal Rafiqo\u011flu","author_link":"https:\/\/arantv.az\/?author=2"},"rttpg_comment":0,"rttpg_category":"<a href=\"https:\/\/arantv.az\/?cat=2\" rel=\"category\">Region X\u0259b\u0259rl\u0259ri<\/a>","rttpg_excerpt":"Haz\u0131rda Bak\u0131 v\u0259 Ab\u015feron 4G-internetl\u0259 tam t\u0259chiz olunub. \u0130lin sonunad\u0259k Az\u0259rbaycan\u0131n mobil operatoru olan \u201cBakcell\u201d \u015firk\u0259ti daha 400 \u0259d\u0259d LTE baza stansiyalar\u0131 qura\u015fd\u0131rmaq niyy\u0259tind\u0259dir. ARANTV.AZ\u00a0x\u0259b\u0259r verir ki, bu s\u00f6zl\u0259ri jurnalistl\u0259r\u0259 a\u00e7\u0131qlamas\u0131nda \u015firk\u0259tinin ba\u015f icra\u00e7\u0131 direktoru\u00a0Nikolay Bekers\u00a0deyib. \u201cHaz\u0131rda \u015firk\u0259tin d\u00f6rd\u00fcnc\u00fc n\u0259sil \u015f\u0259b\u0259k\u0259sini d\u0259st\u0259kl\u0259y\u0259n baza stansiyalar\u0131n\u0131n say\u0131 1328 \u0259d\u0259ddir. Yax\u0131n vaxtlarda \u00f6lk\u0259nin 16 regionunda pulsuz 4G kampaniyas\u0131&hellip;","_links":{"self":[{"href":"https:\/\/arantv.az\/index.php?rest_route=\/wp\/v2\/posts\/14611"}],"collection":[{"href":"https:\/\/arantv.az\/index.php?rest_route=\/wp\/v2\/posts"}],"about":[{"href":"https:\/\/arantv.az\/index.php?rest_route=\/wp\/v2\/types\/post"}],"author":[{"embeddable":true,"href":"https:\/\/arantv.az\/index.php?rest_route=\/wp\/v2\/users\/2"}],"replies":[{"embeddable":true,"href":"https:\/\/arantv.az\/index.php?rest_route=%2Fwp%2Fv2%2Fcomments&post=14611"}],"version-history":[{"count":0,"href":"https:\/\/arantv.az\/index.php?rest_route=\/wp\/v2\/posts\/14611\/revisions"}],"wp:featuredmedia":[{"embeddable":true,"href":"https:\/\/arantv.az\/index.php?rest_route=\/wp\/v2\/media\/14612"}],"wp:attachment":[{"href":"https:\/\/arantv.az\/index.php?rest_route=%2Fwp%2Fv2%2Fmedia&parent=14611"}],"wp:term":[{"taxonomy":"category","embeddable":true,"href":"https:\/\/arantv.az\/index.php?rest_route=%2Fwp%2Fv2%2Fcategories&post=14611"},{"taxonomy":"post_tag","embeddable":true,"href":"https:\/\/arantv.az\/index.php?rest_route=%2Fwp%2Fv2%2Ftags&post=14611"}],"curies":[{"name":"wp","href":"https:\/\/api.w.org\/{rel}","templated":true}]}}