{"id":14617,"date":"2018-09-20T16:32:36","date_gmt":"2018-09-20T13:32:36","guid":{"rendered":"http:\/\/arantv.az\/?p=14617"},"modified":"2018-09-20T16:34:18","modified_gmt":"2018-09-20T13:34:18","slug":"prezident-ilham-%c9%99liyev-bir-sira-olk%c9%99l%c9%99rin-parlament-r%c9%99hb%c9%99rl%c9%99rini-q%c9%99bul-edib-foto","status":"publish","type":"post","link":"https:\/\/arantv.az\/?p=14617","title":{"rendered":"Prezident \u0130lham \u018fliyev bir s\u0131ra \u00f6lk\u0259l\u0259rin parlament r\u0259hb\u0259rl\u0259rini q\u0259bul edib &#8211; FOTO"},"content":{"rendered":"<p>Sentyabr\u0131n 20-d\u0259 Az\u0259rbaycan Respublikas\u0131n\u0131n Prezidenti \u0130lham \u018fliyev Az\u0259rbaycan parlamentinin 100 illiyi m\u00fcnasib\u0259til\u0259 ke\u00e7iril\u0259c\u0259k t\u0259nt\u0259n\u0259li iclasda i\u015ftirak etm\u0259k \u00fc\u00e7\u00fcn \u00f6lk\u0259miz\u0259 s\u0259f\u0259r\u0259 g\u0259l\u0259n Cibuti Milli Assambleyas\u0131n\u0131n s\u0259dri M\u0259h\u0259mm\u0259d \u018fli Hum\u0259di, Oman Sultanl\u0131\u011f\u0131 D\u00f6vl\u0259t \u015euras\u0131n\u0131n s\u0259dri Yahya bin M\u0259hfuz \u018fl-Munzirini, K\u00fcveyt Mill\u0259t M\u0259clisinin s\u0259dri M\u0259rzuq \u018fli \u0259l-\u011eanimi, Pakistan Senat\u0131n\u0131n s\u0259dri M\u0259h\u0259mm\u0259d Sadiq S\u0259ncarini, Bolqar\u0131stan Milli Assambleyas\u0131n\u0131n s\u0259dri xan\u0131m Tsveta Karayan\u00e7evan\u0131, Q\u0131r\u011f\u0131z\u0131stan Joqorku Kene\u015finin s\u0259dri Dastanbek Cumabekovu, Misir N\u00fcmay\u0259nd\u0259l\u0259r Palatas\u0131 s\u0259drinin birinci m\u00fcavini Mahmud \u018fhm\u0259d \u015e\u0259rifi v\u0259 AT\u018fT Parlament Assambleyas\u0131n\u0131n prezidenti George Tseretelini q\u0259bul edib.<\/p>\n<p><strong>ARANTV.AZ<\/strong> az\u0259rtac-a istinad\u0259n x\u0259b\u0259r verir ki, d\u00f6vl\u0259timizin ba\u015f\u00e7\u0131s\u0131, ilk n\u00f6vb\u0259d\u0259, Az\u0259rbaycan parlamentinin yarad\u0131lmas\u0131n\u0131n 100 illiyi m\u00fcnasib\u0259til\u0259 ke\u00e7iril\u0259n t\u0259dbirin \u00f6n\u0259mini vur\u011fulad\u0131 v\u0259 bu t\u0259dbird\u0259 i\u015ftirak etm\u0259k \u00fc\u00e7\u00fcn \u00f6lk\u0259miz\u0259 s\u0259f\u0259r\u0259 g\u0259l\u0259n qonaqlara t\u0259\u015f\u0259kk\u00fcr etdi. Dost \u00f6lk\u0259l\u0259rin n\u00fcmay\u0259nd\u0259l\u0259rinin bu t\u0259dbird\u0259 t\u0259msil olunmas\u0131n\u0131 \u00f6lk\u0259l\u0259rimiz aras\u0131nda t\u0259r\u0259fda\u015fl\u0131q m\u00fcnasib\u0259tl\u0259rinin n\u00fcmayi\u015fi kimi d\u0259y\u0259rl\u0259ndir\u0259n Prezident \u0130lham \u018fliyev onlar\u0131n t\u0259msil etdikl\u0259ri \u00f6lk\u0259l\u0259r\u0259 s\u0259f\u0259rl\u0259rini m\u0259mnunluqla xat\u0131rlad\u0131. D\u00f6vl\u0259timizin ba\u015f\u00e7\u0131s\u0131 bildirdi ki, \u00f6lk\u0259l\u0259rimiz aras\u0131nda ikit\u0259r\u0259fli m\u00fcnasib\u0259tl\u0259r \u00e7ox yax\u015f\u0131 s\u0259viyy\u0259d\u0259dir v\u0259 \u0259laq\u0259l\u0259rimiz m\u00fcxt\u0259lif sah\u0259l\u0259ri \u0259hat\u0259 edir. Prezident \u0130lham \u018fliyev dedi ki, qonaqlar\u0131n \u00f6lk\u0259miz\u0259 bu s\u0259f\u0259ri onlar\u0131n h\u0259m Az\u0259rbaycanla yax\u0131ndan tan\u0131\u015f olmalar\u0131 \u00fc\u00e7\u00fcn yax\u015f\u0131 imkan yaradacaq, h\u0259m d\u0259 parlamentl\u0259raras\u0131 \u0259m\u0259kda\u015fl\u0131\u011f\u0131n geni\u015fl\u0259ndirilm\u0259si i\u015fin\u0259 \u00f6z t\u00f6hf\u0259sini ver\u0259c\u0259k.<\/p>\n<p>K\u00fcveyt Mill\u0259t M\u0259clisinin s\u0259dri M\u0259rzuq \u018fli \u0259l-\u011eanim K\u00fcveyt D\u00f6vl\u0259tinin \u018fmiri Sabah \u0259l-\u018fhm\u0259d \u0259l-Cabir \u0259l-Sabah\u0131n salamlar\u0131n\u0131 d\u00f6vl\u0259timizin ba\u015f\u00e7\u0131s\u0131na \u00e7atd\u0131rd\u0131. O, t\u0259dbird\u0259 \u015f\u0259xs\u0259n K\u00fcveyt D\u00f6vl\u0259tinin \u018fmiri Sabah \u0259l-\u018fhm\u0259d \u0259l-Cabir \u0259l-Sabah\u0131n tap\u015f\u0131r\u0131\u011f\u0131 il\u0259 i\u015ftirak etdiyini dedi. M\u0259rzuq \u018fli \u0259l-\u011eanim Bak\u0131ya birinci d\u0259f\u0259 s\u0259f\u0259r etdiyini vur\u011fulayaraq bildirdi ki, paytaxt\u0131m\u0131za g\u0259ldiyi ilk andan \u015f\u0259h\u0259rd\u0259ki g\u00f6z\u0259llik v\u0259 inki\u015faf onlarda b\u00f6y\u00fck t\u0259\u0259ss\u00fcrat yarad\u0131b. O, \u0259minlikl\u0259 bildirdi ki, bu c\u00fcr t\u0259dbirl\u0259r parlamentl\u0259raras\u0131 \u0259m\u0259kda\u015fl\u0131\u011f\u0131n daha da m\u00f6hk\u0259ml\u0259ndirilm\u0259si, eyni zamanda, dig\u0259r \u00f6lk\u0259l\u0259rin v\u0259 xalqlar\u0131n Az\u0259rbaycanla daha da yax\u0131nla\u015fmas\u0131 i\u015fin\u0259 xidm\u0259t edir. K\u00fcveytli qonaq Prezident \u0130lham \u018fliyev\u0259 v\u0259 Az\u0259rbaycan xalq\u0131na \u0259n xo\u015f arzular\u0131n\u0131 \u00e7atd\u0131rd\u0131. O, \u00f6lk\u0259miz\u0259 m\u0259mnunluqla yenid\u0259n s\u0259f\u0259r ed\u0259c\u0259kl\u0259rin\u0259 \u00fcmidvar olduqlar\u0131n\u0131 bildirdi.<\/p>\n<p>Prezident \u0130lham \u018fliyev Az\u0259rbaycan\u0131n beyn\u0259lxalq al\u0259md\u0259 f\u0259al \u0259m\u0259kda\u015fl\u0131q h\u0259yata ke\u00e7irdiyini v\u0259 \u00f6lk\u0259mizin dostlar\u0131n\u0131n say\u0131n\u0131n g\u00fcnd\u0259n-g\u00fcn\u0259 artd\u0131\u011f\u0131n\u0131 vur\u011fulad\u0131.<\/p>\n<p>D\u00f6vl\u0259timizin ba\u015f\u00e7\u0131s\u0131 K\u00fcveyt D\u00f6vl\u0259tinin \u018fmiri Sabah \u0259l-\u018fhm\u0259d \u0259l-Cabir \u0259l-Sabah\u0131n salamlar\u0131na g\u00f6r\u0259 minn\u0259tdarl\u0131\u011f\u0131n\u0131 bildirdi, onun da salamlar\u0131n\u0131 K\u00fcveyt d\u00f6vl\u0259tinin ba\u015f\u00e7\u0131s\u0131na \u00e7atd\u0131rma\u011f\u0131 xahi\u015f etdi.<\/p>\n<p>Sonda xatir\u0259 \u015f\u0259kli \u00e7\u0259kdirildi.<\/p>\n<p><img loading=\"lazy\" class=\"alignnone size-medium wp-image-14618\" src=\"https:\/\/arantv.az\/wp-content\/uploads\/2018\/09\/687286-300x225.jpg\" alt=\"\" width=\"300\" height=\"225\" \/><\/p>\n<p>&nbsp;<\/p>\n<p><img loading=\"lazy\" class=\"alignnone size-full wp-image-14619\" src=\"https:\/\/arantv.az\/wp-content\/uploads\/2018\/09\/687286_03.jpg\" alt=\"\" width=\"250\" height=\"169\" \/><img loading=\"lazy\" class=\"alignnone size-full wp-image-14620\" src=\"https:\/\/arantv.az\/wp-content\/uploads\/2018\/09\/687286_02.jpg\" alt=\"\" width=\"250\" height=\"160\" \/><\/p>\n","protected":false},"excerpt":{"rendered":"<p>Sentyabr\u0131n 20-d\u0259 Az\u0259rbaycan Respublikas\u0131n\u0131n Prezidenti \u0130lham \u018fliyev Az\u0259rbaycan parlamentinin 100 illiyi m\u00fcnasib\u0259til\u0259 ke\u00e7iril\u0259c\u0259k t\u0259nt\u0259n\u0259li iclasda i\u015ftirak etm\u0259k \u00fc\u00e7\u00fcn \u00f6lk\u0259miz\u0259 s\u0259f\u0259r\u0259 g\u0259l\u0259n Cibuti Milli Assambleyas\u0131n\u0131n s\u0259dri M\u0259h\u0259mm\u0259d \u018fli Hum\u0259di, Oman Sultanl\u0131\u011f\u0131 D\u00f6vl\u0259t \u015euras\u0131n\u0131n s\u0259dri Yahya bin M\u0259hfuz \u018fl-Munzirini, K\u00fcveyt Mill\u0259t M\u0259clisinin s\u0259dri M\u0259rzuq \u018fli \u0259l-\u011eanimi, Pakistan Senat\u0131n\u0131n s\u0259dri M\u0259h\u0259mm\u0259d Sadiq S\u0259ncarini, Bolqar\u0131stan Milli Assambleyas\u0131n\u0131n s\u0259dri xan\u0131m Tsveta Karayan\u00e7evan\u0131, Q\u0131r\u011f\u0131z\u0131stan Joqorku Kene\u015finin s\u0259dri Dastanbek Cumabekovu, Misir N\u00fcmay\u0259nd\u0259l\u0259r Palatas\u0131 s\u0259drinin birinci m\u00fcavini Mahmud \u018fhm\u0259d \u015e\u0259rifi v\u0259 AT\u018fT Parlament Assambleyas\u0131n\u0131n prezidenti George Tseretelini q\u0259bul edib. ARANTV.AZ az\u0259rtac-a istinad\u0259n x\u0259b\u0259r verir ki, d\u00f6vl\u0259timizin ba\u015f\u00e7\u0131s\u0131, ilk&hellip;<\/p>\n","protected":false},"author":2,"featured_media":14618,"comment_status":"closed","ping_status":"closed","sticky":false,"template":"","format":"standard","meta":{"om_disable_all_campaigns":false,"_monsterinsights_skip_tracking":false,"_monsterinsights_sitenote_active":false,"_monsterinsights_sitenote_note":"","_monsterinsights_sitenote_category":0},"categories":[8],"tags":[],"aioseo_notices":[],"gutentor_comment":0,"rttpg_featured_image_url":{"full":["https:\/\/arantv.az\/wp-content\/uploads\/2018\/09\/687286.jpg",800,600,false],"landscape":["https:\/\/arantv.az\/wp-content\/uploads\/2018\/09\/687286.jpg",800,600,false],"portraits":["https:\/\/arantv.az\/wp-content\/uploads\/2018\/09\/687286.jpg",800,600,false],"thumbnail":["https:\/\/arantv.az\/wp-content\/uploads\/2018\/09\/687286-150x150.jpg",150,150,true],"medium":["https:\/\/arantv.az\/wp-content\/uploads\/2018\/09\/687286-300x225.jpg",300,225,true],"large":["https:\/\/arantv.az\/wp-content\/uploads\/2018\/09\/687286.jpg",640,480,false],"1536x1536":["https:\/\/arantv.az\/wp-content\/uploads\/2018\/09\/687286.jpg",800,600,false],"2048x2048":["https:\/\/arantv.az\/wp-content\/uploads\/2018\/09\/687286.jpg",800,600,false],"post-thumbnail":["https:\/\/arantv.az\/wp-content\/uploads\/2018\/09\/687286-240x172.jpg",240,172,true],"advps-thumb-one":["https:\/\/arantv.az\/wp-content\/uploads\/2018\/09\/687286.jpg",800,600,false]},"rttpg_author":{"display_name":"V\u00fcsal Rafiqo\u011flu","author_link":"https:\/\/arantv.az\/?author=2"},"rttpg_comment":0,"rttpg_category":"<a href=\"https:\/\/arantv.az\/?cat=8\" rel=\"category\">\u018fsas s\u0259hif\u0259<\/a>","rttpg_excerpt":"Sentyabr\u0131n 20-d\u0259 Az\u0259rbaycan Respublikas\u0131n\u0131n Prezidenti \u0130lham \u018fliyev Az\u0259rbaycan parlamentinin 100 illiyi m\u00fcnasib\u0259til\u0259 ke\u00e7iril\u0259c\u0259k t\u0259nt\u0259n\u0259li iclasda i\u015ftirak etm\u0259k \u00fc\u00e7\u00fcn \u00f6lk\u0259miz\u0259 s\u0259f\u0259r\u0259 g\u0259l\u0259n Cibuti Milli Assambleyas\u0131n\u0131n s\u0259dri M\u0259h\u0259mm\u0259d \u018fli Hum\u0259di, Oman Sultanl\u0131\u011f\u0131 D\u00f6vl\u0259t \u015euras\u0131n\u0131n s\u0259dri Yahya bin M\u0259hfuz \u018fl-Munzirini, K\u00fcveyt Mill\u0259t M\u0259clisinin s\u0259dri M\u0259rzuq \u018fli \u0259l-\u011eanimi, Pakistan Senat\u0131n\u0131n s\u0259dri M\u0259h\u0259mm\u0259d Sadiq S\u0259ncarini, Bolqar\u0131stan Milli Assambleyas\u0131n\u0131n s\u0259dri xan\u0131m&hellip;","_links":{"self":[{"href":"https:\/\/arantv.az\/index.php?rest_route=\/wp\/v2\/posts\/14617"}],"collection":[{"href":"https:\/\/arantv.az\/index.php?rest_route=\/wp\/v2\/posts"}],"about":[{"href":"https:\/\/arantv.az\/index.php?rest_route=\/wp\/v2\/types\/post"}],"author":[{"embeddable":true,"href":"https:\/\/arantv.az\/index.php?rest_route=\/wp\/v2\/users\/2"}],"replies":[{"embeddable":true,"href":"https:\/\/arantv.az\/index.php?rest_route=%2Fwp%2Fv2%2Fcomments&post=14617"}],"version-history":[{"count":0,"href":"https:\/\/arantv.az\/index.php?rest_route=\/wp\/v2\/posts\/14617\/revisions"}],"wp:featuredmedia":[{"embeddable":true,"href":"https:\/\/arantv.az\/index.php?rest_route=\/wp\/v2\/media\/14618"}],"wp:attachment":[{"href":"https:\/\/arantv.az\/index.php?rest_route=%2Fwp%2Fv2%2Fmedia&parent=14617"}],"wp:term":[{"taxonomy":"category","embeddable":true,"href":"https:\/\/arantv.az\/index.php?rest_route=%2Fwp%2Fv2%2Fcategories&post=14617"},{"taxonomy":"post_tag","embeddable":true,"href":"https:\/\/arantv.az\/index.php?rest_route=%2Fwp%2Fv2%2Ftags&post=14617"}],"curies":[{"name":"wp","href":"https:\/\/api.w.org\/{rel}","templated":true}]}}