{"id":14624,"date":"2018-09-21T08:07:35","date_gmt":"2018-09-21T05:07:35","guid":{"rendered":"http:\/\/arantv.az\/?p=14624"},"modified":"2018-09-21T08:07:35","modified_gmt":"2018-09-21T05:07:35","slug":"c%c9%99mil-stimul-olacaq","status":"publish","type":"post","link":"https:\/\/arantv.az\/?p=14624","title":{"rendered":"&#8220;C\u0259mil stimul olacaq &#8230;&#8221;"},"content":{"rendered":"<p>Az\u0259rbaycan \u015fou-biznesin \u0259n yara\u015f\u0131ql\u0131 v\u0259 xarizmatik m\u00fc\u011f\u0259nnisi C\u0259mil yeni fotossesiya ed\u0259c\u0259k. <strong>ARANTV.AZ<\/strong> x\u0259b\u0259r verir ki, bu bar\u0259d\u0259 ifa\u00e7an\u0131n PR Meneceri, istedadl\u0131 maqazin jurnalisti Elton Hac\u0131yev m\u0259lumat verib: &#8220;Q\u0131sa bir m\u00fcdd\u0259t sonra C\u0259mil yeni fotosessiya t\u0259qdim ed\u0259c\u0259k. Son tamamlama i\u015fl\u0259ri qal\u0131b. Bu, fotosessiya etm\u0259k ist\u0259y\u0259n \u015fou n\u00fcmay\u0259nd\u0259l\u0259ri \u00fc\u00e7\u00fcn stimul olacaq\u201d.<\/p>\n","protected":false},"excerpt":{"rendered":"<p>Az\u0259rbaycan \u015fou-biznesin \u0259n yara\u015f\u0131ql\u0131 v\u0259 xarizmatik m\u00fc\u011f\u0259nnisi C\u0259mil yeni fotossesiya ed\u0259c\u0259k. ARANTV.AZ x\u0259b\u0259r verir ki, bu bar\u0259d\u0259 ifa\u00e7an\u0131n PR Meneceri, istedadl\u0131 maqazin jurnalisti Elton Hac\u0131yev m\u0259lumat verib: &#8220;Q\u0131sa bir m\u00fcdd\u0259t sonra C\u0259mil yeni fotosessiya t\u0259qdim ed\u0259c\u0259k. Son tamamlama i\u015fl\u0259ri qal\u0131b. Bu, fotosessiya etm\u0259k ist\u0259y\u0259n \u015fou n\u00fcmay\u0259nd\u0259l\u0259ri \u00fc\u00e7\u00fcn stimul olacaq\u201d.<\/p>\n","protected":false},"author":2,"featured_media":14625,"comment_status":"closed","ping_status":"closed","sticky":false,"template":"","format":"standard","meta":{"om_disable_all_campaigns":false,"_monsterinsights_skip_tracking":false,"_monsterinsights_sitenote_active":false,"_monsterinsights_sitenote_note":"","_monsterinsights_sitenote_category":0},"categories":[20],"tags":[],"aioseo_notices":[],"gutentor_comment":0,"rttpg_featured_image_url":{"full":["https:\/\/arantv.az\/wp-content\/uploads\/2018\/09\/42167244_529713844141688_1907976068048879616_n.jpg",2048,1365,false],"landscape":["https:\/\/arantv.az\/wp-content\/uploads\/2018\/09\/42167244_529713844141688_1907976068048879616_n.jpg",2048,1365,false],"portraits":["https:\/\/arantv.az\/wp-content\/uploads\/2018\/09\/42167244_529713844141688_1907976068048879616_n.jpg",2048,1365,false],"thumbnail":["https:\/\/arantv.az\/wp-content\/uploads\/2018\/09\/42167244_529713844141688_1907976068048879616_n-150x150.jpg",150,150,true],"medium":["https:\/\/arantv.az\/wp-content\/uploads\/2018\/09\/42167244_529713844141688_1907976068048879616_n-300x200.jpg",300,200,true],"large":["https:\/\/arantv.az\/wp-content\/uploads\/2018\/09\/42167244_529713844141688_1907976068048879616_n-1024x683.jpg",640,427,true],"1536x1536":["https:\/\/arantv.az\/wp-content\/uploads\/2018\/09\/42167244_529713844141688_1907976068048879616_n.jpg",1536,1024,false],"2048x2048":["https:\/\/arantv.az\/wp-content\/uploads\/2018\/09\/42167244_529713844141688_1907976068048879616_n.jpg",2048,1365,false],"post-thumbnail":["https:\/\/arantv.az\/wp-content\/uploads\/2018\/09\/42167244_529713844141688_1907976068048879616_n-240x172.jpg",240,172,true],"advps-thumb-one":["https:\/\/arantv.az\/wp-content\/uploads\/2018\/09\/42167244_529713844141688_1907976068048879616_n-1200x620.jpg",1200,620,true]},"rttpg_author":{"display_name":"V\u00fcsal Rafiqo\u011flu","author_link":"https:\/\/arantv.az\/?author=2"},"rttpg_comment":0,"rttpg_category":"<a href=\"https:\/\/arantv.az\/?cat=20\" rel=\"category\">\u015eou biznes<\/a>","rttpg_excerpt":"Az\u0259rbaycan \u015fou-biznesin \u0259n yara\u015f\u0131ql\u0131 v\u0259 xarizmatik m\u00fc\u011f\u0259nnisi C\u0259mil yeni fotossesiya ed\u0259c\u0259k. ARANTV.AZ x\u0259b\u0259r verir ki, bu bar\u0259d\u0259 ifa\u00e7an\u0131n PR Meneceri, istedadl\u0131 maqazin jurnalisti Elton Hac\u0131yev m\u0259lumat verib: &#8220;Q\u0131sa bir m\u00fcdd\u0259t sonra C\u0259mil yeni fotosessiya t\u0259qdim ed\u0259c\u0259k. Son tamamlama i\u015fl\u0259ri qal\u0131b. Bu, fotosessiya etm\u0259k ist\u0259y\u0259n \u015fou n\u00fcmay\u0259nd\u0259l\u0259ri \u00fc\u00e7\u00fcn stimul olacaq\u201d.","_links":{"self":[{"href":"https:\/\/arantv.az\/index.php?rest_route=\/wp\/v2\/posts\/14624"}],"collection":[{"href":"https:\/\/arantv.az\/index.php?rest_route=\/wp\/v2\/posts"}],"about":[{"href":"https:\/\/arantv.az\/index.php?rest_route=\/wp\/v2\/types\/post"}],"author":[{"embeddable":true,"href":"https:\/\/arantv.az\/index.php?rest_route=\/wp\/v2\/users\/2"}],"replies":[{"embeddable":true,"href":"https:\/\/arantv.az\/index.php?rest_route=%2Fwp%2Fv2%2Fcomments&post=14624"}],"version-history":[{"count":0,"href":"https:\/\/arantv.az\/index.php?rest_route=\/wp\/v2\/posts\/14624\/revisions"}],"wp:featuredmedia":[{"embeddable":true,"href":"https:\/\/arantv.az\/index.php?rest_route=\/wp\/v2\/media\/14625"}],"wp:attachment":[{"href":"https:\/\/arantv.az\/index.php?rest_route=%2Fwp%2Fv2%2Fmedia&parent=14624"}],"wp:term":[{"taxonomy":"category","embeddable":true,"href":"https:\/\/arantv.az\/index.php?rest_route=%2Fwp%2Fv2%2Fcategories&post=14624"},{"taxonomy":"post_tag","embeddable":true,"href":"https:\/\/arantv.az\/index.php?rest_route=%2Fwp%2Fv2%2Ftags&post=14624"}],"curies":[{"name":"wp","href":"https:\/\/api.w.org\/{rel}","templated":true}]}}