{"id":146300,"date":"2020-03-27T13:01:26","date_gmt":"2020-03-27T10:01:26","guid":{"rendered":"http:\/\/arantv.az\/?p=146300"},"modified":"2020-03-27T13:01:26","modified_gmt":"2020-03-27T10:01:26","slug":"m%c9%99d%c9%99niyy%c9%99t-nazirliyi-xalq-artistinin-d%c9%99fni-il%c9%99-bagli-v%c9%99t%c9%99ndaslara-muraci%c9%99t-etdi","status":"publish","type":"post","link":"https:\/\/arantv.az\/?p=146300","title":{"rendered":"M\u0259d\u0259niyy\u0259t Nazirliyi Xalq artistinin d\u0259fni il\u0259 ba\u011fl\u0131 v\u0259t\u0259nda\u015flara m\u00fcraci\u0259t etdi"},"content":{"rendered":"<p><strong>M\u0259d\u0259niyy\u0259t Nazirliyi koronavirus infeksiyas\u0131n\u0131n qar\u015f\u0131s\u0131n\u0131n al\u0131nmas\u0131 m\u0259qs\u0259dil\u0259 Az\u0259rbaycanda t\u0259tbiq olunan x\u00fcsusi rejimin qaydalar\u0131na riay\u0259t olunmas\u0131 \u00fc\u00e7\u00fcn Xalq artisti Rauf Babayevin d\u0259fni il\u0259 ba\u011fl\u0131 v\u0259t\u0259nda\u015flara m\u00fcraci\u0259t edib.<\/strong><\/p>\n<p><strong>ARANTV.AZ<\/strong>\u00a0 x\u0259b\u0259r verir ki, bu bar\u0259d\u0259 M\u0259d\u0259niyy\u0259t Nazirliyinin m\u0259tbuat xidm\u0259tinin r\u0259hb\u0259ri \u0130ntiqam H\u00fcmb\u0259tov\u00a0<a href=\"https:\/\/az.trend.az\/\" target=\"_blank\" rel=\"noopener\">Trend<\/a>-\u0259 a\u00e7\u0131qlamas\u0131nda bildirib.<\/p>\n<p>\u0130.H\u00fcmb\u0259tov qeyd edib ki, he\u00e7 kim d\u0259fn m\u0259rasimin\u0259 g\u0259lm\u0259m\u0259lidir:<\/p>\n<p>&#8220;Rauf Babayevin v\u0259fat\u0131 m\u0259d\u0259niyy\u0259timiz\u0259 a\u011f\u0131r itkidir. K\u00fctl\u0259vi informasiya vasit\u0259l\u0259ri il\u0259 v\u0259t\u0259nda\u015flar\u0131m\u0131za m\u00fcraci\u0259t edirik ki, he\u00e7 kim d\u0259fn m\u0259rasimin\u0259 g\u0259lm\u0259sin. H\u00f6kum\u0259tin karantin rejimi il\u0259 ba\u011fl\u0131 sosial izolyasiya q\u0259rar\u0131 var. H\u0259r k\u0259s buna \u0259m\u0259l etm\u0259li, diqq\u0259tli olmal\u0131d\u0131r. 10 n\u0259f\u0259rd\u0259n \u00e7ox insan\u0131n bir yerd\u0259 topla\u015fmas\u0131 qada\u011fan olunub. M\u0259d\u0259niyy\u0259t xadimimizin itikisi il\u0259 \u0259laq\u0259dar ail\u0259sin\u0259, yax\u0131nlar\u0131na v\u0259 xalq\u0131m\u0131za ba\u015fsa\u011fl\u0131\u011f\u0131 veririk. D\u0259fn m\u0259rasimi ail\u0259 \u00fczvl\u0259rinin i\u015ftirak\u0131 il\u0259 \u0130kinci F\u0259xri Xiyabanda ke\u00e7iril\u0259c\u0259k&#8221;.<\/p>\n<p>Xat\u0131rladaq ki, xalq artisti, m\u00fc\u011f\u0259nni Rauf Babayev bu g\u00fcn 82 ya\u015f\u0131nda v\u0259fat edib.<\/p>\n<div>\n<div id=\"AdviadNativeVideo0\" class=\"AdviadNativeVideo\"><\/div>\n<\/div>\n<p>Allah r\u0259hm\u0259t el\u0259sin!<\/p>\n","protected":false},"excerpt":{"rendered":"<p>M\u0259d\u0259niyy\u0259t Nazirliyi koronavirus infeksiyas\u0131n\u0131n qar\u015f\u0131s\u0131n\u0131n al\u0131nmas\u0131 m\u0259qs\u0259dil\u0259 Az\u0259rbaycanda t\u0259tbiq olunan x\u00fcsusi rejimin qaydalar\u0131na riay\u0259t olunmas\u0131 \u00fc\u00e7\u00fcn Xalq artisti Rauf Babayevin d\u0259fni il\u0259 ba\u011fl\u0131 v\u0259t\u0259nda\u015flara m\u00fcraci\u0259t edib. ARANTV.AZ\u00a0 x\u0259b\u0259r verir ki, bu bar\u0259d\u0259 M\u0259d\u0259niyy\u0259t Nazirliyinin m\u0259tbuat xidm\u0259tinin r\u0259hb\u0259ri \u0130ntiqam H\u00fcmb\u0259tov\u00a0Trend-\u0259 a\u00e7\u0131qlamas\u0131nda bildirib. \u0130.H\u00fcmb\u0259tov qeyd edib ki, he\u00e7 kim d\u0259fn m\u0259rasimin\u0259 g\u0259lm\u0259m\u0259lidir: &#8220;Rauf Babayevin v\u0259fat\u0131 m\u0259d\u0259niyy\u0259timiz\u0259 a\u011f\u0131r itkidir. K\u00fctl\u0259vi informasiya vasit\u0259l\u0259ri il\u0259 v\u0259t\u0259nda\u015flar\u0131m\u0131za m\u00fcraci\u0259t edirik ki, he\u00e7 kim d\u0259fn m\u0259rasimin\u0259 g\u0259lm\u0259sin. H\u00f6kum\u0259tin karantin rejimi il\u0259 ba\u011fl\u0131 sosial izolyasiya q\u0259rar\u0131 var. H\u0259r k\u0259s buna \u0259m\u0259l etm\u0259li, diqq\u0259tli olmal\u0131d\u0131r. 10 n\u0259f\u0259rd\u0259n \u00e7ox insan\u0131n bir&hellip;<\/p>\n","protected":false},"author":2,"featured_media":146301,"comment_status":"closed","ping_status":"closed","sticky":false,"template":"","format":"standard","meta":{"om_disable_all_campaigns":false,"_monsterinsights_skip_tracking":false,"_monsterinsights_sitenote_active":false,"_monsterinsights_sitenote_note":"","_monsterinsights_sitenote_category":0},"categories":[1],"tags":[],"aioseo_notices":[],"gutentor_comment":0,"rttpg_featured_image_url":{"full":["https:\/\/arantv.az\/wp-content\/uploads\/2020\/03\/836915.jpg",800,600,false],"landscape":["https:\/\/arantv.az\/wp-content\/uploads\/2020\/03\/836915.jpg",800,600,false],"portraits":["https:\/\/arantv.az\/wp-content\/uploads\/2020\/03\/836915.jpg",800,600,false],"thumbnail":["https:\/\/arantv.az\/wp-content\/uploads\/2020\/03\/836915-150x150.jpg",150,150,true],"medium":["https:\/\/arantv.az\/wp-content\/uploads\/2020\/03\/836915-300x225.jpg",300,225,true],"large":["https:\/\/arantv.az\/wp-content\/uploads\/2020\/03\/836915.jpg",640,480,false],"1536x1536":["https:\/\/arantv.az\/wp-content\/uploads\/2020\/03\/836915.jpg",800,600,false],"2048x2048":["https:\/\/arantv.az\/wp-content\/uploads\/2020\/03\/836915.jpg",800,600,false],"post-thumbnail":["https:\/\/arantv.az\/wp-content\/uploads\/2020\/03\/836915-240x172.jpg",240,172,true],"advps-thumb-one":["https:\/\/arantv.az\/wp-content\/uploads\/2020\/03\/836915.jpg",800,600,false]},"rttpg_author":{"display_name":"V\u00fcsal Rafiqo\u011flu","author_link":"https:\/\/arantv.az\/?author=2"},"rttpg_comment":0,"rttpg_category":"<a href=\"https:\/\/arantv.az\/?cat=1\" rel=\"category\">C\u0259miyy\u0259t<\/a>","rttpg_excerpt":"M\u0259d\u0259niyy\u0259t Nazirliyi koronavirus infeksiyas\u0131n\u0131n qar\u015f\u0131s\u0131n\u0131n al\u0131nmas\u0131 m\u0259qs\u0259dil\u0259 Az\u0259rbaycanda t\u0259tbiq olunan x\u00fcsusi rejimin qaydalar\u0131na riay\u0259t olunmas\u0131 \u00fc\u00e7\u00fcn Xalq artisti Rauf Babayevin d\u0259fni il\u0259 ba\u011fl\u0131 v\u0259t\u0259nda\u015flara m\u00fcraci\u0259t edib. ARANTV.AZ\u00a0 x\u0259b\u0259r verir ki, bu bar\u0259d\u0259 M\u0259d\u0259niyy\u0259t Nazirliyinin m\u0259tbuat xidm\u0259tinin r\u0259hb\u0259ri \u0130ntiqam H\u00fcmb\u0259tov\u00a0Trend-\u0259 a\u00e7\u0131qlamas\u0131nda bildirib. \u0130.H\u00fcmb\u0259tov qeyd edib ki, he\u00e7 kim d\u0259fn m\u0259rasimin\u0259 g\u0259lm\u0259m\u0259lidir: &#8220;Rauf Babayevin v\u0259fat\u0131 m\u0259d\u0259niyy\u0259timiz\u0259 a\u011f\u0131r&hellip;","_links":{"self":[{"href":"https:\/\/arantv.az\/index.php?rest_route=\/wp\/v2\/posts\/146300"}],"collection":[{"href":"https:\/\/arantv.az\/index.php?rest_route=\/wp\/v2\/posts"}],"about":[{"href":"https:\/\/arantv.az\/index.php?rest_route=\/wp\/v2\/types\/post"}],"author":[{"embeddable":true,"href":"https:\/\/arantv.az\/index.php?rest_route=\/wp\/v2\/users\/2"}],"replies":[{"embeddable":true,"href":"https:\/\/arantv.az\/index.php?rest_route=%2Fwp%2Fv2%2Fcomments&post=146300"}],"version-history":[{"count":0,"href":"https:\/\/arantv.az\/index.php?rest_route=\/wp\/v2\/posts\/146300\/revisions"}],"wp:featuredmedia":[{"embeddable":true,"href":"https:\/\/arantv.az\/index.php?rest_route=\/wp\/v2\/media\/146301"}],"wp:attachment":[{"href":"https:\/\/arantv.az\/index.php?rest_route=%2Fwp%2Fv2%2Fmedia&parent=146300"}],"wp:term":[{"taxonomy":"category","embeddable":true,"href":"https:\/\/arantv.az\/index.php?rest_route=%2Fwp%2Fv2%2Fcategories&post=146300"},{"taxonomy":"post_tag","embeddable":true,"href":"https:\/\/arantv.az\/index.php?rest_route=%2Fwp%2Fv2%2Ftags&post=146300"}],"curies":[{"name":"wp","href":"https:\/\/api.w.org\/{rel}","templated":true}]}}