{"id":147101,"date":"2020-03-30T10:43:34","date_gmt":"2020-03-30T07:43:34","guid":{"rendered":"http:\/\/arantv.az\/?p=147101"},"modified":"2020-03-30T10:43:34","modified_gmt":"2020-03-30T07:43:34","slug":"siyavus-novruzov-biz-uc-virusa-qarsi-mubariz%c9%99-apaririq","status":"publish","type":"post","link":"https:\/\/arantv.az\/?p=147101","title":{"rendered":"Siyavu\u015f Novruzov: Biz \u00fc\u00e7 virusa qar\u015f\u0131 m\u00fcbariz\u0259 apar\u0131r\u0131q"},"content":{"rendered":"<p><strong>Biz \u00fc\u00e7 virusa qar\u015f\u0131 m\u00fcbariz\u0259 apar\u0131r\u0131q. Koronavirus, erm\u0259nil\u0259r v\u0259 \u00fc\u00e7\u00fcnc\u00fc virus da sap\u0131 \u00f6z\u00fcm\u00fczd\u0259n olan baltalard\u0131r.<\/strong><\/p>\n<p><strong>ARANTV.AZ<\/strong>\u00a0\u00a0<a href=\"http:\/\/az.trend.az\/\" target=\"_blank\" rel=\"noopener\">Trend<\/a>-\u0259 istinad\u0259n bildirir ki,\u00a0bunu Milli M\u0259clisin Regional m\u0259s\u0259l\u0259l\u0259r komit\u0259sinin s\u0259dri Siyavu\u015f Novruzov parlamentin bu g\u00fcn ke\u00e7iril\u0259n iclas\u0131nda deyib.<\/p>\n<p>O qeyd edib ki, b\u0259zil\u0259ri gedib xaricd\u0259 oturub Az\u0259rbaycan bar\u0259d\u0259 q\u0259r\u0259zli fikirl\u0259r s\u00f6yl\u0259yirl\u0259r: &#8220;B\u0259zil\u0259ri \u00e7ox sevinc\u0259k halda virusun geni\u015fl\u0259nm\u0259sind\u0259n dan\u0131\u015f\u0131r, guya Az\u0259rbaycan\u0131n bu virusun \u00f6hd\u0259sind\u0259n g\u0259l\u0259 bilmir. Ancaq h\u0259min insanlar \u00f6zl\u0259ri xaricd\u0259 ya\u015fad\u0131qlar\u0131 evd\u0259n \u00e7\u00f6l\u0259 \u00e7\u0131xa bilmirl\u0259r&#8221;.<\/p>\n","protected":false},"excerpt":{"rendered":"<p>Biz \u00fc\u00e7 virusa qar\u015f\u0131 m\u00fcbariz\u0259 apar\u0131r\u0131q. Koronavirus, erm\u0259nil\u0259r v\u0259 \u00fc\u00e7\u00fcnc\u00fc virus da sap\u0131 \u00f6z\u00fcm\u00fczd\u0259n olan baltalard\u0131r. ARANTV.AZ\u00a0\u00a0Trend-\u0259 istinad\u0259n bildirir ki,\u00a0bunu Milli M\u0259clisin Regional m\u0259s\u0259l\u0259l\u0259r komit\u0259sinin s\u0259dri Siyavu\u015f Novruzov parlamentin bu g\u00fcn ke\u00e7iril\u0259n iclas\u0131nda deyib. O qeyd edib ki, b\u0259zil\u0259ri gedib xaricd\u0259 oturub Az\u0259rbaycan bar\u0259d\u0259 q\u0259r\u0259zli fikirl\u0259r s\u00f6yl\u0259yirl\u0259r: &#8220;B\u0259zil\u0259ri \u00e7ox sevinc\u0259k halda virusun geni\u015fl\u0259nm\u0259sind\u0259n dan\u0131\u015f\u0131r, guya Az\u0259rbaycan\u0131n bu virusun \u00f6hd\u0259sind\u0259n g\u0259l\u0259 bilmir. Ancaq h\u0259min insanlar \u00f6zl\u0259ri xaricd\u0259 ya\u015fad\u0131qlar\u0131 evd\u0259n \u00e7\u00f6l\u0259 \u00e7\u0131xa bilmirl\u0259r&#8221;.<\/p>\n","protected":false},"author":2,"featured_media":147102,"comment_status":"closed","ping_status":"closed","sticky":false,"template":"","format":"standard","meta":{"om_disable_all_campaigns":false,"_monsterinsights_skip_tracking":false,"_monsterinsights_sitenote_active":false,"_monsterinsights_sitenote_note":"","_monsterinsights_sitenote_category":0},"categories":[19],"tags":[],"aioseo_notices":[],"gutentor_comment":0,"rttpg_featured_image_url":{"full":["https:\/\/arantv.az\/wp-content\/uploads\/2020\/03\/837626.jpg",800,600,false],"landscape":["https:\/\/arantv.az\/wp-content\/uploads\/2020\/03\/837626.jpg",800,600,false],"portraits":["https:\/\/arantv.az\/wp-content\/uploads\/2020\/03\/837626.jpg",800,600,false],"thumbnail":["https:\/\/arantv.az\/wp-content\/uploads\/2020\/03\/837626-150x150.jpg",150,150,true],"medium":["https:\/\/arantv.az\/wp-content\/uploads\/2020\/03\/837626-300x225.jpg",300,225,true],"large":["https:\/\/arantv.az\/wp-content\/uploads\/2020\/03\/837626.jpg",640,480,false],"1536x1536":["https:\/\/arantv.az\/wp-content\/uploads\/2020\/03\/837626.jpg",800,600,false],"2048x2048":["https:\/\/arantv.az\/wp-content\/uploads\/2020\/03\/837626.jpg",800,600,false],"post-thumbnail":["https:\/\/arantv.az\/wp-content\/uploads\/2020\/03\/837626-240x172.jpg",240,172,true],"advps-thumb-one":["https:\/\/arantv.az\/wp-content\/uploads\/2020\/03\/837626.jpg",800,600,false]},"rttpg_author":{"display_name":"V\u00fcsal Rafiqo\u011flu","author_link":"https:\/\/arantv.az\/?author=2"},"rttpg_comment":0,"rttpg_category":"<a href=\"https:\/\/arantv.az\/?cat=19\" rel=\"category\">G\u00fcnd\u0259m<\/a>","rttpg_excerpt":"Biz \u00fc\u00e7 virusa qar\u015f\u0131 m\u00fcbariz\u0259 apar\u0131r\u0131q. Koronavirus, erm\u0259nil\u0259r v\u0259 \u00fc\u00e7\u00fcnc\u00fc virus da sap\u0131 \u00f6z\u00fcm\u00fczd\u0259n olan baltalard\u0131r. ARANTV.AZ\u00a0\u00a0Trend-\u0259 istinad\u0259n bildirir ki,\u00a0bunu Milli M\u0259clisin Regional m\u0259s\u0259l\u0259l\u0259r komit\u0259sinin s\u0259dri Siyavu\u015f Novruzov parlamentin bu g\u00fcn ke\u00e7iril\u0259n iclas\u0131nda deyib. O qeyd edib ki, b\u0259zil\u0259ri gedib xaricd\u0259 oturub Az\u0259rbaycan bar\u0259d\u0259 q\u0259r\u0259zli fikirl\u0259r s\u00f6yl\u0259yirl\u0259r: &#8220;B\u0259zil\u0259ri \u00e7ox sevinc\u0259k halda virusun geni\u015fl\u0259nm\u0259sind\u0259n dan\u0131\u015f\u0131r, guya&hellip;","_links":{"self":[{"href":"https:\/\/arantv.az\/index.php?rest_route=\/wp\/v2\/posts\/147101"}],"collection":[{"href":"https:\/\/arantv.az\/index.php?rest_route=\/wp\/v2\/posts"}],"about":[{"href":"https:\/\/arantv.az\/index.php?rest_route=\/wp\/v2\/types\/post"}],"author":[{"embeddable":true,"href":"https:\/\/arantv.az\/index.php?rest_route=\/wp\/v2\/users\/2"}],"replies":[{"embeddable":true,"href":"https:\/\/arantv.az\/index.php?rest_route=%2Fwp%2Fv2%2Fcomments&post=147101"}],"version-history":[{"count":0,"href":"https:\/\/arantv.az\/index.php?rest_route=\/wp\/v2\/posts\/147101\/revisions"}],"wp:featuredmedia":[{"embeddable":true,"href":"https:\/\/arantv.az\/index.php?rest_route=\/wp\/v2\/media\/147102"}],"wp:attachment":[{"href":"https:\/\/arantv.az\/index.php?rest_route=%2Fwp%2Fv2%2Fmedia&parent=147101"}],"wp:term":[{"taxonomy":"category","embeddable":true,"href":"https:\/\/arantv.az\/index.php?rest_route=%2Fwp%2Fv2%2Fcategories&post=147101"},{"taxonomy":"post_tag","embeddable":true,"href":"https:\/\/arantv.az\/index.php?rest_route=%2Fwp%2Fv2%2Ftags&post=147101"}],"curies":[{"name":"wp","href":"https:\/\/api.w.org\/{rel}","templated":true}]}}