{"id":147214,"date":"2020-03-30T12:30:36","date_gmt":"2020-03-30T09:30:36","guid":{"rendered":"http:\/\/arantv.az\/?p=147214"},"modified":"2020-03-30T12:30:36","modified_gmt":"2020-03-30T09:30:36","slug":"tahir-k%c9%99rimlinin-n%c9%99v%c9%99sin%c9%99-bu-adi-qoymaga-icaz%c9%99-verm%c9%99dil%c9%99r","status":"publish","type":"post","link":"https:\/\/arantv.az\/?p=147214","title":{"rendered":"Tahir K\u0259rimlinin n\u0259v\u0259sin\u0259 bu ad\u0131 qoyma\u011fa icaz\u0259 verm\u0259dil\u0259r"},"content":{"rendered":"<p>\u201cBu yax\u0131nlarda n\u0259v\u0259m\u0259 Do\u011frul ad\u0131n\u0131 qoymaq ist\u0259yirdik, lakin icaz\u0259 verm\u0259dil\u0259r\u201d.<\/p>\n<p><b>ARANTV.AZ<\/b>-\u0131n m\u0259lumat\u0131na g\u00f6r\u0259, bu bar\u0259d\u0259 deputat Tahir K\u0259rimli Milli M\u0259clisin iclas\u0131nda bildirib.<\/p>\n<div id=\"AdviadNativeVideo0\" class=\"AdviadNativeVideo\"><\/div>\n<p>\u201cTo\u011frul el\u0259 Do\u011frul dem\u0259kdir. Lakin dedil\u0259r ki, Do\u011frul ad\u0131 olmaz, To\u011frul ad\u0131na icaz\u0259 verdil\u0259r\u201d, &#8211; o qeyd edib.Oxu.Az<\/p>\n","protected":false},"excerpt":{"rendered":"<p>\u201cBu yax\u0131nlarda n\u0259v\u0259m\u0259 Do\u011frul ad\u0131n\u0131 qoymaq ist\u0259yirdik, lakin icaz\u0259 verm\u0259dil\u0259r\u201d. ARANTV.AZ-\u0131n m\u0259lumat\u0131na g\u00f6r\u0259, bu bar\u0259d\u0259 deputat Tahir K\u0259rimli Milli M\u0259clisin iclas\u0131nda bildirib. \u201cTo\u011frul el\u0259 Do\u011frul dem\u0259kdir. Lakin dedil\u0259r ki, Do\u011frul ad\u0131 olmaz, To\u011frul ad\u0131na icaz\u0259 verdil\u0259r\u201d, &#8211; o qeyd edib.Oxu.Az<\/p>\n","protected":false},"author":2,"featured_media":147215,"comment_status":"closed","ping_status":"closed","sticky":false,"template":"","format":"standard","meta":{"om_disable_all_campaigns":false,"_monsterinsights_skip_tracking":false,"_monsterinsights_sitenote_active":false,"_monsterinsights_sitenote_note":"","_monsterinsights_sitenote_category":0},"categories":[1],"tags":[],"aioseo_notices":[],"gutentor_comment":0,"rttpg_featured_image_url":{"full":["https:\/\/arantv.az\/wp-content\/uploads\/2020\/03\/tahir.jpg",620,413,false],"landscape":["https:\/\/arantv.az\/wp-content\/uploads\/2020\/03\/tahir.jpg",620,413,false],"portraits":["https:\/\/arantv.az\/wp-content\/uploads\/2020\/03\/tahir.jpg",620,413,false],"thumbnail":["https:\/\/arantv.az\/wp-content\/uploads\/2020\/03\/tahir-150x150.jpg",150,150,true],"medium":["https:\/\/arantv.az\/wp-content\/uploads\/2020\/03\/tahir-300x200.jpg",300,200,true],"large":["https:\/\/arantv.az\/wp-content\/uploads\/2020\/03\/tahir.jpg",620,413,false],"1536x1536":["https:\/\/arantv.az\/wp-content\/uploads\/2020\/03\/tahir.jpg",620,413,false],"2048x2048":["https:\/\/arantv.az\/wp-content\/uploads\/2020\/03\/tahir.jpg",620,413,false],"post-thumbnail":["https:\/\/arantv.az\/wp-content\/uploads\/2020\/03\/tahir-240x172.jpg",240,172,true],"advps-thumb-one":["https:\/\/arantv.az\/wp-content\/uploads\/2020\/03\/tahir.jpg",620,413,false]},"rttpg_author":{"display_name":"V\u00fcsal Rafiqo\u011flu","author_link":"https:\/\/arantv.az\/?author=2"},"rttpg_comment":0,"rttpg_category":"<a href=\"https:\/\/arantv.az\/?cat=1\" rel=\"category\">C\u0259miyy\u0259t<\/a>","rttpg_excerpt":"\u201cBu yax\u0131nlarda n\u0259v\u0259m\u0259 Do\u011frul ad\u0131n\u0131 qoymaq ist\u0259yirdik, lakin icaz\u0259 verm\u0259dil\u0259r\u201d. ARANTV.AZ-\u0131n m\u0259lumat\u0131na g\u00f6r\u0259, bu bar\u0259d\u0259 deputat Tahir K\u0259rimli Milli M\u0259clisin iclas\u0131nda bildirib. \u201cTo\u011frul el\u0259 Do\u011frul dem\u0259kdir. Lakin dedil\u0259r ki, Do\u011frul ad\u0131 olmaz, To\u011frul ad\u0131na icaz\u0259 verdil\u0259r\u201d, &#8211; o qeyd edib.Oxu.Az","_links":{"self":[{"href":"https:\/\/arantv.az\/index.php?rest_route=\/wp\/v2\/posts\/147214"}],"collection":[{"href":"https:\/\/arantv.az\/index.php?rest_route=\/wp\/v2\/posts"}],"about":[{"href":"https:\/\/arantv.az\/index.php?rest_route=\/wp\/v2\/types\/post"}],"author":[{"embeddable":true,"href":"https:\/\/arantv.az\/index.php?rest_route=\/wp\/v2\/users\/2"}],"replies":[{"embeddable":true,"href":"https:\/\/arantv.az\/index.php?rest_route=%2Fwp%2Fv2%2Fcomments&post=147214"}],"version-history":[{"count":0,"href":"https:\/\/arantv.az\/index.php?rest_route=\/wp\/v2\/posts\/147214\/revisions"}],"wp:featuredmedia":[{"embeddable":true,"href":"https:\/\/arantv.az\/index.php?rest_route=\/wp\/v2\/media\/147215"}],"wp:attachment":[{"href":"https:\/\/arantv.az\/index.php?rest_route=%2Fwp%2Fv2%2Fmedia&parent=147214"}],"wp:term":[{"taxonomy":"category","embeddable":true,"href":"https:\/\/arantv.az\/index.php?rest_route=%2Fwp%2Fv2%2Fcategories&post=147214"},{"taxonomy":"post_tag","embeddable":true,"href":"https:\/\/arantv.az\/index.php?rest_route=%2Fwp%2Fv2%2Ftags&post=147214"}],"curies":[{"name":"wp","href":"https:\/\/api.w.org\/{rel}","templated":true}]}}