{"id":147222,"date":"2020-03-30T12:51:27","date_gmt":"2020-03-30T09:51:27","guid":{"rendered":"http:\/\/arantv.az\/?p=147222"},"modified":"2020-03-30T12:51:27","modified_gmt":"2020-03-30T09:51:27","slug":"az%c9%99rbaycanda-yeni-medal-t%c9%99sis-edilir-4","status":"publish","type":"post","link":"https:\/\/arantv.az\/?p=147222","title":{"rendered":"Az\u0259rbaycanda yeni medal t\u0259sis edilir"},"content":{"rendered":"<p>Az\u0259rbaycanda yeni medal t\u0259sis edilir.<\/p>\n<p><strong>ARANTV.AZ<\/strong>\u00a0\u00a0<a href=\"http:\/\/az.trend.az\/\" target=\"_blank\" rel=\"noopener\">Trend<\/a>-\u0259 istinad\u0259n bildirir ki,\u00a0bununla ba\u011fl\u0131 m\u0259s\u0259l\u0259 Milli M\u0259clisin bu g\u00fcn ke\u00e7iril\u0259n plenar iclas\u0131n\u0131n g\u00fcnd\u0259liyin\u0259 daxil edilib.<\/p>\n<p>B\u00f6y\u00fck V\u0259t\u0259n M\u00fcharib\u0259sind\u0259 q\u0259l\u0259b\u0259nin 75 illiyi Az\u0259rbaycan Respublikas\u0131n\u0131n yubiley medal\u0131n\u0131n t\u0259sis edilm\u0259si il\u0259 \u0259laq\u0259dar Az\u0259rbaycan Respublikas\u0131n\u0131n orden v\u0259 medallar\u0131n\u0131n t\u0259sdiq edilm\u0259si haqq\u0131nda qanuna d\u0259yi\u015fiklik m\u00fczakir\u0259y\u0259 \u00e7\u0131xar\u0131l\u0131b.<\/p>\n<p>M\u00fczakir\u0259l\u0259rd\u0259n sonra t\u0259klif s\u0259s\u0259 qoyularaq q\u0259bul edilib.<\/p>\n","protected":false},"excerpt":{"rendered":"<p>Az\u0259rbaycanda yeni medal t\u0259sis edilir. ARANTV.AZ\u00a0\u00a0Trend-\u0259 istinad\u0259n bildirir ki,\u00a0bununla ba\u011fl\u0131 m\u0259s\u0259l\u0259 Milli M\u0259clisin bu g\u00fcn ke\u00e7iril\u0259n plenar iclas\u0131n\u0131n g\u00fcnd\u0259liyin\u0259 daxil edilib. B\u00f6y\u00fck V\u0259t\u0259n M\u00fcharib\u0259sind\u0259 q\u0259l\u0259b\u0259nin 75 illiyi Az\u0259rbaycan Respublikas\u0131n\u0131n yubiley medal\u0131n\u0131n t\u0259sis edilm\u0259si il\u0259 \u0259laq\u0259dar Az\u0259rbaycan Respublikas\u0131n\u0131n orden v\u0259 medallar\u0131n\u0131n t\u0259sdiq edilm\u0259si haqq\u0131nda qanuna d\u0259yi\u015fiklik m\u00fczakir\u0259y\u0259 \u00e7\u0131xar\u0131l\u0131b. M\u00fczakir\u0259l\u0259rd\u0259n sonra t\u0259klif s\u0259s\u0259 qoyularaq q\u0259bul edilib.<\/p>\n","protected":false},"author":2,"featured_media":147223,"comment_status":"closed","ping_status":"closed","sticky":false,"template":"","format":"standard","meta":{"om_disable_all_campaigns":false,"_monsterinsights_skip_tracking":false,"_monsterinsights_sitenote_active":false,"_monsterinsights_sitenote_note":"","_monsterinsights_sitenote_category":0},"categories":[19],"tags":[],"aioseo_notices":[],"gutentor_comment":0,"rttpg_featured_image_url":{"full":["https:\/\/arantv.az\/wp-content\/uploads\/2020\/03\/837671.jpg",800,600,false],"landscape":["https:\/\/arantv.az\/wp-content\/uploads\/2020\/03\/837671.jpg",800,600,false],"portraits":["https:\/\/arantv.az\/wp-content\/uploads\/2020\/03\/837671.jpg",800,600,false],"thumbnail":["https:\/\/arantv.az\/wp-content\/uploads\/2020\/03\/837671-150x150.jpg",150,150,true],"medium":["https:\/\/arantv.az\/wp-content\/uploads\/2020\/03\/837671-300x225.jpg",300,225,true],"large":["https:\/\/arantv.az\/wp-content\/uploads\/2020\/03\/837671.jpg",640,480,false],"1536x1536":["https:\/\/arantv.az\/wp-content\/uploads\/2020\/03\/837671.jpg",800,600,false],"2048x2048":["https:\/\/arantv.az\/wp-content\/uploads\/2020\/03\/837671.jpg",800,600,false],"post-thumbnail":["https:\/\/arantv.az\/wp-content\/uploads\/2020\/03\/837671-240x172.jpg",240,172,true],"advps-thumb-one":["https:\/\/arantv.az\/wp-content\/uploads\/2020\/03\/837671.jpg",800,600,false]},"rttpg_author":{"display_name":"V\u00fcsal Rafiqo\u011flu","author_link":"https:\/\/arantv.az\/?author=2"},"rttpg_comment":0,"rttpg_category":"<a href=\"https:\/\/arantv.az\/?cat=19\" rel=\"category\">G\u00fcnd\u0259m<\/a>","rttpg_excerpt":"Az\u0259rbaycanda yeni medal t\u0259sis edilir. ARANTV.AZ\u00a0\u00a0Trend-\u0259 istinad\u0259n bildirir ki,\u00a0bununla ba\u011fl\u0131 m\u0259s\u0259l\u0259 Milli M\u0259clisin bu g\u00fcn ke\u00e7iril\u0259n plenar iclas\u0131n\u0131n g\u00fcnd\u0259liyin\u0259 daxil edilib. B\u00f6y\u00fck V\u0259t\u0259n M\u00fcharib\u0259sind\u0259 q\u0259l\u0259b\u0259nin 75 illiyi Az\u0259rbaycan Respublikas\u0131n\u0131n yubiley medal\u0131n\u0131n t\u0259sis edilm\u0259si il\u0259 \u0259laq\u0259dar Az\u0259rbaycan Respublikas\u0131n\u0131n orden v\u0259 medallar\u0131n\u0131n t\u0259sdiq edilm\u0259si haqq\u0131nda qanuna d\u0259yi\u015fiklik m\u00fczakir\u0259y\u0259 \u00e7\u0131xar\u0131l\u0131b. M\u00fczakir\u0259l\u0259rd\u0259n sonra t\u0259klif s\u0259s\u0259 qoyularaq q\u0259bul edilib.","_links":{"self":[{"href":"https:\/\/arantv.az\/index.php?rest_route=\/wp\/v2\/posts\/147222"}],"collection":[{"href":"https:\/\/arantv.az\/index.php?rest_route=\/wp\/v2\/posts"}],"about":[{"href":"https:\/\/arantv.az\/index.php?rest_route=\/wp\/v2\/types\/post"}],"author":[{"embeddable":true,"href":"https:\/\/arantv.az\/index.php?rest_route=\/wp\/v2\/users\/2"}],"replies":[{"embeddable":true,"href":"https:\/\/arantv.az\/index.php?rest_route=%2Fwp%2Fv2%2Fcomments&post=147222"}],"version-history":[{"count":0,"href":"https:\/\/arantv.az\/index.php?rest_route=\/wp\/v2\/posts\/147222\/revisions"}],"wp:featuredmedia":[{"embeddable":true,"href":"https:\/\/arantv.az\/index.php?rest_route=\/wp\/v2\/media\/147223"}],"wp:attachment":[{"href":"https:\/\/arantv.az\/index.php?rest_route=%2Fwp%2Fv2%2Fmedia&parent=147222"}],"wp:term":[{"taxonomy":"category","embeddable":true,"href":"https:\/\/arantv.az\/index.php?rest_route=%2Fwp%2Fv2%2Fcategories&post=147222"},{"taxonomy":"post_tag","embeddable":true,"href":"https:\/\/arantv.az\/index.php?rest_route=%2Fwp%2Fv2%2Ftags&post=147222"}],"curies":[{"name":"wp","href":"https:\/\/api.w.org\/{rel}","templated":true}]}}