{"id":147226,"date":"2020-03-30T12:52:23","date_gmt":"2020-03-30T09:52:23","guid":{"rendered":"http:\/\/arantv.az\/?p=147226"},"modified":"2020-03-30T12:52:23","modified_gmt":"2020-03-30T09:52:23","slug":"s%c9%99h%c9%99rsalma-v%c9%99-tikinti-m%c9%99c%c9%99ll%c9%99sin%c9%99-d%c9%99yisiklik-t%c9%99sdiq-edildi","status":"publish","type":"post","link":"https:\/\/arantv.az\/?p=147226","title":{"rendered":"\u015e\u0259h\u0259rsalma v\u0259 Tikinti M\u0259c\u0259ll\u0259sin\u0259 d\u0259yi\u015fiklik t\u0259sdiq edildi"},"content":{"rendered":"<p><strong>&#8220;Az\u0259rbaycan Respublikas\u0131n\u0131n \u015e\u0259h\u0259rsalma v\u0259 Tikinti M\u0259c\u0259ll\u0259sinin t\u0259sdiq edilm\u0259si, q\u00fcvv\u0259y\u0259 minm\u0259si v\u0259 bununla ba\u011fl\u0131 h\u00fcquqi t\u0259nziml\u0259m\u0259 haqq\u0131nda&#8221; qanuna d\u0259yi\u015fiklik edilib.<\/strong><\/p>\n<p><strong>ARANTV.AZ<\/strong>\u00a0\u00a0<a href=\"http:\/\/az.trend.az\/\" target=\"_blank\" rel=\"noopener\">Trend<\/a>-\u0259 istinad\u0259n bildirir ki,\u00a0Milli M\u0259clisin bu g\u00fcn ke\u00e7iril\u0259n iclas\u0131nda m\u00fczakir\u0259y\u0259 \u00e7\u0131xar\u0131lan d\u0259yi\u015fikliy\u0259 \u0259sas\u0259n, qanunun 2.2-ci madd\u0259sind\u0259 &#8220;7 il&#8221; s\u00f6zl\u0259ri &#8220;8 il&#8221; s\u00f6zl\u0259ri il\u0259 \u0259v\u0259z edilm\u0259si t\u0259klif edilir.<\/p>\n<p>Bel\u0259 ki, tikinti layih\u0259l\u0259rinin \u015f\u0259h\u0259rsalma s\u0259n\u0259dl\u0259rin\u0259 uy\u011funlu\u011funa dair \u015e\u0259h\u0259rsalma v\u0259 Tikinti M\u0259c\u0259ll\u0259sinin 11.1-ci madd\u0259sinin birinci c\u00fcml\u0259sind\u0259 n\u0259z\u0259rd\u0259 tutulmu\u015f m\u00fcdd\u0259a &#8211; M\u0259c\u0259ll\u0259nin q\u00fcvv\u0259y\u0259 mindiyi g\u00fcnd\u0259n 7 il deyil, 8 il sonra q\u00fcvv\u0259y\u0259 min\u0259c\u0259k.<\/p>\n<p>M\u0259c\u0259ll\u0259nin h\u0259min madd\u0259sind\u0259 deyilir: Tikinti layih\u0259l\u0259ri \u015f\u0259h\u0259rsalma s\u0259n\u0259dl\u0259rinin, o c\u00fcml\u0259d\u0259n m\u00fcf\u0259ss\u0259l plan\u0131n m\u00fc\u0259yy\u0259nl\u0259\u015fdirdiyi t\u0259l\u0259bl\u0259r\u0259 uy\u011fun olmal\u0131d\u0131r.<\/p>\n<p>\u015e\u0259h\u0259rsalma v\u0259 Tikinti M\u0259c\u0259ll\u0259si 29 iyun 2012-ci ild\u0259 t\u0259sdiql\u0259nib.<\/p>\n","protected":false},"excerpt":{"rendered":"<p>&#8220;Az\u0259rbaycan Respublikas\u0131n\u0131n \u015e\u0259h\u0259rsalma v\u0259 Tikinti M\u0259c\u0259ll\u0259sinin t\u0259sdiq edilm\u0259si, q\u00fcvv\u0259y\u0259 minm\u0259si v\u0259 bununla ba\u011fl\u0131 h\u00fcquqi t\u0259nziml\u0259m\u0259 haqq\u0131nda&#8221; qanuna d\u0259yi\u015fiklik edilib. ARANTV.AZ\u00a0\u00a0Trend-\u0259 istinad\u0259n bildirir ki,\u00a0Milli M\u0259clisin bu g\u00fcn ke\u00e7iril\u0259n iclas\u0131nda m\u00fczakir\u0259y\u0259 \u00e7\u0131xar\u0131lan d\u0259yi\u015fikliy\u0259 \u0259sas\u0259n, qanunun 2.2-ci madd\u0259sind\u0259 &#8220;7 il&#8221; s\u00f6zl\u0259ri &#8220;8 il&#8221; s\u00f6zl\u0259ri il\u0259 \u0259v\u0259z edilm\u0259si t\u0259klif edilir. Bel\u0259 ki, tikinti layih\u0259l\u0259rinin \u015f\u0259h\u0259rsalma s\u0259n\u0259dl\u0259rin\u0259 uy\u011funlu\u011funa dair \u015e\u0259h\u0259rsalma v\u0259 Tikinti M\u0259c\u0259ll\u0259sinin 11.1-ci madd\u0259sinin birinci c\u00fcml\u0259sind\u0259 n\u0259z\u0259rd\u0259 tutulmu\u015f m\u00fcdd\u0259a &#8211; M\u0259c\u0259ll\u0259nin q\u00fcvv\u0259y\u0259 mindiyi g\u00fcnd\u0259n 7 il deyil, 8 il sonra q\u00fcvv\u0259y\u0259 min\u0259c\u0259k. M\u0259c\u0259ll\u0259nin h\u0259min madd\u0259sind\u0259 deyilir: Tikinti layih\u0259l\u0259ri \u015f\u0259h\u0259rsalma s\u0259n\u0259dl\u0259rinin, o c\u00fcml\u0259d\u0259n m\u00fcf\u0259ss\u0259l plan\u0131n&hellip;<\/p>\n","protected":false},"author":2,"featured_media":147227,"comment_status":"closed","ping_status":"closed","sticky":false,"template":"","format":"standard","meta":{"om_disable_all_campaigns":false,"_monsterinsights_skip_tracking":false,"_monsterinsights_sitenote_active":false,"_monsterinsights_sitenote_note":"","_monsterinsights_sitenote_category":0},"categories":[8],"tags":[],"aioseo_notices":[],"gutentor_comment":0,"rttpg_featured_image_url":{"full":["https:\/\/arantv.az\/wp-content\/uploads\/2020\/03\/milli_meclis_000.jpg",482,361,false],"landscape":["https:\/\/arantv.az\/wp-content\/uploads\/2020\/03\/milli_meclis_000.jpg",482,361,false],"portraits":["https:\/\/arantv.az\/wp-content\/uploads\/2020\/03\/milli_meclis_000.jpg",482,361,false],"thumbnail":["https:\/\/arantv.az\/wp-content\/uploads\/2020\/03\/milli_meclis_000-150x150.jpg",150,150,true],"medium":["https:\/\/arantv.az\/wp-content\/uploads\/2020\/03\/milli_meclis_000-300x225.jpg",300,225,true],"large":["https:\/\/arantv.az\/wp-content\/uploads\/2020\/03\/milli_meclis_000.jpg",482,361,false],"1536x1536":["https:\/\/arantv.az\/wp-content\/uploads\/2020\/03\/milli_meclis_000.jpg",482,361,false],"2048x2048":["https:\/\/arantv.az\/wp-content\/uploads\/2020\/03\/milli_meclis_000.jpg",482,361,false],"post-thumbnail":["https:\/\/arantv.az\/wp-content\/uploads\/2020\/03\/milli_meclis_000-240x172.jpg",240,172,true],"advps-thumb-one":["https:\/\/arantv.az\/wp-content\/uploads\/2020\/03\/milli_meclis_000.jpg",482,361,false]},"rttpg_author":{"display_name":"V\u00fcsal Rafiqo\u011flu","author_link":"https:\/\/arantv.az\/?author=2"},"rttpg_comment":0,"rttpg_category":"<a href=\"https:\/\/arantv.az\/?cat=8\" rel=\"category\">\u018fsas s\u0259hif\u0259<\/a>","rttpg_excerpt":"&#8220;Az\u0259rbaycan Respublikas\u0131n\u0131n \u015e\u0259h\u0259rsalma v\u0259 Tikinti M\u0259c\u0259ll\u0259sinin t\u0259sdiq edilm\u0259si, q\u00fcvv\u0259y\u0259 minm\u0259si v\u0259 bununla ba\u011fl\u0131 h\u00fcquqi t\u0259nziml\u0259m\u0259 haqq\u0131nda&#8221; qanuna d\u0259yi\u015fiklik edilib. ARANTV.AZ\u00a0\u00a0Trend-\u0259 istinad\u0259n bildirir ki,\u00a0Milli M\u0259clisin bu g\u00fcn ke\u00e7iril\u0259n iclas\u0131nda m\u00fczakir\u0259y\u0259 \u00e7\u0131xar\u0131lan d\u0259yi\u015fikliy\u0259 \u0259sas\u0259n, qanunun 2.2-ci madd\u0259sind\u0259 &#8220;7 il&#8221; s\u00f6zl\u0259ri &#8220;8 il&#8221; s\u00f6zl\u0259ri il\u0259 \u0259v\u0259z edilm\u0259si t\u0259klif edilir. Bel\u0259 ki, tikinti layih\u0259l\u0259rinin \u015f\u0259h\u0259rsalma s\u0259n\u0259dl\u0259rin\u0259 uy\u011funlu\u011funa dair \u015e\u0259h\u0259rsalma&hellip;","_links":{"self":[{"href":"https:\/\/arantv.az\/index.php?rest_route=\/wp\/v2\/posts\/147226"}],"collection":[{"href":"https:\/\/arantv.az\/index.php?rest_route=\/wp\/v2\/posts"}],"about":[{"href":"https:\/\/arantv.az\/index.php?rest_route=\/wp\/v2\/types\/post"}],"author":[{"embeddable":true,"href":"https:\/\/arantv.az\/index.php?rest_route=\/wp\/v2\/users\/2"}],"replies":[{"embeddable":true,"href":"https:\/\/arantv.az\/index.php?rest_route=%2Fwp%2Fv2%2Fcomments&post=147226"}],"version-history":[{"count":0,"href":"https:\/\/arantv.az\/index.php?rest_route=\/wp\/v2\/posts\/147226\/revisions"}],"wp:featuredmedia":[{"embeddable":true,"href":"https:\/\/arantv.az\/index.php?rest_route=\/wp\/v2\/media\/147227"}],"wp:attachment":[{"href":"https:\/\/arantv.az\/index.php?rest_route=%2Fwp%2Fv2%2Fmedia&parent=147226"}],"wp:term":[{"taxonomy":"category","embeddable":true,"href":"https:\/\/arantv.az\/index.php?rest_route=%2Fwp%2Fv2%2Fcategories&post=147226"},{"taxonomy":"post_tag","embeddable":true,"href":"https:\/\/arantv.az\/index.php?rest_route=%2Fwp%2Fv2%2Ftags&post=147226"}],"curies":[{"name":"wp","href":"https:\/\/api.w.org\/{rel}","templated":true}]}}