{"id":14919,"date":"2018-09-22T13:17:04","date_gmt":"2018-09-22T10:17:04","guid":{"rendered":"http:\/\/arantv.az\/?p=14919"},"modified":"2018-09-22T13:17:04","modified_gmt":"2018-09-22T10:17:04","slug":"politoloq-az%c9%99rbaycan-inkisaf-edir-erm%c9%99nistan-is%c9%99-yoxsul-xarici-yardimlar-hesabina-dolanan-olk%c9%99y%c9%99-cevrilib","status":"publish","type":"post","link":"https:\/\/arantv.az\/?p=14919","title":{"rendered":"Politoloq: &#8220;Az\u0259rbaycan inki\u015faf edir, Erm\u0259nistan is\u0259 yoxsul, xarici yard\u0131mlar hesab\u0131na dolanan \u00f6lk\u0259y\u0259 \u00e7evrilib&#8221;"},"content":{"rendered":"<p><strong>&#8220;Az\u0259rbaycan inki\u015faf edir, Erm\u0259nistan is\u0259 yoxsul, xarici yard\u0131mlar hesab\u0131na dolanan \u00f6lk\u0259y\u0259 \u00e7evrilib&#8221;.<\/strong><\/p>\n<p><strong>ARANTV.AZ\u00a0<\/strong> x\u0259b\u0259r verir ki, bunu trend-\u0259 politoloq\u00a0<strong>Arzu Na\u011f\u0131yev<\/strong>\u00a0deyib.<\/p>\n<p>A.Na\u011f\u0131yev qeyd edib ki, Az\u0259rbaycan parlamentinin 100 illiyin\u0259 h\u0259sr edilmi\u015f t\u0259nt\u0259n\u0259li iclas\u0131n ke\u00e7irilm\u0259si h\u0259m dostlara, h\u0259m d\u0259 d\u00fc\u015fm\u0259nl\u0259r\u0259 bir mesajd\u0131r:<\/p>\n<p>&#8220;Dostlar t\u0259bii ki, Az\u0259rbaycan\u0131n iqtisadi, siyasi v\u0259 h\u0259rbi sah\u0259d\u0259 apard\u0131\u011f\u0131 islahatlara, \u0259ld\u0259 etdiyi nailiyy\u0259tl\u0259r\u0259 sevinir, d\u00fc\u015fm\u0259nl\u0259r is\u0259 bundan narahatl\u0131q ke\u00e7irirl\u0259r. T\u0259nt\u0259n\u0259li iclas Az\u0259rbaycan Xalq C\u00fcmhuriyy\u0259tinin yaranmas\u0131n\u0131n 100 illiyi il\u0259 ba\u011fl\u0131 veril\u0259n q\u0259rarlar\u0131n bir davam\u0131d\u0131r, bunu h\u0259m ke\u00e7iril\u0259n paradlar, h\u0259m d\u0259 tarixi hadis\u0259l\u0259ri g\u0259l\u0259c\u0259k n\u0259sill\u0259r\u0259 \u00f6t\u00fcrm\u0259k istiqam\u0259tind\u0259 at\u0131lan add\u0131mlar bir daha g\u00f6st\u0259rdi. B\u00fct\u00fcn bu t\u0259dbirl\u0259r Az\u0259rbaycan d\u00f6vl\u0259tinin ke\u00e7diyi \u015f\u0259r\u0259fli tarixin g\u00f6st\u0259ricisidir&#8221;.<\/p>\n<p>Politoloq bildirib ki, Az\u0259rbaycan Prezidenti \u0130lham \u018fliyevin Milli M\u0259clisd\u0259ki \u00e7\u0131x\u0131\u015f\u0131 bu \u015f\u0259r\u0259fli yolun hans\u0131 \u00e7\u0259tinlikd\u0259n ke\u00e7diyi, bu g\u00fcn daxili v\u0259 xarici siyas\u0259td\u0259, eyni zamanda iqtisadi islahatlarla h\u0259rbi potensial\u0131n daha da g\u00fccl\u0259nm\u0259si il\u0259 ba\u011fl\u0131 h\u0259d\u0259fl\u0259rin beyn\u0259lxalq s\u0259viyy\u0259d\u0259 \u00e7atd\u0131r\u0131lmas\u0131 idi:<\/p>\n<p>&#8220;Eyni zamanda Da\u011fl\u0131q Qaraba\u011f m\u00fcnaqi\u015f\u0259sinin h\u0259llinin Az\u0259rbaycan \u00fc\u00e7\u00fcn prioritet bir istiqam\u0259t oldu\u011fu bu \u00e7\u0131x\u0131\u015fda \u00f6z \u0259ksini bir daha tapd\u0131. C\u0259nab Prezident \u0130lham \u018fliyev bir daha qeyd etdi ki, Az\u0259rbaycan \u0259razisind\u0259 ikinci bir erm\u0259ni d\u00f6vl\u0259ti yaranmayacaq v\u0259 problemin s\u00fclh yolu il\u0259 h\u0259llin\u0259 t\u0259r\u0259fdar olsaq da, torpaqlar\u0131m\u0131z\u0131n i\u015f\u011faldan azad edilm\u0259si \u00fc\u00e7\u00fcn h\u0259rbi potensial\u0131m\u0131z da var v\u0259 bu, bir variant kimi aktuald\u0131r&#8221;.<\/p>\n<p>Onun s\u00f6zl\u0259rin\u0259 g\u00f6r\u0259, d\u00f6vl\u0259timizin ba\u015f\u00e7\u0131s\u0131 \u00f6z \u00e7\u0131x\u0131\u015f\u0131nda erm\u0259nil\u0259rd\u0259n f\u0259rqli olaraq Az\u0259rbaycan\u0131n qar\u015f\u0131s\u0131nda duran \u0259sas m\u0259s\u0259l\u0259l\u0259rin \u0259razil\u0259rimizin i\u015f\u011fal\u00e7\u0131lardan t\u0259mizl\u0259nm\u0259si, suverenliyimiz\u0259 v\u0259 milli t\u0259hl\u00fck\u0259sizliyimiz\u0259 olan t\u0259hdidl\u0259rin qar\u015f\u0131s\u0131n\u0131n al\u0131nmas\u0131, iqtisadi layih\u0259l\u0259rin h\u0259yata ke\u00e7irilm\u0259si v\u0259 bununla da Az\u0259rbaycan v\u0259t\u0259nda\u015f\u0131n\u0131n sosial rifah\u0131n\u0131n y\u00fcks\u0259k s\u0259viyy\u0259d\u0259 t\u0259min edilm\u0259si oldu\u011funu vur\u011fulad\u0131:<\/p>\n<p>&#8220;M\u0259hz buna g\u00f6r\u0259 d\u0259 Az\u0259rbaycan b\u00fct\u00fcn regional v\u0259 qlobal iqtisadi layih\u0259l\u0259rd\u0259 apar\u0131c\u0131 rol oynay\u0131r, beyn\u0259lxalq t\u0259dbirl\u0259r\u0259 ev sahibliyi edir v\u0259 b\u00fct\u00fcn bunlar Erm\u0259nistan\u0131n iri layih\u0259l\u0259rd\u0259n k\u0259narda qalmas\u0131, t\u0259crid olmas\u0131 il\u0259 n\u0259tic\u0259l\u0259nir. C\u0259nab Prezidentin d\u0259 qeyd etdiyi kimi, bu g\u00fcn Az\u0259rbaycan b\u00fct\u00fcn sah\u0259l\u0259rd\u0259, o c\u00fcml\u0259d\u0259n iqtisadi bax\u0131mdan inki\u015fafda olan \u00f6lk\u0259dir, Erm\u0259nistan is\u0259 yoxsul, ba\u015fqas\u0131n\u0131n \u0259lin\u0259 baxan, xarici v\u0259sait v\u0259 yard\u0131mlar hesab\u0131na dolanan \u00f6lk\u0259y\u0259 \u00e7evrilib. Az\u0259rbaycan Prezidenti \u0130lham \u018fliyev \u00f6z \u00e7\u0131x\u0131\u015f\u0131nda bir daha g\u00f6st\u0259rdi ki, d\u00f6vl\u0259timiz Xalq C\u00fcmhuriyy\u0259ti \u0259n\u0259n\u0259l\u0259rin\u0259 daim sadiq qalacaq v\u0259 bu \u0259n\u0259n\u0259l\u0259ri davam etdir\u0259c\u0259k&#8221;.<\/p>\n","protected":false},"excerpt":{"rendered":"<p>&#8220;Az\u0259rbaycan inki\u015faf edir, Erm\u0259nistan is\u0259 yoxsul, xarici yard\u0131mlar hesab\u0131na dolanan \u00f6lk\u0259y\u0259 \u00e7evrilib&#8221;. ARANTV.AZ\u00a0 x\u0259b\u0259r verir ki, bunu trend-\u0259 politoloq\u00a0Arzu Na\u011f\u0131yev\u00a0deyib. A.Na\u011f\u0131yev qeyd edib ki, Az\u0259rbaycan parlamentinin 100 illiyin\u0259 h\u0259sr edilmi\u015f t\u0259nt\u0259n\u0259li iclas\u0131n ke\u00e7irilm\u0259si h\u0259m dostlara, h\u0259m d\u0259 d\u00fc\u015fm\u0259nl\u0259r\u0259 bir mesajd\u0131r: &#8220;Dostlar t\u0259bii ki, Az\u0259rbaycan\u0131n iqtisadi, siyasi v\u0259 h\u0259rbi sah\u0259d\u0259 apard\u0131\u011f\u0131 islahatlara, \u0259ld\u0259 etdiyi nailiyy\u0259tl\u0259r\u0259 sevinir, d\u00fc\u015fm\u0259nl\u0259r is\u0259 bundan narahatl\u0131q ke\u00e7irirl\u0259r. T\u0259nt\u0259n\u0259li iclas Az\u0259rbaycan Xalq C\u00fcmhuriyy\u0259tinin yaranmas\u0131n\u0131n 100 illiyi il\u0259 ba\u011fl\u0131 veril\u0259n q\u0259rarlar\u0131n bir davam\u0131d\u0131r, bunu h\u0259m ke\u00e7iril\u0259n paradlar, h\u0259m d\u0259 tarixi hadis\u0259l\u0259ri g\u0259l\u0259c\u0259k n\u0259sill\u0259r\u0259 \u00f6t\u00fcrm\u0259k istiqam\u0259tind\u0259 at\u0131lan add\u0131mlar bir daha&hellip;<\/p>\n","protected":false},"author":2,"featured_media":14920,"comment_status":"closed","ping_status":"closed","sticky":false,"template":"","format":"standard","meta":{"om_disable_all_campaigns":false,"_monsterinsights_skip_tracking":false,"_monsterinsights_sitenote_active":false,"_monsterinsights_sitenote_note":"","_monsterinsights_sitenote_category":0},"categories":[4],"tags":[],"aioseo_notices":[],"gutentor_comment":0,"rttpg_featured_image_url":{"full":["https:\/\/arantv.az\/wp-content\/uploads\/2018\/09\/687832.jpg",600,450,false],"landscape":["https:\/\/arantv.az\/wp-content\/uploads\/2018\/09\/687832.jpg",600,450,false],"portraits":["https:\/\/arantv.az\/wp-content\/uploads\/2018\/09\/687832.jpg",600,450,false],"thumbnail":["https:\/\/arantv.az\/wp-content\/uploads\/2018\/09\/687832-150x150.jpg",150,150,true],"medium":["https:\/\/arantv.az\/wp-content\/uploads\/2018\/09\/687832-300x225.jpg",300,225,true],"large":["https:\/\/arantv.az\/wp-content\/uploads\/2018\/09\/687832.jpg",600,450,false],"1536x1536":["https:\/\/arantv.az\/wp-content\/uploads\/2018\/09\/687832.jpg",600,450,false],"2048x2048":["https:\/\/arantv.az\/wp-content\/uploads\/2018\/09\/687832.jpg",600,450,false],"post-thumbnail":["https:\/\/arantv.az\/wp-content\/uploads\/2018\/09\/687832-240x172.jpg",240,172,true],"advps-thumb-one":["https:\/\/arantv.az\/wp-content\/uploads\/2018\/09\/687832.jpg",600,450,false]},"rttpg_author":{"display_name":"V\u00fcsal Rafiqo\u011flu","author_link":"https:\/\/arantv.az\/?author=2"},"rttpg_comment":0,"rttpg_category":"<a href=\"https:\/\/arantv.az\/?cat=4\" rel=\"category\">Siyas\u0259t<\/a>","rttpg_excerpt":"&#8220;Az\u0259rbaycan inki\u015faf edir, Erm\u0259nistan is\u0259 yoxsul, xarici yard\u0131mlar hesab\u0131na dolanan \u00f6lk\u0259y\u0259 \u00e7evrilib&#8221;. ARANTV.AZ\u00a0 x\u0259b\u0259r verir ki, bunu trend-\u0259 politoloq\u00a0Arzu Na\u011f\u0131yev\u00a0deyib. A.Na\u011f\u0131yev qeyd edib ki, Az\u0259rbaycan parlamentinin 100 illiyin\u0259 h\u0259sr edilmi\u015f t\u0259nt\u0259n\u0259li iclas\u0131n ke\u00e7irilm\u0259si h\u0259m dostlara, h\u0259m d\u0259 d\u00fc\u015fm\u0259nl\u0259r\u0259 bir mesajd\u0131r: &#8220;Dostlar t\u0259bii ki, Az\u0259rbaycan\u0131n iqtisadi, siyasi v\u0259 h\u0259rbi sah\u0259d\u0259 apard\u0131\u011f\u0131 islahatlara, \u0259ld\u0259 etdiyi nailiyy\u0259tl\u0259r\u0259 sevinir,&hellip;","_links":{"self":[{"href":"https:\/\/arantv.az\/index.php?rest_route=\/wp\/v2\/posts\/14919"}],"collection":[{"href":"https:\/\/arantv.az\/index.php?rest_route=\/wp\/v2\/posts"}],"about":[{"href":"https:\/\/arantv.az\/index.php?rest_route=\/wp\/v2\/types\/post"}],"author":[{"embeddable":true,"href":"https:\/\/arantv.az\/index.php?rest_route=\/wp\/v2\/users\/2"}],"replies":[{"embeddable":true,"href":"https:\/\/arantv.az\/index.php?rest_route=%2Fwp%2Fv2%2Fcomments&post=14919"}],"version-history":[{"count":0,"href":"https:\/\/arantv.az\/index.php?rest_route=\/wp\/v2\/posts\/14919\/revisions"}],"wp:featuredmedia":[{"embeddable":true,"href":"https:\/\/arantv.az\/index.php?rest_route=\/wp\/v2\/media\/14920"}],"wp:attachment":[{"href":"https:\/\/arantv.az\/index.php?rest_route=%2Fwp%2Fv2%2Fmedia&parent=14919"}],"wp:term":[{"taxonomy":"category","embeddable":true,"href":"https:\/\/arantv.az\/index.php?rest_route=%2Fwp%2Fv2%2Fcategories&post=14919"},{"taxonomy":"post_tag","embeddable":true,"href":"https:\/\/arantv.az\/index.php?rest_route=%2Fwp%2Fv2%2Ftags&post=14919"}],"curies":[{"name":"wp","href":"https:\/\/api.w.org\/{rel}","templated":true}]}}