{"id":14922,"date":"2018-09-22T13:18:09","date_gmt":"2018-09-22T10:18:09","guid":{"rendered":"http:\/\/arantv.az\/?p=14922"},"modified":"2018-09-22T13:18:09","modified_gmt":"2018-09-22T10:18:09","slug":"mariana-vasileva-az%c9%99rbaycanda-gimnastikanin-inkisafinda-boyuk-rol-milli-gimnastika-federasiyasinin-prezidenti-mehriban-%c9%99liyevaya-m%c9%99xsusdur","status":"publish","type":"post","link":"https:\/\/arantv.az\/?p=14922","title":{"rendered":"Mariana Vasileva: &#8220;Az\u0259rbaycanda gimnastikan\u0131n inki\u015faf\u0131nda b\u00f6y\u00fck rol Milli Gimnastika Federasiyas\u0131n\u0131n prezidenti Mehriban \u018fliyevaya m\u0259xsusdur&#8221;"},"content":{"rendered":"<p><strong>ARANTV.AZ\u00a0<\/strong> x\u0259b\u0259r verir ki, bunu trend-\u0259 m\u00fcsahib\u0259sind\u0259 b\u0259dii gimnastika \u00fczr\u0259 Az\u0259rbaycan milli komandas\u0131n\u0131n ba\u015f m\u0259\u015fq\u00e7isi Mariana Vasileva deyib.<\/p>\n<p>Ba\u015f m\u0259\u015fq\u00e7i bildirib: &#8220;He\u00e7 kim Mehriban \u018fliyeva kimi i\u015fl\u0259mir v\u0259 inki\u015faf \u00fc\u00e7\u00fcn imkan yaratm\u0131r. Bu, obyektiv reall\u0131qd\u0131r. Biz ham\u0131m\u0131z ayd\u0131n g\u00f6r\u0259 bil\u0259rik ki, 5-10 il \u0259vv\u0259l v\u0259ziyy\u0259t nec\u0259 idi, indi nec\u0259dir. B\u00fct\u00fcn bu ill\u0259r \u0259rzind\u0259 \u0259n vacibi odur ki, biz m\u0259n\u0259vi d\u0259st\u0259k hiss etmi\u015fik. Biz he\u00e7 d\u0259 h\u0259r zaman yar\u0131\u015flardan medallarla qay\u0131tm\u0131rd\u0131q, u\u011fursuz g\u00fcnl\u0259rimiz d\u0259 olurdu. Amma biz h\u0259r zaman Mehriban \u018fliyevan\u0131n d\u0259st\u0259yini hiss edirik, o, h\u0259r zaman bizim yan\u0131m\u0131zdad\u0131r. Bundan ba\u015fqa, Federasiyan\u0131n vitse-prezidenti Altay H\u0259s\u0259nova d\u0259rin minn\u0259tdarl\u0131\u011f\u0131m\u0131 bildirm\u0259k ist\u0259yir\u0259m. O, bu ill\u0259r \u0259rzind\u0259 bizim inki\u015faf\u0131m\u0131z \u00fc\u00e7\u00fcn laz\u0131m olan b\u00fct\u00fcn i\u015fl\u0259ri g\u00f6r\u00fcb&#8221;.<\/p>\n<p>M.Vasileva qeyd edib ki, haz\u0131rda b\u0259dii gimnastika h\u0259m Bak\u0131da, h\u0259m d\u0259 \u00f6lk\u0259nin regionlar\u0131nda inki\u015faf edir:<\/p>\n<p>&#8220;Bu g\u00fcn bizd\u0259 b\u0259dii gimnastika 15 regionda inki\u015faf edib, art\u0131q \u00fc\u00e7\u00fcnc\u00fc ildir ki, regional yar\u0131\u015flar ke\u00e7irilir v\u0259 \u00e7ox sayda gimnastlar burada i\u015ftirak edir. \u00d6t\u0259n ilin sonuna olan hesabata \u0259sas\u0259n, regionlarda 1258 gimnast m\u0259\u015fq edib. \u018flb\u0259tt\u0259, indi onlar\u0131n say\u0131 daha \u00e7oxdur, \u00e7\u00fcnki il \u0259rzind\u0259 daha 3 regionda gimnastika b\u00f6lm\u0259l\u0259ri a\u00e7\u0131l\u0131b, ilin sonunad\u0259k is\u0259 daha 3 regionda bu c\u00fcr b\u00f6lm\u0259l\u0259r a\u00e7\u0131lacaq. Fikrimc\u0259, ilin sonunad\u0259k gimnastlar\u0131n say\u0131 2500-\u0259 \u00e7atacaq. Bak\u0131ya g\u0259ldikd\u0259 is\u0259, bura \u0259lb\u0259tt\u0259 ki, \u00f6lk\u0259nin b\u0259dii gimnastika m\u0259rk\u0259zidir. Bizd\u0259 milli komandaya gimnast haz\u0131rlayan bir ne\u00e7\u0259 klub var. B\u00fct\u00fcn klublarla f\u0259al \u0259m\u0259kda\u015fl\u0131q edirik, \u00e7\u00fcnki ham\u0131m\u0131z eyni i\u015fi g\u00f6r\u00fcr\u00fck ki, gimnastika inki\u015faf etsin v\u0259 biz daha yax\u015f\u0131 n\u0259tic\u0259l\u0259r g\u00f6st\u0259r\u0259k&#8221;.<\/p>\n<div id=\"AdributorNativeVideo0\" class=\"AdributorNativeVideo\"><\/div>\n<p>2018-ci ild\u0259 \u0259ld\u0259 olunmu\u015f n\u0259tic\u0259l\u0259rd\u0259n dan\u0131\u015fan M.Vasileva vur\u011fulay\u0131b ki, bu ili Az\u0259rbaycan b\u0259dii gimnastikas\u0131 \u00fc\u00e7\u00fcn sad\u0259c\u0259 u\u011furlu adland\u0131rmaq olmaz. Onun s\u00f6zl\u0259rin\u0259 g\u00f6r\u0259, 2018-ci il Az\u0259rbaycan b\u0259dii gimnastikas\u0131nda davaml\u0131 u\u011furlar\u0131n ba\u015flan\u011f\u0131c ili olub:<\/p>\n<p>&#8220;Bu il biz yax\u015f\u0131 n\u0259tic\u0259l\u0259r \u0259ld\u0259 etdik. Gimnast\u0131m\u0131z Arzu C\u0259lilova Avropa \u00e7empionat\u0131nda b\u00fcr\u00fcnc medal qazand\u0131, qrup komandas\u0131 Avropa \u00e7empionat\u0131nda 3 top v\u0259 2 ipl\u0259 h\u0259r\u0259k\u0259tl\u0259rd\u0259 b\u00fcr\u00fcnc medal qazand\u0131, d\u00fcnya \u00e7empionat\u0131nda halqalarla h\u0259r\u0259k\u0259tl\u0259rd\u0259 be\u015finci v\u0259 \u00e7oxn\u00f6v\u00e7\u00fcl\u00fckd\u0259 yeddinci yeri tutdu. Bundan ba\u015fqa, onlar &#8220;Challenge Cup&#8221; turnirind\u0259 qalb g\u0259ldil\u0259r ki, bu da bizim \u00fc\u00e7\u00fcn b\u00f6y\u00fck n\u00fcfuz hesab olunur. Bu il biz, h\u0259m\u00e7inin g\u0259ncl\u0259rin Olimpiya Oyunlar\u0131nda i\u015ftirak\u0131na nail olduq v\u0259 art\u0131q iki h\u0259ft\u0259 sonra Yelizaveta Luzan Az\u0259rbaycan\u0131 Buenos-Ayresd\u0259 t\u0259msil ed\u0259c\u0259k. Amma i\u015f t\u0259kc\u0259 n\u0259tic\u0259l\u0259rd\u0259 deyil, bu g\u00fcn milli komandam\u0131z \u00f6z inki\u015faf\u0131n\u0131n m\u00fch\u00fcm m\u0259rh\u0259l\u0259sind\u0259dir v\u0259 bizim art\u0131q perspektivli gimnastlar\u0131m\u0131z var. Haz\u0131rda bizd\u0259 63 q\u0131z m\u0259\u015fq edir v\u0259 biz art\u0131q m\u00fcxt\u0259lif istiqam\u0259tl\u0259rd\u0259 inki\u015faf edirik. M\u0259nim \u00fc\u00e7\u00fcn \u0259sas budur&#8221;.<\/p>\n<p>Ba\u015f m\u0259\u015fq\u00e7i \u0259lav\u0259 edib ki, k\u0259miyy\u0259t v\u0259 d\u00fczg\u00fcn inki\u015faf olarsa, keyfiyy\u0259t d\u0259 yaranacaq:<\/p>\n<p>&#8220;M\u0259s\u0259l\u0259n, indi bizim g\u0259ncl\u0259rd\u0259n ibar\u0259t milli komandam\u0131zda 23 gimnast var. M\u00fcqayis\u0259 \u00fc\u00e7\u00fcn deyim ki, 2014-c\u00fc ild\u0259 Bak\u0131da Avropa \u00e7empionat\u0131 ke\u00e7iril\u0259nd\u0259 c\u0259mi iki gimnast\u0131m\u0131z var idi. Bu g\u00fcn bizd\u0259 r\u0259qab\u0259t var, bu is\u0259 bildiyimiz kimi, yax\u015f\u0131 n\u0259tic\u0259l\u0259r\u0259 g\u0259tirib \u00e7\u0131xar\u0131r. \u00c7\u00fcnki gimnastlarda \u00e7\u0131x\u0131\u015f etm\u0259k \u00fc\u00e7\u00fcn stimul yaran\u0131r. Onlar bir-biri il\u0259 yar\u0131\u015f\u0131r, bu, sa\u011flam r\u0259qab\u0259tdir. Bizd\u0259, h\u0259m\u00e7inin qrup komandas\u0131n\u0131n ikinci hey\u0259ti var. Onlar g\u0259l\u0259n ilin fevral\u0131nda starta haz\u0131rla\u015f\u0131rlar. Bel\u0259 bir hal bizd\u0259 ilk d\u0259f\u0259dir v\u0259 m\u0259n inanmaq ist\u0259yir\u0259m ki, biz dig\u0259r Avropa \u00f6lk\u0259l\u0259ri kimi, inki\u015faf\u0131m\u0131z\u0131 davam etdir\u0259c\u0259yik&#8221;.<\/p>\n","protected":false},"excerpt":{"rendered":"<p>ARANTV.AZ\u00a0 x\u0259b\u0259r verir ki, bunu trend-\u0259 m\u00fcsahib\u0259sind\u0259 b\u0259dii gimnastika \u00fczr\u0259 Az\u0259rbaycan milli komandas\u0131n\u0131n ba\u015f m\u0259\u015fq\u00e7isi Mariana Vasileva deyib. Ba\u015f m\u0259\u015fq\u00e7i bildirib: &#8220;He\u00e7 kim Mehriban \u018fliyeva kimi i\u015fl\u0259mir v\u0259 inki\u015faf \u00fc\u00e7\u00fcn imkan yaratm\u0131r. Bu, obyektiv reall\u0131qd\u0131r. Biz ham\u0131m\u0131z ayd\u0131n g\u00f6r\u0259 bil\u0259rik ki, 5-10 il \u0259vv\u0259l v\u0259ziyy\u0259t nec\u0259 idi, indi nec\u0259dir. B\u00fct\u00fcn bu ill\u0259r \u0259rzind\u0259 \u0259n vacibi odur ki, biz m\u0259n\u0259vi d\u0259st\u0259k hiss etmi\u015fik. Biz he\u00e7 d\u0259 h\u0259r zaman yar\u0131\u015flardan medallarla qay\u0131tm\u0131rd\u0131q, u\u011fursuz g\u00fcnl\u0259rimiz d\u0259 olurdu. Amma biz h\u0259r zaman Mehriban \u018fliyevan\u0131n d\u0259st\u0259yini hiss edirik, o, h\u0259r zaman bizim yan\u0131m\u0131zdad\u0131r. Bundan ba\u015fqa,&hellip;<\/p>\n","protected":false},"author":2,"featured_media":14923,"comment_status":"closed","ping_status":"closed","sticky":false,"template":"","format":"standard","meta":{"om_disable_all_campaigns":false,"_monsterinsights_skip_tracking":false,"_monsterinsights_sitenote_active":false,"_monsterinsights_sitenote_note":"","_monsterinsights_sitenote_category":0},"categories":[1],"tags":[],"aioseo_notices":[],"gutentor_comment":0,"rttpg_featured_image_url":{"full":["https:\/\/arantv.az\/wp-content\/uploads\/2018\/09\/687845.jpg",800,600,false],"landscape":["https:\/\/arantv.az\/wp-content\/uploads\/2018\/09\/687845.jpg",800,600,false],"portraits":["https:\/\/arantv.az\/wp-content\/uploads\/2018\/09\/687845.jpg",800,600,false],"thumbnail":["https:\/\/arantv.az\/wp-content\/uploads\/2018\/09\/687845-150x150.jpg",150,150,true],"medium":["https:\/\/arantv.az\/wp-content\/uploads\/2018\/09\/687845-300x225.jpg",300,225,true],"large":["https:\/\/arantv.az\/wp-content\/uploads\/2018\/09\/687845.jpg",640,480,false],"1536x1536":["https:\/\/arantv.az\/wp-content\/uploads\/2018\/09\/687845.jpg",800,600,false],"2048x2048":["https:\/\/arantv.az\/wp-content\/uploads\/2018\/09\/687845.jpg",800,600,false],"post-thumbnail":["https:\/\/arantv.az\/wp-content\/uploads\/2018\/09\/687845-240x172.jpg",240,172,true],"advps-thumb-one":["https:\/\/arantv.az\/wp-content\/uploads\/2018\/09\/687845.jpg",800,600,false]},"rttpg_author":{"display_name":"V\u00fcsal Rafiqo\u011flu","author_link":"https:\/\/arantv.az\/?author=2"},"rttpg_comment":0,"rttpg_category":"<a href=\"https:\/\/arantv.az\/?cat=1\" rel=\"category\">C\u0259miyy\u0259t<\/a>","rttpg_excerpt":"ARANTV.AZ\u00a0 x\u0259b\u0259r verir ki, bunu trend-\u0259 m\u00fcsahib\u0259sind\u0259 b\u0259dii gimnastika \u00fczr\u0259 Az\u0259rbaycan milli komandas\u0131n\u0131n ba\u015f m\u0259\u015fq\u00e7isi Mariana Vasileva deyib. Ba\u015f m\u0259\u015fq\u00e7i bildirib: &#8220;He\u00e7 kim Mehriban \u018fliyeva kimi i\u015fl\u0259mir v\u0259 inki\u015faf \u00fc\u00e7\u00fcn imkan yaratm\u0131r. Bu, obyektiv reall\u0131qd\u0131r. Biz ham\u0131m\u0131z ayd\u0131n g\u00f6r\u0259 bil\u0259rik ki, 5-10 il \u0259vv\u0259l v\u0259ziyy\u0259t nec\u0259 idi, indi nec\u0259dir. B\u00fct\u00fcn bu ill\u0259r \u0259rzind\u0259 \u0259n vacibi&hellip;","_links":{"self":[{"href":"https:\/\/arantv.az\/index.php?rest_route=\/wp\/v2\/posts\/14922"}],"collection":[{"href":"https:\/\/arantv.az\/index.php?rest_route=\/wp\/v2\/posts"}],"about":[{"href":"https:\/\/arantv.az\/index.php?rest_route=\/wp\/v2\/types\/post"}],"author":[{"embeddable":true,"href":"https:\/\/arantv.az\/index.php?rest_route=\/wp\/v2\/users\/2"}],"replies":[{"embeddable":true,"href":"https:\/\/arantv.az\/index.php?rest_route=%2Fwp%2Fv2%2Fcomments&post=14922"}],"version-history":[{"count":0,"href":"https:\/\/arantv.az\/index.php?rest_route=\/wp\/v2\/posts\/14922\/revisions"}],"wp:featuredmedia":[{"embeddable":true,"href":"https:\/\/arantv.az\/index.php?rest_route=\/wp\/v2\/media\/14923"}],"wp:attachment":[{"href":"https:\/\/arantv.az\/index.php?rest_route=%2Fwp%2Fv2%2Fmedia&parent=14922"}],"wp:term":[{"taxonomy":"category","embeddable":true,"href":"https:\/\/arantv.az\/index.php?rest_route=%2Fwp%2Fv2%2Fcategories&post=14922"},{"taxonomy":"post_tag","embeddable":true,"href":"https:\/\/arantv.az\/index.php?rest_route=%2Fwp%2Fv2%2Ftags&post=14922"}],"curies":[{"name":"wp","href":"https:\/\/api.w.org\/{rel}","templated":true}]}}