{"id":14925,"date":"2018-09-22T13:19:24","date_gmt":"2018-09-22T10:19:24","guid":{"rendered":"http:\/\/arantv.az\/?p=14925"},"modified":"2018-09-22T13:19:24","modified_gmt":"2018-09-22T10:19:24","slug":"turkiy%c9%99-bas-q%c9%99rargahi-son-%c9%99m%c9%99liyyatlarda-10-terrorcu-m%c9%99hv-edilib","status":"publish","type":"post","link":"https:\/\/arantv.az\/?p=14925","title":{"rendered":"T\u00fcrkiy\u0259 Ba\u015f Q\u0259rargah\u0131: &#8220;Son \u0259m\u0259liyyatlarda 10 terror\u00e7u m\u0259hv edilib&#8221;"},"content":{"rendered":"<p><strong>T\u00fcrkiy\u0259 \u0130raq\u0131n \u015fimal\u0131nda \u0259m\u0259liyyatlar\u0131 davam etdirir.<\/strong><\/p>\n<p><strong>ARANTV.AZ<\/strong> trend-\u0259 istinad\u0259n x\u0259b\u0259r verir ki, \u0259m\u0259liyyat bar\u0259d\u0259 x\u0259b\u0259r yayan T\u00fcrkiy\u0259 Ba\u015f Q\u0259rargah\u0131 \u0259m\u0259liyyat \u00e7\u0259r\u00e7iv\u0259sind\u0259 4 terror\u00e7unun m\u0259hv edildiyini bilidirib.<\/p>\n<p>\u018fm\u0259liyyat \u0130raq\u0131n Qara rayonunda ke\u00e7irilib.<\/p>\n<div id=\"AdributorNativeVideo0\" class=\"AdributorNativeVideo\"><\/div>\n<p>M\u0259lumata g\u00f6r\u0259, bu g\u00fcn s\u0259h\u0259r saatlar\u0131nda T\u00fcrkiy\u0259nin A\u011fr\u0131 vilay\u0259tind\u0259 d\u0259 \u0259m\u0259liyyat ke\u00e7irilib. Bu \u0259m\u0259liyyat zaman\u0131 is\u0259 6 terror\u00e7unun m\u0259hv edildiyi bildirilir.<\/p>\n","protected":false},"excerpt":{"rendered":"<p>T\u00fcrkiy\u0259 \u0130raq\u0131n \u015fimal\u0131nda \u0259m\u0259liyyatlar\u0131 davam etdirir. ARANTV.AZ trend-\u0259 istinad\u0259n x\u0259b\u0259r verir ki, \u0259m\u0259liyyat bar\u0259d\u0259 x\u0259b\u0259r yayan T\u00fcrkiy\u0259 Ba\u015f Q\u0259rargah\u0131 \u0259m\u0259liyyat \u00e7\u0259r\u00e7iv\u0259sind\u0259 4 terror\u00e7unun m\u0259hv edildiyini bilidirib. \u018fm\u0259liyyat \u0130raq\u0131n Qara rayonunda ke\u00e7irilib. M\u0259lumata g\u00f6r\u0259, bu g\u00fcn s\u0259h\u0259r saatlar\u0131nda T\u00fcrkiy\u0259nin A\u011fr\u0131 vilay\u0259tind\u0259 d\u0259 \u0259m\u0259liyyat ke\u00e7irilib. Bu \u0259m\u0259liyyat zaman\u0131 is\u0259 6 terror\u00e7unun m\u0259hv edildiyi bildirilir.<\/p>\n","protected":false},"author":2,"featured_media":14926,"comment_status":"closed","ping_status":"closed","sticky":false,"template":"","format":"standard","meta":{"om_disable_all_campaigns":false,"_monsterinsights_skip_tracking":false,"_monsterinsights_sitenote_active":false,"_monsterinsights_sitenote_note":"","_monsterinsights_sitenote_category":0},"categories":[7],"tags":[],"aioseo_notices":[],"gutentor_comment":0,"rttpg_featured_image_url":{"full":["https:\/\/arantv.az\/wp-content\/uploads\/2018\/09\/pkk_025.jpg",800,600,false],"landscape":["https:\/\/arantv.az\/wp-content\/uploads\/2018\/09\/pkk_025.jpg",800,600,false],"portraits":["https:\/\/arantv.az\/wp-content\/uploads\/2018\/09\/pkk_025.jpg",800,600,false],"thumbnail":["https:\/\/arantv.az\/wp-content\/uploads\/2018\/09\/pkk_025-150x150.jpg",150,150,true],"medium":["https:\/\/arantv.az\/wp-content\/uploads\/2018\/09\/pkk_025-300x225.jpg",300,225,true],"large":["https:\/\/arantv.az\/wp-content\/uploads\/2018\/09\/pkk_025.jpg",640,480,false],"1536x1536":["https:\/\/arantv.az\/wp-content\/uploads\/2018\/09\/pkk_025.jpg",800,600,false],"2048x2048":["https:\/\/arantv.az\/wp-content\/uploads\/2018\/09\/pkk_025.jpg",800,600,false],"post-thumbnail":["https:\/\/arantv.az\/wp-content\/uploads\/2018\/09\/pkk_025-240x172.jpg",240,172,true],"advps-thumb-one":["https:\/\/arantv.az\/wp-content\/uploads\/2018\/09\/pkk_025.jpg",800,600,false]},"rttpg_author":{"display_name":"V\u00fcsal Rafiqo\u011flu","author_link":"https:\/\/arantv.az\/?author=2"},"rttpg_comment":0,"rttpg_category":"<a href=\"https:\/\/arantv.az\/?cat=7\" rel=\"category\">D\u00fcnya<\/a>","rttpg_excerpt":"T\u00fcrkiy\u0259 \u0130raq\u0131n \u015fimal\u0131nda \u0259m\u0259liyyatlar\u0131 davam etdirir. ARANTV.AZ trend-\u0259 istinad\u0259n x\u0259b\u0259r verir ki, \u0259m\u0259liyyat bar\u0259d\u0259 x\u0259b\u0259r yayan T\u00fcrkiy\u0259 Ba\u015f Q\u0259rargah\u0131 \u0259m\u0259liyyat \u00e7\u0259r\u00e7iv\u0259sind\u0259 4 terror\u00e7unun m\u0259hv edildiyini bilidirib. \u018fm\u0259liyyat \u0130raq\u0131n Qara rayonunda ke\u00e7irilib. M\u0259lumata g\u00f6r\u0259, bu g\u00fcn s\u0259h\u0259r saatlar\u0131nda T\u00fcrkiy\u0259nin A\u011fr\u0131 vilay\u0259tind\u0259 d\u0259 \u0259m\u0259liyyat ke\u00e7irilib. Bu \u0259m\u0259liyyat zaman\u0131 is\u0259 6 terror\u00e7unun m\u0259hv edildiyi bildirilir.","_links":{"self":[{"href":"https:\/\/arantv.az\/index.php?rest_route=\/wp\/v2\/posts\/14925"}],"collection":[{"href":"https:\/\/arantv.az\/index.php?rest_route=\/wp\/v2\/posts"}],"about":[{"href":"https:\/\/arantv.az\/index.php?rest_route=\/wp\/v2\/types\/post"}],"author":[{"embeddable":true,"href":"https:\/\/arantv.az\/index.php?rest_route=\/wp\/v2\/users\/2"}],"replies":[{"embeddable":true,"href":"https:\/\/arantv.az\/index.php?rest_route=%2Fwp%2Fv2%2Fcomments&post=14925"}],"version-history":[{"count":0,"href":"https:\/\/arantv.az\/index.php?rest_route=\/wp\/v2\/posts\/14925\/revisions"}],"wp:featuredmedia":[{"embeddable":true,"href":"https:\/\/arantv.az\/index.php?rest_route=\/wp\/v2\/media\/14926"}],"wp:attachment":[{"href":"https:\/\/arantv.az\/index.php?rest_route=%2Fwp%2Fv2%2Fmedia&parent=14925"}],"wp:term":[{"taxonomy":"category","embeddable":true,"href":"https:\/\/arantv.az\/index.php?rest_route=%2Fwp%2Fv2%2Fcategories&post=14925"},{"taxonomy":"post_tag","embeddable":true,"href":"https:\/\/arantv.az\/index.php?rest_route=%2Fwp%2Fv2%2Ftags&post=14925"}],"curies":[{"name":"wp","href":"https:\/\/api.w.org\/{rel}","templated":true}]}}