{"id":149252,"date":"2020-04-06T09:56:33","date_gmt":"2020-04-06T06:56:33","guid":{"rendered":"http:\/\/arantv.az\/?p=149252"},"modified":"2020-04-06T09:56:33","modified_gmt":"2020-04-06T06:56:33","slug":"irlandiyanin-bas-naziri-koronavirusla-mubariz%c9%99-aparmaq-ucun-h%c9%99kim-f%c9%99aliyy%c9%99ti-gost%c9%99r%c9%99c%c9%99k","status":"publish","type":"post","link":"https:\/\/arantv.az\/?p=149252","title":{"rendered":"\u0130rlandiyan\u0131n ba\u015f naziri koronavirusla m\u00fcbariz\u0259 aparmaq \u00fc\u00e7\u00fcn h\u0259kim f\u0259aliyy\u0259ti g\u00f6st\u0259r\u0259c\u0259k"},"content":{"rendered":"<p>\u0130rlandiyan\u0131n Ba\u015f naziri Leo Varadkar \u00f6lk\u0259sin\u0259 koronavirusla m\u00fcbariz\u0259d\u0259 k\u00f6m\u0259k etm\u0259k \u00fc\u00e7\u00fcn h\u0259ft\u0259d\u0259 bir g\u00fcn h\u0259kim kimi \u00e7al\u0131\u015facaq.<\/p>\n<p>Yerli \u201cJournal\u201d d\u0259rgisi x\u0259b\u0259r verir ki, Varadkar tibb \u00fczr\u0259 t\u0259hsil al\u0131b v\u0259 yeddi il h\u0259kim kimi \u00e7al\u0131\u015f\u0131b.<\/p>\n<p>Sonra is\u0259 o, siyas\u0259tl\u0259 m\u0259\u015f\u011ful olma\u011fa ba\u015flay\u0131b. 2013-c\u00fc ild\u0259\u00a0Varadkar\u0131n ad\u0131 \u00f6lk\u0259nin h\u0259kiml\u0259r reyestrind\u0259n \u00e7\u0131xar\u0131l\u0131b.<\/p>\n","protected":false},"excerpt":{"rendered":"<p>\u0130rlandiyan\u0131n Ba\u015f naziri Leo Varadkar \u00f6lk\u0259sin\u0259 koronavirusla m\u00fcbariz\u0259d\u0259 k\u00f6m\u0259k etm\u0259k \u00fc\u00e7\u00fcn h\u0259ft\u0259d\u0259 bir g\u00fcn h\u0259kim kimi \u00e7al\u0131\u015facaq. Yerli \u201cJournal\u201d d\u0259rgisi x\u0259b\u0259r verir ki, Varadkar tibb \u00fczr\u0259 t\u0259hsil al\u0131b v\u0259 yeddi il h\u0259kim kimi \u00e7al\u0131\u015f\u0131b. Sonra is\u0259 o, siyas\u0259tl\u0259 m\u0259\u015f\u011ful olma\u011fa ba\u015flay\u0131b. 2013-c\u00fc ild\u0259\u00a0Varadkar\u0131n ad\u0131 \u00f6lk\u0259nin h\u0259kiml\u0259r reyestrind\u0259n \u00e7\u0131xar\u0131l\u0131b.<\/p>\n","protected":false},"author":2,"featured_media":149254,"comment_status":"closed","ping_status":"closed","sticky":false,"template":"","format":"standard","meta":{"om_disable_all_campaigns":false,"_monsterinsights_skip_tracking":false,"_monsterinsights_sitenote_active":false,"_monsterinsights_sitenote_note":"","_monsterinsights_sitenote_category":0},"categories":[24],"tags":[],"aioseo_notices":[],"gutentor_comment":0,"rttpg_featured_image_url":{"full":["https:\/\/arantv.az\/wp-content\/uploads\/2020\/04\/Varadkar-1.jpg",620,413,false],"landscape":["https:\/\/arantv.az\/wp-content\/uploads\/2020\/04\/Varadkar-1.jpg",620,413,false],"portraits":["https:\/\/arantv.az\/wp-content\/uploads\/2020\/04\/Varadkar-1.jpg",620,413,false],"thumbnail":["https:\/\/arantv.az\/wp-content\/uploads\/2020\/04\/Varadkar-1-150x150.jpg",150,150,true],"medium":["https:\/\/arantv.az\/wp-content\/uploads\/2020\/04\/Varadkar-1-300x200.jpg",300,200,true],"large":["https:\/\/arantv.az\/wp-content\/uploads\/2020\/04\/Varadkar-1.jpg",620,413,false],"1536x1536":["https:\/\/arantv.az\/wp-content\/uploads\/2020\/04\/Varadkar-1.jpg",620,413,false],"2048x2048":["https:\/\/arantv.az\/wp-content\/uploads\/2020\/04\/Varadkar-1.jpg",620,413,false],"post-thumbnail":["https:\/\/arantv.az\/wp-content\/uploads\/2020\/04\/Varadkar-1-240x172.jpg",240,172,true],"advps-thumb-one":["https:\/\/arantv.az\/wp-content\/uploads\/2020\/04\/Varadkar-1.jpg",620,413,false]},"rttpg_author":{"display_name":"V\u00fcsal Rafiqo\u011flu","author_link":"https:\/\/arantv.az\/?author=2"},"rttpg_comment":0,"rttpg_category":"<a href=\"https:\/\/arantv.az\/?cat=24\" rel=\"category\">Maraql\u0131<\/a>","rttpg_excerpt":"\u0130rlandiyan\u0131n Ba\u015f naziri Leo Varadkar \u00f6lk\u0259sin\u0259 koronavirusla m\u00fcbariz\u0259d\u0259 k\u00f6m\u0259k etm\u0259k \u00fc\u00e7\u00fcn h\u0259ft\u0259d\u0259 bir g\u00fcn h\u0259kim kimi \u00e7al\u0131\u015facaq. Yerli \u201cJournal\u201d d\u0259rgisi x\u0259b\u0259r verir ki, Varadkar tibb \u00fczr\u0259 t\u0259hsil al\u0131b v\u0259 yeddi il h\u0259kim kimi \u00e7al\u0131\u015f\u0131b. Sonra is\u0259 o, siyas\u0259tl\u0259 m\u0259\u015f\u011ful olma\u011fa ba\u015flay\u0131b. 2013-c\u00fc ild\u0259\u00a0Varadkar\u0131n ad\u0131 \u00f6lk\u0259nin h\u0259kiml\u0259r reyestrind\u0259n \u00e7\u0131xar\u0131l\u0131b.","_links":{"self":[{"href":"https:\/\/arantv.az\/index.php?rest_route=\/wp\/v2\/posts\/149252"}],"collection":[{"href":"https:\/\/arantv.az\/index.php?rest_route=\/wp\/v2\/posts"}],"about":[{"href":"https:\/\/arantv.az\/index.php?rest_route=\/wp\/v2\/types\/post"}],"author":[{"embeddable":true,"href":"https:\/\/arantv.az\/index.php?rest_route=\/wp\/v2\/users\/2"}],"replies":[{"embeddable":true,"href":"https:\/\/arantv.az\/index.php?rest_route=%2Fwp%2Fv2%2Fcomments&post=149252"}],"version-history":[{"count":0,"href":"https:\/\/arantv.az\/index.php?rest_route=\/wp\/v2\/posts\/149252\/revisions"}],"wp:featuredmedia":[{"embeddable":true,"href":"https:\/\/arantv.az\/index.php?rest_route=\/wp\/v2\/media\/149254"}],"wp:attachment":[{"href":"https:\/\/arantv.az\/index.php?rest_route=%2Fwp%2Fv2%2Fmedia&parent=149252"}],"wp:term":[{"taxonomy":"category","embeddable":true,"href":"https:\/\/arantv.az\/index.php?rest_route=%2Fwp%2Fv2%2Fcategories&post=149252"},{"taxonomy":"post_tag","embeddable":true,"href":"https:\/\/arantv.az\/index.php?rest_route=%2Fwp%2Fv2%2Ftags&post=149252"}],"curies":[{"name":"wp","href":"https:\/\/api.w.org\/{rel}","templated":true}]}}