{"id":149282,"date":"2020-04-06T10:11:14","date_gmt":"2020-04-06T07:11:14","guid":{"rendered":"http:\/\/arantv.az\/?p=149282"},"modified":"2020-04-06T10:11:14","modified_gmt":"2020-04-06T07:11:14","slug":"covid-19-a-qarsi-mubariz%c9%99d%c9%99-n%c9%99tic%c9%99-gost%c9%99r%c9%99n-d%c9%99rmanlar","status":"publish","type":"post","link":"https:\/\/arantv.az\/?p=149282","title":{"rendered":"COVID-19-a qar\u015f\u0131 m\u00fcbariz\u0259d\u0259 n\u0259tic\u0259 g\u00f6st\u0259r\u0259n d\u0259rmanlar"},"content":{"rendered":"<p>Avropada koronavirus epidemiyas\u0131na yoluxmu\u015f 3200 x\u0259st\u0259d\u0259 s\u0131nanm\u0131\u015f v\u0259 nailiyy\u0259t \u0259ld\u0259 edilmi\u015f d\u0259rmanlar\u0131n siyah\u0131s\u0131 a\u00e7\u0131qlan\u0131b.<\/p>\n<p>\u201cS\u00f6z\u00e7\u00fc\u201d x\u0259b\u0259r verir ki, \u00dcmumd\u00fcnya S\u0259hiyy\u0259 T\u0259\u015fkilat\u0131 (\u00dcST) Almaniyada n\u0259tic\u0259 ver\u0259n \u201cRemdevisir\u201d adl\u0131 d\u0259rman vasit\u0259sinin\u00a0s\u0131naqlar\u0131na ba\u015flay\u0131b v\u0259 onun bu ay\u0131n sonunda istifad\u0259sin\u0259 ba\u015flanaca\u011f\u0131 g\u00f6zl\u0259nilir.<\/p>\n<p>T\u0259xmin\u0259n 100 min koronavirusa yoluxmu\u015f x\u0259st\u0259si olan Almaniyada \u00f6l\u0259nl\u0259rin say\u0131n\u0131n dig\u0259r \u00f6lk\u0259l\u0259rl\u0259 m\u00fcqayis\u0259d\u0259 az oldu\u011fu v\u0259 daha da azalaca\u011f\u0131 qeyd edilib.<\/p>\n<div id=\"AdviadNativeVideo0\" class=\"AdviadNativeVideo\"><\/div>\n<p>INSERM adl\u0131 t\u0259\u015fkilat\u0131n\u00a0ara\u015fd\u0131rmalar\u0131na g\u00f6r\u0259, 3200 x\u0259st\u0259 \u00fcz\u0259rind\u0259 s\u0131nanm\u0131\u015f\u00a0d\u0259rmanlar\u0131n siyah\u0131s\u0131 haz\u0131rlan\u0131b.<\/p>\n<p>Siyah\u0131da ilk yerd\u0259 ebolaya qar\u015f\u0131 haz\u0131rlanm\u0131\u015f \u201cRemdevisir\u201d yer al\u0131r.<\/p>\n<p>Malyariyaya qar\u015f\u0131 80 illik alman istehsal\u0131 \u201cChloroquin\u201d t\u0259rkibli \u201cResochin\u201d ikinci yerd\u0259 q\u0259rarla\u015f\u0131r.<\/p>\n<p>Bundan sonra is\u0259 \u201cLopinavir\u201d v\u0259 \u201cRitonavir\u201din birg\u0259 q\u0259bulu effektli d\u0259rman olaraq qeyd edilir.<\/p>\n<p>O, \u0259sas\u0259n, Q\u0130\u00c7S-\u0259 s\u0259b\u0259b olan \u0130\u0130V viruslar\u0131na qar\u015f\u0131 istifad\u0259 olunur. Lakin bu d\u0259rman \u00c7ind\u0259 g\u00f6zl\u0259nil\u0259n n\u0259tic\u0259ni verm\u0259yib.<\/p>\n","protected":false},"excerpt":{"rendered":"<p>Avropada koronavirus epidemiyas\u0131na yoluxmu\u015f 3200 x\u0259st\u0259d\u0259 s\u0131nanm\u0131\u015f v\u0259 nailiyy\u0259t \u0259ld\u0259 edilmi\u015f d\u0259rmanlar\u0131n siyah\u0131s\u0131 a\u00e7\u0131qlan\u0131b. \u201cS\u00f6z\u00e7\u00fc\u201d x\u0259b\u0259r verir ki, \u00dcmumd\u00fcnya S\u0259hiyy\u0259 T\u0259\u015fkilat\u0131 (\u00dcST) Almaniyada n\u0259tic\u0259 ver\u0259n \u201cRemdevisir\u201d adl\u0131 d\u0259rman vasit\u0259sinin\u00a0s\u0131naqlar\u0131na ba\u015flay\u0131b v\u0259 onun bu ay\u0131n sonunda istifad\u0259sin\u0259 ba\u015flanaca\u011f\u0131 g\u00f6zl\u0259nilir. T\u0259xmin\u0259n 100 min koronavirusa yoluxmu\u015f x\u0259st\u0259si olan Almaniyada \u00f6l\u0259nl\u0259rin say\u0131n\u0131n dig\u0259r \u00f6lk\u0259l\u0259rl\u0259 m\u00fcqayis\u0259d\u0259 az oldu\u011fu v\u0259 daha da azalaca\u011f\u0131 qeyd edilib. INSERM adl\u0131 t\u0259\u015fkilat\u0131n\u00a0ara\u015fd\u0131rmalar\u0131na g\u00f6r\u0259, 3200 x\u0259st\u0259 \u00fcz\u0259rind\u0259 s\u0131nanm\u0131\u015f\u00a0d\u0259rmanlar\u0131n siyah\u0131s\u0131 haz\u0131rlan\u0131b. Siyah\u0131da ilk yerd\u0259 ebolaya qar\u015f\u0131 haz\u0131rlanm\u0131\u015f \u201cRemdevisir\u201d yer al\u0131r. Malyariyaya qar\u015f\u0131 80 illik alman istehsal\u0131 \u201cChloroquin\u201d t\u0259rkibli \u201cResochin\u201d ikinci yerd\u0259 q\u0259rarla\u015f\u0131r.&hellip;<\/p>\n","protected":false},"author":2,"featured_media":149283,"comment_status":"closed","ping_status":"closed","sticky":false,"template":"","format":"standard","meta":{"om_disable_all_campaigns":false,"_monsterinsights_skip_tracking":false,"_monsterinsights_sitenote_active":false,"_monsterinsights_sitenote_note":"","_monsterinsights_sitenote_category":0},"categories":[13],"tags":[],"aioseo_notices":[],"gutentor_comment":0,"rttpg_featured_image_url":{"full":["https:\/\/arantv.az\/wp-content\/uploads\/2020\/04\/corona-200320201584710584c530e3e5.jpg",620,412,false],"landscape":["https:\/\/arantv.az\/wp-content\/uploads\/2020\/04\/corona-200320201584710584c530e3e5.jpg",620,412,false],"portraits":["https:\/\/arantv.az\/wp-content\/uploads\/2020\/04\/corona-200320201584710584c530e3e5.jpg",620,412,false],"thumbnail":["https:\/\/arantv.az\/wp-content\/uploads\/2020\/04\/corona-200320201584710584c530e3e5-150x150.jpg",150,150,true],"medium":["https:\/\/arantv.az\/wp-content\/uploads\/2020\/04\/corona-200320201584710584c530e3e5-300x199.jpg",300,199,true],"large":["https:\/\/arantv.az\/wp-content\/uploads\/2020\/04\/corona-200320201584710584c530e3e5.jpg",620,412,false],"1536x1536":["https:\/\/arantv.az\/wp-content\/uploads\/2020\/04\/corona-200320201584710584c530e3e5.jpg",620,412,false],"2048x2048":["https:\/\/arantv.az\/wp-content\/uploads\/2020\/04\/corona-200320201584710584c530e3e5.jpg",620,412,false],"post-thumbnail":["https:\/\/arantv.az\/wp-content\/uploads\/2020\/04\/corona-200320201584710584c530e3e5-240x172.jpg",240,172,true],"advps-thumb-one":["https:\/\/arantv.az\/wp-content\/uploads\/2020\/04\/corona-200320201584710584c530e3e5.jpg",620,412,false]},"rttpg_author":{"display_name":"V\u00fcsal Rafiqo\u011flu","author_link":"https:\/\/arantv.az\/?author=2"},"rttpg_comment":0,"rttpg_category":"<a href=\"https:\/\/arantv.az\/?cat=13\" rel=\"category\">Bizim h\u0259kim<\/a>","rttpg_excerpt":"Avropada koronavirus epidemiyas\u0131na yoluxmu\u015f 3200 x\u0259st\u0259d\u0259 s\u0131nanm\u0131\u015f v\u0259 nailiyy\u0259t \u0259ld\u0259 edilmi\u015f d\u0259rmanlar\u0131n siyah\u0131s\u0131 a\u00e7\u0131qlan\u0131b. \u201cS\u00f6z\u00e7\u00fc\u201d x\u0259b\u0259r verir ki, \u00dcmumd\u00fcnya S\u0259hiyy\u0259 T\u0259\u015fkilat\u0131 (\u00dcST) Almaniyada n\u0259tic\u0259 ver\u0259n \u201cRemdevisir\u201d adl\u0131 d\u0259rman vasit\u0259sinin\u00a0s\u0131naqlar\u0131na ba\u015flay\u0131b v\u0259 onun bu ay\u0131n sonunda istifad\u0259sin\u0259 ba\u015flanaca\u011f\u0131 g\u00f6zl\u0259nilir. T\u0259xmin\u0259n 100 min koronavirusa yoluxmu\u015f x\u0259st\u0259si olan Almaniyada \u00f6l\u0259nl\u0259rin say\u0131n\u0131n dig\u0259r \u00f6lk\u0259l\u0259rl\u0259 m\u00fcqayis\u0259d\u0259 az oldu\u011fu v\u0259 daha&hellip;","_links":{"self":[{"href":"https:\/\/arantv.az\/index.php?rest_route=\/wp\/v2\/posts\/149282"}],"collection":[{"href":"https:\/\/arantv.az\/index.php?rest_route=\/wp\/v2\/posts"}],"about":[{"href":"https:\/\/arantv.az\/index.php?rest_route=\/wp\/v2\/types\/post"}],"author":[{"embeddable":true,"href":"https:\/\/arantv.az\/index.php?rest_route=\/wp\/v2\/users\/2"}],"replies":[{"embeddable":true,"href":"https:\/\/arantv.az\/index.php?rest_route=%2Fwp%2Fv2%2Fcomments&post=149282"}],"version-history":[{"count":0,"href":"https:\/\/arantv.az\/index.php?rest_route=\/wp\/v2\/posts\/149282\/revisions"}],"wp:featuredmedia":[{"embeddable":true,"href":"https:\/\/arantv.az\/index.php?rest_route=\/wp\/v2\/media\/149283"}],"wp:attachment":[{"href":"https:\/\/arantv.az\/index.php?rest_route=%2Fwp%2Fv2%2Fmedia&parent=149282"}],"wp:term":[{"taxonomy":"category","embeddable":true,"href":"https:\/\/arantv.az\/index.php?rest_route=%2Fwp%2Fv2%2Fcategories&post=149282"},{"taxonomy":"post_tag","embeddable":true,"href":"https:\/\/arantv.az\/index.php?rest_route=%2Fwp%2Fv2%2Ftags&post=149282"}],"curies":[{"name":"wp","href":"https:\/\/api.w.org\/{rel}","templated":true}]}}