{"id":149286,"date":"2020-04-06T10:15:30","date_gmt":"2020-04-06T07:15:30","guid":{"rendered":"http:\/\/arantv.az\/?p=149286"},"modified":"2020-04-06T10:15:30","modified_gmt":"2020-04-06T07:15:30","slug":"ulvi-quliyevd%c9%99n-evd%c9%99-qal-paylasimi-video","status":"publish","type":"post","link":"https:\/\/arantv.az\/?p=149286","title":{"rendered":"\u00dclvi Quliyevd\u0259n \u201cEvd\u0259 qal\u201d payla\u015f\u0131m\u0131 &#8211; V\u0130DEO"},"content":{"rendered":"<article class=\"news\">\n<div class=\"news-inner\">\n<p>Deputat \u00dclvi Quliyev sosial media hesab\u0131nda maraql\u0131 payla\u015f\u0131m edib.<\/p>\n<p>Deputat payla\u015f\u0131m\u0131na \u201cS\u0259br ed\u0259k ki, sabah\u0131m\u0131z d\u00fcn\u0259nimizd\u0259n daha yax\u015f\u0131 olsun!\u201d \u015f\u0259rhini yaz\u0131b.<\/p>\n<div id=\"AdviadNativeVideo0\" class=\"AdviadNativeVideo\"><\/div>\n<p>Bak\u0131n\u0131n bu g\u00fcnl\u0259rd\u0259 q\u0259rq oldu\u011fu sakitliyi \u0259ks etdir\u0259n videoda deyilir:<\/p>\n<p>\u201cS\u0259br el\u0259, Az\u0259rbaycan! Yen\u0259 k\u00fc\u00e7\u0259l\u0259r, parklar, \u015f\u0259h\u0259rimiz canlanacaq. Yen\u0259 h\u0259r k\u0259s i\u015finin ba\u015f\u0131nda olacaq. Bayra\u011f\u0131m\u0131z ba\u015f\u0131m\u0131z\u0131n \u00fcst\u00fcnd\u0259 dal\u011falanacaq. Yen\u0259 b\u00fct\u00fcn d\u00fcnya \u00f6lk\u0259miz\u0259 topla\u015facaq. \u00c7\u00fcnki biz Az\u0259rbaycan\u0131q.<\/p>\n<p>Do\u011fmalar\u0131m\u0131zla bug\u00fcnl\u0259rd\u0259 yan-yana g\u0259l\u0259 bilm\u0259s\u0259k d\u0259, onlarla eyni s\u0259ma alt\u0131nda oldu\u011fumuzu d\u00fc\u015f\u00fcn\u0259r\u0259k, say\u0131l\u0131 g\u00fcnl\u0259r\u0259 s\u0259br ed\u0259k. B\u00fct\u00fcn g\u00f6z\u0259llikl\u0259ri sevdikl\u0259rimizl\u0259 birlikd\u0259 ya\u015famaq, \u0259zizl\u0259rimiz\u0259 qovu\u015fmaq \u00fc\u00e7\u00fcn bir m\u00fcdd\u0259t daha evl\u0259rimizd\u0259 qalaq!\u201d<\/p>\n<div><iframe loading=\"lazy\" src=\"https:\/\/www.facebook.com\/plugins\/video.php?href=https%3A%2F%2Fwww.facebook.com%2F177953346453983%2Fvideos%2F259979921836305%2F&amp;show_text=0&amp;width=560\" width=\"560\" height=\"315\" frameborder=\"0\" scrolling=\"no\" allowfullscreen=\"allowfullscreen\" data-mce-fragment=\"1\"><\/iframe><\/div>\n<\/div>\n<\/article>\n<h2 class=\"news-share-title\"><\/h2>\n","protected":false},"excerpt":{"rendered":"<p>Deputat \u00dclvi Quliyev sosial media hesab\u0131nda maraql\u0131 payla\u015f\u0131m edib. Deputat payla\u015f\u0131m\u0131na \u201cS\u0259br ed\u0259k ki, sabah\u0131m\u0131z d\u00fcn\u0259nimizd\u0259n daha yax\u015f\u0131 olsun!\u201d \u015f\u0259rhini yaz\u0131b. Bak\u0131n\u0131n bu g\u00fcnl\u0259rd\u0259 q\u0259rq oldu\u011fu sakitliyi \u0259ks etdir\u0259n videoda deyilir: \u201cS\u0259br el\u0259, Az\u0259rbaycan! Yen\u0259 k\u00fc\u00e7\u0259l\u0259r, parklar, \u015f\u0259h\u0259rimiz canlanacaq. Yen\u0259 h\u0259r k\u0259s i\u015finin ba\u015f\u0131nda olacaq. Bayra\u011f\u0131m\u0131z ba\u015f\u0131m\u0131z\u0131n \u00fcst\u00fcnd\u0259 dal\u011falanacaq. Yen\u0259 b\u00fct\u00fcn d\u00fcnya \u00f6lk\u0259miz\u0259 topla\u015facaq. \u00c7\u00fcnki biz Az\u0259rbaycan\u0131q. Do\u011fmalar\u0131m\u0131zla bug\u00fcnl\u0259rd\u0259 yan-yana g\u0259l\u0259 bilm\u0259s\u0259k d\u0259, onlarla eyni s\u0259ma alt\u0131nda oldu\u011fumuzu d\u00fc\u015f\u00fcn\u0259r\u0259k, say\u0131l\u0131 g\u00fcnl\u0259r\u0259 s\u0259br ed\u0259k. B\u00fct\u00fcn g\u00f6z\u0259llikl\u0259ri sevdikl\u0259rimizl\u0259 birlikd\u0259 ya\u015famaq, \u0259zizl\u0259rimiz\u0259 qovu\u015fmaq \u00fc\u00e7\u00fcn bir m\u00fcdd\u0259t daha evl\u0259rimizd\u0259 qalaq!\u201d<\/p>\n","protected":false},"author":2,"featured_media":149288,"comment_status":"closed","ping_status":"closed","sticky":false,"template":"","format":"standard","meta":{"om_disable_all_campaigns":false,"_monsterinsights_skip_tracking":false,"_monsterinsights_sitenote_active":false,"_monsterinsights_sitenote_note":"","_monsterinsights_sitenote_category":0},"categories":[24],"tags":[],"aioseo_notices":[],"gutentor_comment":0,"rttpg_featured_image_url":{"full":["https:\/\/arantv.az\/wp-content\/uploads\/2020\/04\/zxcv.jpg",620,422,false],"landscape":["https:\/\/arantv.az\/wp-content\/uploads\/2020\/04\/zxcv.jpg",620,422,false],"portraits":["https:\/\/arantv.az\/wp-content\/uploads\/2020\/04\/zxcv.jpg",620,422,false],"thumbnail":["https:\/\/arantv.az\/wp-content\/uploads\/2020\/04\/zxcv-150x150.jpg",150,150,true],"medium":["https:\/\/arantv.az\/wp-content\/uploads\/2020\/04\/zxcv-300x204.jpg",300,204,true],"large":["https:\/\/arantv.az\/wp-content\/uploads\/2020\/04\/zxcv.jpg",620,422,false],"1536x1536":["https:\/\/arantv.az\/wp-content\/uploads\/2020\/04\/zxcv.jpg",620,422,false],"2048x2048":["https:\/\/arantv.az\/wp-content\/uploads\/2020\/04\/zxcv.jpg",620,422,false],"post-thumbnail":["https:\/\/arantv.az\/wp-content\/uploads\/2020\/04\/zxcv-240x172.jpg",240,172,true],"advps-thumb-one":["https:\/\/arantv.az\/wp-content\/uploads\/2020\/04\/zxcv.jpg",620,422,false]},"rttpg_author":{"display_name":"V\u00fcsal Rafiqo\u011flu","author_link":"https:\/\/arantv.az\/?author=2"},"rttpg_comment":0,"rttpg_category":"<a href=\"https:\/\/arantv.az\/?cat=24\" rel=\"category\">Maraql\u0131<\/a>","rttpg_excerpt":"Deputat \u00dclvi Quliyev sosial media hesab\u0131nda maraql\u0131 payla\u015f\u0131m edib. Deputat payla\u015f\u0131m\u0131na \u201cS\u0259br ed\u0259k ki, sabah\u0131m\u0131z d\u00fcn\u0259nimizd\u0259n daha yax\u015f\u0131 olsun!\u201d \u015f\u0259rhini yaz\u0131b. Bak\u0131n\u0131n bu g\u00fcnl\u0259rd\u0259 q\u0259rq oldu\u011fu sakitliyi \u0259ks etdir\u0259n videoda deyilir: \u201cS\u0259br el\u0259, Az\u0259rbaycan! Yen\u0259 k\u00fc\u00e7\u0259l\u0259r, parklar, \u015f\u0259h\u0259rimiz canlanacaq. Yen\u0259 h\u0259r k\u0259s i\u015finin ba\u015f\u0131nda olacaq. Bayra\u011f\u0131m\u0131z ba\u015f\u0131m\u0131z\u0131n \u00fcst\u00fcnd\u0259 dal\u011falanacaq. Yen\u0259 b\u00fct\u00fcn d\u00fcnya \u00f6lk\u0259miz\u0259 topla\u015facaq. \u00c7\u00fcnki&hellip;","_links":{"self":[{"href":"https:\/\/arantv.az\/index.php?rest_route=\/wp\/v2\/posts\/149286"}],"collection":[{"href":"https:\/\/arantv.az\/index.php?rest_route=\/wp\/v2\/posts"}],"about":[{"href":"https:\/\/arantv.az\/index.php?rest_route=\/wp\/v2\/types\/post"}],"author":[{"embeddable":true,"href":"https:\/\/arantv.az\/index.php?rest_route=\/wp\/v2\/users\/2"}],"replies":[{"embeddable":true,"href":"https:\/\/arantv.az\/index.php?rest_route=%2Fwp%2Fv2%2Fcomments&post=149286"}],"version-history":[{"count":0,"href":"https:\/\/arantv.az\/index.php?rest_route=\/wp\/v2\/posts\/149286\/revisions"}],"wp:featuredmedia":[{"embeddable":true,"href":"https:\/\/arantv.az\/index.php?rest_route=\/wp\/v2\/media\/149288"}],"wp:attachment":[{"href":"https:\/\/arantv.az\/index.php?rest_route=%2Fwp%2Fv2%2Fmedia&parent=149286"}],"wp:term":[{"taxonomy":"category","embeddable":true,"href":"https:\/\/arantv.az\/index.php?rest_route=%2Fwp%2Fv2%2Fcategories&post=149286"},{"taxonomy":"post_tag","embeddable":true,"href":"https:\/\/arantv.az\/index.php?rest_route=%2Fwp%2Fv2%2Ftags&post=149286"}],"curies":[{"name":"wp","href":"https:\/\/api.w.org\/{rel}","templated":true}]}}