{"id":149295,"date":"2020-04-06T10:17:24","date_gmt":"2020-04-06T07:17:24","guid":{"rendered":"http:\/\/arantv.az\/?p=149295"},"modified":"2020-04-06T10:17:24","modified_gmt":"2020-04-06T07:17:24","slug":"kasilyas-avrokubok-finallarinin-dekabrda-kecirilm%c9%99sini-t%c9%99klif-etdi","status":"publish","type":"post","link":"https:\/\/arantv.az\/?p=149295","title":{"rendered":"Kasilyas avrokubok finallar\u0131n\u0131n dekabrda ke\u00e7irilm\u0259sini t\u0259klif etdi"},"content":{"rendered":"<p>Futbol \u00fczr\u0259 \u0130spaniya millisinin v\u0259 Madrid \u201cReal\u201d\u0131n\u0131n ke\u00e7mi\u015f qap\u0131\u00e7\u0131s\u0131 \u0130ker Kasilyas cari ild\u0259 avrokubok finallar\u0131n\u0131n dekabr ay\u0131nda ke\u00e7irilm\u0259sini t\u0259klif edib.<\/p>\n<p>Bu bar\u0259d\u0259 o, \u201cTwitter\u201d hesab\u0131nda yaz\u0131b.<\/p>\n<div id=\"AdviadNativeVideo0\" class=\"AdviadNativeVideo\"><\/div>\n<p>Futbol\u00e7unun s\u00f6zl\u0259rin\u0259 g\u00f6r\u0259, s\u00f6z\u00fcged\u0259n q\u0259rar qar\u015f\u0131dak\u0131 iki m\u00f6vs\u00fcm\u00fcn yaz-pay\u0131z sistemi il\u0259 ke\u00e7irilm\u0259sin\u0259 \u015f\u0259rait yaradacaq.<\/p>\n<p>\u201cM\u00f6vs\u00fcm l\u0259\u011fv edilsin, yoxsa t\u0259qvim ili il\u0259 uy\u011funla\u015fd\u0131r\u0131ls\u0131n? \u018fg\u0259r 3-4 ay sonra h\u0259r \u015fey yax\u015f\u0131 olacaqsa, o zaman m\u00f6vs\u00fcm\u00fc ba\u015fa \u00e7atd\u0131rmaq, avrokubok finallar\u0131n\u0131 is\u0259 dekabrda ke\u00e7irm\u0259k olar. N\u00f6vb\u0259ti d\u00fcnya \u00e7empionat\u0131 2022-ci ilin noyabr\u0131nda ba\u015flay\u0131r, d\u00fcz\u0259li\u015f edin\u201d, &#8211; dey\u0259 Kasilyas bildirib.<\/p>\n","protected":false},"excerpt":{"rendered":"<p>Futbol \u00fczr\u0259 \u0130spaniya millisinin v\u0259 Madrid \u201cReal\u201d\u0131n\u0131n ke\u00e7mi\u015f qap\u0131\u00e7\u0131s\u0131 \u0130ker Kasilyas cari ild\u0259 avrokubok finallar\u0131n\u0131n dekabr ay\u0131nda ke\u00e7irilm\u0259sini t\u0259klif edib. Bu bar\u0259d\u0259 o, \u201cTwitter\u201d hesab\u0131nda yaz\u0131b. Futbol\u00e7unun s\u00f6zl\u0259rin\u0259 g\u00f6r\u0259, s\u00f6z\u00fcged\u0259n q\u0259rar qar\u015f\u0131dak\u0131 iki m\u00f6vs\u00fcm\u00fcn yaz-pay\u0131z sistemi il\u0259 ke\u00e7irilm\u0259sin\u0259 \u015f\u0259rait yaradacaq. \u201cM\u00f6vs\u00fcm l\u0259\u011fv edilsin, yoxsa t\u0259qvim ili il\u0259 uy\u011funla\u015fd\u0131r\u0131ls\u0131n? \u018fg\u0259r 3-4 ay sonra h\u0259r \u015fey yax\u015f\u0131 olacaqsa, o zaman m\u00f6vs\u00fcm\u00fc ba\u015fa \u00e7atd\u0131rmaq, avrokubok finallar\u0131n\u0131 is\u0259 dekabrda ke\u00e7irm\u0259k olar. N\u00f6vb\u0259ti d\u00fcnya \u00e7empionat\u0131 2022-ci ilin noyabr\u0131nda ba\u015flay\u0131r, d\u00fcz\u0259li\u015f edin\u201d, &#8211; dey\u0259 Kasilyas bildirib.<\/p>\n","protected":false},"author":2,"featured_media":149296,"comment_status":"closed","ping_status":"closed","sticky":false,"template":"","format":"standard","meta":{"om_disable_all_campaigns":false,"_monsterinsights_skip_tracking":false,"_monsterinsights_sitenote_active":false,"_monsterinsights_sitenote_note":"","_monsterinsights_sitenote_category":0},"categories":[6],"tags":[],"aioseo_notices":[],"gutentor_comment":0,"rttpg_featured_image_url":{"full":["https:\/\/arantv.az\/wp-content\/uploads\/2020\/04\/kasilyas.jpg",620,350,false],"landscape":["https:\/\/arantv.az\/wp-content\/uploads\/2020\/04\/kasilyas.jpg",620,350,false],"portraits":["https:\/\/arantv.az\/wp-content\/uploads\/2020\/04\/kasilyas.jpg",620,350,false],"thumbnail":["https:\/\/arantv.az\/wp-content\/uploads\/2020\/04\/kasilyas-150x150.jpg",150,150,true],"medium":["https:\/\/arantv.az\/wp-content\/uploads\/2020\/04\/kasilyas-300x169.jpg",300,169,true],"large":["https:\/\/arantv.az\/wp-content\/uploads\/2020\/04\/kasilyas.jpg",620,350,false],"1536x1536":["https:\/\/arantv.az\/wp-content\/uploads\/2020\/04\/kasilyas.jpg",620,350,false],"2048x2048":["https:\/\/arantv.az\/wp-content\/uploads\/2020\/04\/kasilyas.jpg",620,350,false],"post-thumbnail":["https:\/\/arantv.az\/wp-content\/uploads\/2020\/04\/kasilyas-240x172.jpg",240,172,true],"advps-thumb-one":["https:\/\/arantv.az\/wp-content\/uploads\/2020\/04\/kasilyas.jpg",620,350,false]},"rttpg_author":{"display_name":"V\u00fcsal Rafiqo\u011flu","author_link":"https:\/\/arantv.az\/?author=2"},"rttpg_comment":0,"rttpg_category":"<a href=\"https:\/\/arantv.az\/?cat=6\" rel=\"category\">\u0130dman<\/a>","rttpg_excerpt":"Futbol \u00fczr\u0259 \u0130spaniya millisinin v\u0259 Madrid \u201cReal\u201d\u0131n\u0131n ke\u00e7mi\u015f qap\u0131\u00e7\u0131s\u0131 \u0130ker Kasilyas cari ild\u0259 avrokubok finallar\u0131n\u0131n dekabr ay\u0131nda ke\u00e7irilm\u0259sini t\u0259klif edib. Bu bar\u0259d\u0259 o, \u201cTwitter\u201d hesab\u0131nda yaz\u0131b. Futbol\u00e7unun s\u00f6zl\u0259rin\u0259 g\u00f6r\u0259, s\u00f6z\u00fcged\u0259n q\u0259rar qar\u015f\u0131dak\u0131 iki m\u00f6vs\u00fcm\u00fcn yaz-pay\u0131z sistemi il\u0259 ke\u00e7irilm\u0259sin\u0259 \u015f\u0259rait yaradacaq. \u201cM\u00f6vs\u00fcm l\u0259\u011fv edilsin, yoxsa t\u0259qvim ili il\u0259 uy\u011funla\u015fd\u0131r\u0131ls\u0131n? \u018fg\u0259r 3-4 ay sonra h\u0259r \u015fey yax\u015f\u0131&hellip;","_links":{"self":[{"href":"https:\/\/arantv.az\/index.php?rest_route=\/wp\/v2\/posts\/149295"}],"collection":[{"href":"https:\/\/arantv.az\/index.php?rest_route=\/wp\/v2\/posts"}],"about":[{"href":"https:\/\/arantv.az\/index.php?rest_route=\/wp\/v2\/types\/post"}],"author":[{"embeddable":true,"href":"https:\/\/arantv.az\/index.php?rest_route=\/wp\/v2\/users\/2"}],"replies":[{"embeddable":true,"href":"https:\/\/arantv.az\/index.php?rest_route=%2Fwp%2Fv2%2Fcomments&post=149295"}],"version-history":[{"count":0,"href":"https:\/\/arantv.az\/index.php?rest_route=\/wp\/v2\/posts\/149295\/revisions"}],"wp:featuredmedia":[{"embeddable":true,"href":"https:\/\/arantv.az\/index.php?rest_route=\/wp\/v2\/media\/149296"}],"wp:attachment":[{"href":"https:\/\/arantv.az\/index.php?rest_route=%2Fwp%2Fv2%2Fmedia&parent=149295"}],"wp:term":[{"taxonomy":"category","embeddable":true,"href":"https:\/\/arantv.az\/index.php?rest_route=%2Fwp%2Fv2%2Fcategories&post=149295"},{"taxonomy":"post_tag","embeddable":true,"href":"https:\/\/arantv.az\/index.php?rest_route=%2Fwp%2Fv2%2Ftags&post=149295"}],"curies":[{"name":"wp","href":"https:\/\/api.w.org\/{rel}","templated":true}]}}