{"id":14932,"date":"2018-09-22T13:33:37","date_gmt":"2018-09-22T10:33:37","guid":{"rendered":"http:\/\/arantv.az\/?p=14932"},"modified":"2018-09-22T13:33:37","modified_gmt":"2018-09-22T10:33:37","slug":"yankauskas-c%c9%99nub-qaz-d%c9%99hlizi-az%c9%99rbaycanin-avropanin-enerji-t%c9%99hluk%c9%99sizliyinin-t%c9%99min-olunmasina-muhum-tohf%c9%99si-olacaq","status":"publish","type":"post","link":"https:\/\/arantv.az\/?p=14932","title":{"rendered":"Yankauskas: &#8220;C\u0259nub Qaz D\u0259hlizi&#8221; Az\u0259rbaycan\u0131n Avropan\u0131n enerji t\u0259hl\u00fck\u0259sizliyinin t\u0259min olunmas\u0131na m\u00fch\u00fcm t\u00f6hf\u0259si olacaq&#8221;"},"content":{"rendered":"<p><strong>&#8220;C\u0259nub Qaz D\u0259hlizi&#8221; layih\u0259sinin h\u0259yata ke\u00e7irilm\u0259si Az\u0259rbaycan\u0131n Avropan\u0131n enerji t\u0259hl\u00fck\u0259sizliyinin t\u0259min olunmas\u0131na m\u00fch\u00fcm t\u00f6hf\u0259si olacaq.<\/strong><\/p>\n<p><strong>ARANTV.AZ<\/strong> trend-\u0259 istinad\u0259n bildirir ki,\u00a0bunu Avropa \u0130ttifaq\u0131n\u0131n (A\u0130) Az\u0259rbaycandak\u0131 n\u00fcmay\u0259nd\u0259liyinin r\u0259hb\u0259ri Kestutis Yankauskas Nax\u00e7\u0131van Muxtar Respublikas\u0131nda A\u0130 G\u00fcnl\u0259rin\u0259 h\u0259sr olunmu\u015f m\u0259tbuat konfras\u0131nda deyib.<\/p>\n<p>K.Yankauskas bildirib ki, Az\u0259rbaycan v\u0259 Avropa \u0130ttifaq\u0131 \u00e7oxdand\u0131r ki energetika sah\u0259sind\u0259 \u0259m\u0259kda\u015fl\u0131q edirl\u0259r:<\/p>\n<p>&#8220;C\u0259nub Qaz D\u0259hlizi&#8221; layih\u0259sinin realla\u015fd\u0131r\u0131lmas\u0131 Az\u0259rbaycan\u0131n Avropan\u0131n enerji t\u0259hl\u00fck\u0259sizliyinin t\u0259min olunmas\u0131 v\u0259 enerji resurslar\u0131 m\u0259nb\u0259l\u0259rinin \u015fax\u0259l\u0259ndirilm\u0259sin\u0259 m\u00fch\u00fcm t\u00f6hf\u0259si olacaq&#8221;.<\/p>\n<p>Bundan ba\u015fqa, onun s\u00f6zl\u0259rin\u0259 g\u00f6r\u0259, Az\u0259rbaycanda G\u00fcn\u0259\u015f enerjisi, su v\u0259 k\u00fcl\u0259k enerjisinin generasiyas\u0131 kimi sah\u0259l\u0259rd\u0259 b\u00f6y\u00fck inki\u015faf potensial\u0131 var.<\/p>\n<p>A\u0130 r\u0259smisi x\u00fcsusil\u0259 qeyd edib ki, Nax\u00e7\u0131vanda b\u0259rpa olunan enerji m\u0259nb\u0259l\u0259ri sah\u0259sind\u0259 b\u00f6y\u00fck u\u011furlar \u0259ld\u0259 edilib.<\/p>\n","protected":false},"excerpt":{"rendered":"<p>&#8220;C\u0259nub Qaz D\u0259hlizi&#8221; layih\u0259sinin h\u0259yata ke\u00e7irilm\u0259si Az\u0259rbaycan\u0131n Avropan\u0131n enerji t\u0259hl\u00fck\u0259sizliyinin t\u0259min olunmas\u0131na m\u00fch\u00fcm t\u00f6hf\u0259si olacaq. ARANTV.AZ trend-\u0259 istinad\u0259n bildirir ki,\u00a0bunu Avropa \u0130ttifaq\u0131n\u0131n (A\u0130) Az\u0259rbaycandak\u0131 n\u00fcmay\u0259nd\u0259liyinin r\u0259hb\u0259ri Kestutis Yankauskas Nax\u00e7\u0131van Muxtar Respublikas\u0131nda A\u0130 G\u00fcnl\u0259rin\u0259 h\u0259sr olunmu\u015f m\u0259tbuat konfras\u0131nda deyib. K.Yankauskas bildirib ki, Az\u0259rbaycan v\u0259 Avropa \u0130ttifaq\u0131 \u00e7oxdand\u0131r ki energetika sah\u0259sind\u0259 \u0259m\u0259kda\u015fl\u0131q edirl\u0259r: &#8220;C\u0259nub Qaz D\u0259hlizi&#8221; layih\u0259sinin realla\u015fd\u0131r\u0131lmas\u0131 Az\u0259rbaycan\u0131n Avropan\u0131n enerji t\u0259hl\u00fck\u0259sizliyinin t\u0259min olunmas\u0131 v\u0259 enerji resurslar\u0131 m\u0259nb\u0259l\u0259rinin \u015fax\u0259l\u0259ndirilm\u0259sin\u0259 m\u00fch\u00fcm t\u00f6hf\u0259si olacaq&#8221;. Bundan ba\u015fqa, onun s\u00f6zl\u0259rin\u0259 g\u00f6r\u0259, Az\u0259rbaycanda G\u00fcn\u0259\u015f enerjisi, su v\u0259 k\u00fcl\u0259k enerjisinin generasiyas\u0131 kimi sah\u0259l\u0259rd\u0259 b\u00f6y\u00fck inki\u015faf potensial\u0131 var. A\u0130&hellip;<\/p>\n","protected":false},"author":2,"featured_media":14933,"comment_status":"closed","ping_status":"closed","sticky":false,"template":"","format":"standard","meta":{"om_disable_all_campaigns":false,"_monsterinsights_skip_tracking":false,"_monsterinsights_sitenote_active":false,"_monsterinsights_sitenote_note":"","_monsterinsights_sitenote_category":0},"categories":[4],"tags":[],"aioseo_notices":[],"gutentor_comment":0,"rttpg_featured_image_url":{"full":["https:\/\/arantv.az\/wp-content\/uploads\/2018\/09\/687855.jpg",800,600,false],"landscape":["https:\/\/arantv.az\/wp-content\/uploads\/2018\/09\/687855.jpg",800,600,false],"portraits":["https:\/\/arantv.az\/wp-content\/uploads\/2018\/09\/687855.jpg",800,600,false],"thumbnail":["https:\/\/arantv.az\/wp-content\/uploads\/2018\/09\/687855-150x150.jpg",150,150,true],"medium":["https:\/\/arantv.az\/wp-content\/uploads\/2018\/09\/687855-300x225.jpg",300,225,true],"large":["https:\/\/arantv.az\/wp-content\/uploads\/2018\/09\/687855.jpg",640,480,false],"1536x1536":["https:\/\/arantv.az\/wp-content\/uploads\/2018\/09\/687855.jpg",800,600,false],"2048x2048":["https:\/\/arantv.az\/wp-content\/uploads\/2018\/09\/687855.jpg",800,600,false],"post-thumbnail":["https:\/\/arantv.az\/wp-content\/uploads\/2018\/09\/687855-240x172.jpg",240,172,true],"advps-thumb-one":["https:\/\/arantv.az\/wp-content\/uploads\/2018\/09\/687855.jpg",800,600,false]},"rttpg_author":{"display_name":"V\u00fcsal Rafiqo\u011flu","author_link":"https:\/\/arantv.az\/?author=2"},"rttpg_comment":0,"rttpg_category":"<a href=\"https:\/\/arantv.az\/?cat=4\" rel=\"category\">Siyas\u0259t<\/a>","rttpg_excerpt":"&#8220;C\u0259nub Qaz D\u0259hlizi&#8221; layih\u0259sinin h\u0259yata ke\u00e7irilm\u0259si Az\u0259rbaycan\u0131n Avropan\u0131n enerji t\u0259hl\u00fck\u0259sizliyinin t\u0259min olunmas\u0131na m\u00fch\u00fcm t\u00f6hf\u0259si olacaq. ARANTV.AZ trend-\u0259 istinad\u0259n bildirir ki,\u00a0bunu Avropa \u0130ttifaq\u0131n\u0131n (A\u0130) Az\u0259rbaycandak\u0131 n\u00fcmay\u0259nd\u0259liyinin r\u0259hb\u0259ri Kestutis Yankauskas Nax\u00e7\u0131van Muxtar Respublikas\u0131nda A\u0130 G\u00fcnl\u0259rin\u0259 h\u0259sr olunmu\u015f m\u0259tbuat konfras\u0131nda deyib. K.Yankauskas bildirib ki, Az\u0259rbaycan v\u0259 Avropa \u0130ttifaq\u0131 \u00e7oxdand\u0131r ki energetika sah\u0259sind\u0259 \u0259m\u0259kda\u015fl\u0131q edirl\u0259r: &#8220;C\u0259nub Qaz D\u0259hlizi&#8221; layih\u0259sinin&hellip;","_links":{"self":[{"href":"https:\/\/arantv.az\/index.php?rest_route=\/wp\/v2\/posts\/14932"}],"collection":[{"href":"https:\/\/arantv.az\/index.php?rest_route=\/wp\/v2\/posts"}],"about":[{"href":"https:\/\/arantv.az\/index.php?rest_route=\/wp\/v2\/types\/post"}],"author":[{"embeddable":true,"href":"https:\/\/arantv.az\/index.php?rest_route=\/wp\/v2\/users\/2"}],"replies":[{"embeddable":true,"href":"https:\/\/arantv.az\/index.php?rest_route=%2Fwp%2Fv2%2Fcomments&post=14932"}],"version-history":[{"count":0,"href":"https:\/\/arantv.az\/index.php?rest_route=\/wp\/v2\/posts\/14932\/revisions"}],"wp:featuredmedia":[{"embeddable":true,"href":"https:\/\/arantv.az\/index.php?rest_route=\/wp\/v2\/media\/14933"}],"wp:attachment":[{"href":"https:\/\/arantv.az\/index.php?rest_route=%2Fwp%2Fv2%2Fmedia&parent=14932"}],"wp:term":[{"taxonomy":"category","embeddable":true,"href":"https:\/\/arantv.az\/index.php?rest_route=%2Fwp%2Fv2%2Fcategories&post=14932"},{"taxonomy":"post_tag","embeddable":true,"href":"https:\/\/arantv.az\/index.php?rest_route=%2Fwp%2Fv2%2Ftags&post=14932"}],"curies":[{"name":"wp","href":"https:\/\/api.w.org\/{rel}","templated":true}]}}