{"id":14938,"date":"2018-09-22T13:36:32","date_gmt":"2018-09-22T10:36:32","guid":{"rendered":"http:\/\/arantv.az\/?p=14938"},"modified":"2018-09-22T13:36:32","modified_gmt":"2018-09-22T10:36:32","slug":"s%c9%99ni-alacam-dediyi-qizla-cinsi-%c9%99laq%c9%99d%c9%99-oldu-az%c9%99rbaycanda-sok-olay-video","status":"publish","type":"post","link":"https:\/\/arantv.az\/?p=14938","title":{"rendered":"&#8220;S\u0259ni alacam&#8221; dediyi q\u0131zla cinsi \u0259laq\u0259d\u0259 oldu &#8211; Az\u0259rbaycanda \u015eOK OLAY &#8211; V\u0130DEO"},"content":{"rendered":"<div id=\"entry\" class=\"entry\">Bil\u0259suvarda Zaur adl\u0131 g\u0259ncin &#8220;S\u0259ni alacam&#8221; dey\u0259r\u0259k cinsi \u0259laq\u0259d\u0259 oldu\u011fu q\u0131z &#8220;Space&#8221;in efirind\u0259 yay\u0131mlanan &#8220;G\u0259l d\u0259rdini dan\u0131\u015f&#8221; proqram\u0131nda \u015fok edici iddialar s\u0259sl\u0259ndirib.<\/p>\n<p><b>ARANTV.AZ\u00a0<\/b>\u00a0x\u0259b\u0259r verir ki, ad\u0131 a\u00e7\u0131qlanmayan q\u0131z sevdiyi o\u011flan t\u0259r\u0259find\u0259n aldad\u0131ld\u0131\u011f\u0131n\u0131 deyib.<\/p>\n<div id=\"AdributorNativeVideo0\" class=\"AdributorNativeVideo\"><\/div>\n<p>&#8220;S\u0259ni m\u0259n alacam&#8221; dey\u0259n sevgilisi il\u0259 cinsi \u0259laq\u0259d\u0259 oldu\u011funu bildir\u0259n q\u0131z, ondan u\u015fa\u011fa qald\u0131\u011f\u0131n\u0131 etiraf edib. H\u0259r \u015fey d\u0259 bundan sonra ba\u015f verib.<\/p>\n<p>Davam\u0131 videoda:<br \/>\n<iframe loading=\"lazy\" src=\"http:\/\/izle.az\/embed\/62028\" width=\"600\" height=\"340\" frameborder=\"0\" allowfullscreen=\"allowfullscreen\" data-mce-fragment=\"1\"><\/iframe><\/div>\n<p><b>big.az<\/b><\/p>\n","protected":false},"excerpt":{"rendered":"<p>Bil\u0259suvarda Zaur adl\u0131 g\u0259ncin &#8220;S\u0259ni alacam&#8221; dey\u0259r\u0259k cinsi \u0259laq\u0259d\u0259 oldu\u011fu q\u0131z &#8220;Space&#8221;in efirind\u0259 yay\u0131mlanan &#8220;G\u0259l d\u0259rdini dan\u0131\u015f&#8221; proqram\u0131nda \u015fok edici iddialar s\u0259sl\u0259ndirib. ARANTV.AZ\u00a0\u00a0x\u0259b\u0259r verir ki, ad\u0131 a\u00e7\u0131qlanmayan q\u0131z sevdiyi o\u011flan t\u0259r\u0259find\u0259n aldad\u0131ld\u0131\u011f\u0131n\u0131 deyib. &#8220;S\u0259ni m\u0259n alacam&#8221; dey\u0259n sevgilisi il\u0259 cinsi \u0259laq\u0259d\u0259 oldu\u011funu bildir\u0259n q\u0131z, ondan u\u015fa\u011fa qald\u0131\u011f\u0131n\u0131 etiraf edib. H\u0259r \u015fey d\u0259 bundan sonra ba\u015f verib. Davam\u0131 videoda: big.az<\/p>\n","protected":false},"author":2,"featured_media":14939,"comment_status":"closed","ping_status":"closed","sticky":false,"template":"","format":"standard","meta":{"om_disable_all_campaigns":false,"_monsterinsights_skip_tracking":false,"_monsterinsights_sitenote_active":false,"_monsterinsights_sitenote_note":"","_monsterinsights_sitenote_category":0},"categories":[1],"tags":[],"aioseo_notices":[],"gutentor_comment":0,"rttpg_featured_image_url":{"full":["https:\/\/arantv.az\/wp-content\/uploads\/2018\/09\/1_31537609359.jpg",549,412,false],"landscape":["https:\/\/arantv.az\/wp-content\/uploads\/2018\/09\/1_31537609359.jpg",549,412,false],"portraits":["https:\/\/arantv.az\/wp-content\/uploads\/2018\/09\/1_31537609359.jpg",549,412,false],"thumbnail":["https:\/\/arantv.az\/wp-content\/uploads\/2018\/09\/1_31537609359-150x150.jpg",150,150,true],"medium":["https:\/\/arantv.az\/wp-content\/uploads\/2018\/09\/1_31537609359-300x225.jpg",300,225,true],"large":["https:\/\/arantv.az\/wp-content\/uploads\/2018\/09\/1_31537609359.jpg",549,412,false],"1536x1536":["https:\/\/arantv.az\/wp-content\/uploads\/2018\/09\/1_31537609359.jpg",549,412,false],"2048x2048":["https:\/\/arantv.az\/wp-content\/uploads\/2018\/09\/1_31537609359.jpg",549,412,false],"post-thumbnail":["https:\/\/arantv.az\/wp-content\/uploads\/2018\/09\/1_31537609359-240x172.jpg",240,172,true],"advps-thumb-one":["https:\/\/arantv.az\/wp-content\/uploads\/2018\/09\/1_31537609359.jpg",549,412,false]},"rttpg_author":{"display_name":"V\u00fcsal Rafiqo\u011flu","author_link":"https:\/\/arantv.az\/?author=2"},"rttpg_comment":0,"rttpg_category":"<a href=\"https:\/\/arantv.az\/?cat=1\" rel=\"category\">C\u0259miyy\u0259t<\/a>","rttpg_excerpt":"Bil\u0259suvarda Zaur adl\u0131 g\u0259ncin &#8220;S\u0259ni alacam&#8221; dey\u0259r\u0259k cinsi \u0259laq\u0259d\u0259 oldu\u011fu q\u0131z &#8220;Space&#8221;in efirind\u0259 yay\u0131mlanan &#8220;G\u0259l d\u0259rdini dan\u0131\u015f&#8221; proqram\u0131nda \u015fok edici iddialar s\u0259sl\u0259ndirib. ARANTV.AZ\u00a0\u00a0x\u0259b\u0259r verir ki, ad\u0131 a\u00e7\u0131qlanmayan q\u0131z sevdiyi o\u011flan t\u0259r\u0259find\u0259n aldad\u0131ld\u0131\u011f\u0131n\u0131 deyib. &#8220;S\u0259ni m\u0259n alacam&#8221; dey\u0259n sevgilisi il\u0259 cinsi \u0259laq\u0259d\u0259 oldu\u011funu bildir\u0259n q\u0131z, ondan u\u015fa\u011fa qald\u0131\u011f\u0131n\u0131 etiraf edib. H\u0259r \u015fey d\u0259 bundan sonra ba\u015f&hellip;","_links":{"self":[{"href":"https:\/\/arantv.az\/index.php?rest_route=\/wp\/v2\/posts\/14938"}],"collection":[{"href":"https:\/\/arantv.az\/index.php?rest_route=\/wp\/v2\/posts"}],"about":[{"href":"https:\/\/arantv.az\/index.php?rest_route=\/wp\/v2\/types\/post"}],"author":[{"embeddable":true,"href":"https:\/\/arantv.az\/index.php?rest_route=\/wp\/v2\/users\/2"}],"replies":[{"embeddable":true,"href":"https:\/\/arantv.az\/index.php?rest_route=%2Fwp%2Fv2%2Fcomments&post=14938"}],"version-history":[{"count":0,"href":"https:\/\/arantv.az\/index.php?rest_route=\/wp\/v2\/posts\/14938\/revisions"}],"wp:featuredmedia":[{"embeddable":true,"href":"https:\/\/arantv.az\/index.php?rest_route=\/wp\/v2\/media\/14939"}],"wp:attachment":[{"href":"https:\/\/arantv.az\/index.php?rest_route=%2Fwp%2Fv2%2Fmedia&parent=14938"}],"wp:term":[{"taxonomy":"category","embeddable":true,"href":"https:\/\/arantv.az\/index.php?rest_route=%2Fwp%2Fv2%2Fcategories&post=14938"},{"taxonomy":"post_tag","embeddable":true,"href":"https:\/\/arantv.az\/index.php?rest_route=%2Fwp%2Fv2%2Ftags&post=14938"}],"curies":[{"name":"wp","href":"https:\/\/api.w.org\/{rel}","templated":true}]}}