{"id":149381,"date":"2020-04-06T12:44:51","date_gmt":"2020-04-06T09:44:51","guid":{"rendered":"http:\/\/arantv.az\/?p=149381"},"modified":"2020-04-06T12:44:51","modified_gmt":"2020-04-06T09:44:51","slug":"hansi-t%c9%99l%c9%99b%c9%99l%c9%99rin-t%c9%99hsil-haqqinin-dovl%c9%99t-t%c9%99r%c9%99find%c9%99n-od%c9%99nil%c9%99c%c9%99yi-il%c9%99-bagli-r%c9%99smi-aciqlama","status":"publish","type":"post","link":"https:\/\/arantv.az\/?p=149381","title":{"rendered":"Hans\u0131 t\u0259l\u0259b\u0259l\u0259rin t\u0259hsil haqq\u0131n\u0131n d\u00f6vl\u0259t t\u0259r\u0259find\u0259n \u00f6d\u0259nil\u0259c\u0259yi il\u0259 ba\u011fl\u0131 R\u018fSM\u0130 A\u00c7IQLAMA"},"content":{"rendered":"<p>M\u0259lum oldu\u011fu kimi, Nazirl\u0259r Kabineti t\u0259r\u0259find\u0259n 4 aprel 2020-ci ild\u0259 t\u0259sdiq edilmi\u015f \u201cKoronavirus (COVID-19) pandemiyas\u0131n\u0131n v\u0259 bundan ir\u0259li g\u0259l\u0259r\u0259k, d\u00fcnya enerji v\u0259 s\u0259hm bazarlar\u0131nda ba\u015f ver\u0259n k\u0259skin dal\u011falanmalar\u0131n Az\u0259rbaycan Respublikas\u0131n\u0131n iqtisadiyyat\u0131na, makroiqtisadi sabitliy\u0259, \u00f6lk\u0259d\u0259 m\u0259\u015f\u011fulluq m\u0259s\u0259l\u0259l\u0259rin\u0259 v\u0259 sahibkarl\u0131q subyektl\u0259rin\u0259 m\u0259nfi t\u0259sirinin azald\u0131lmas\u0131 il\u0259 ba\u011fl\u0131 bir s\u0131ra t\u0259dbirl\u0259r haqq\u0131nda\u201d Az\u0259rbaycan Respublikas\u0131 Prezidentinin 2020-ci il 19 mart tarixli 1950 n\u00f6mr\u0259li s\u0259r\u0259ncam\u0131n\u0131n 10.2-ci b\u0259ndinin icras\u0131 il\u0259 ba\u011fl\u0131 T\u0259dbirl\u0259r Plan\u0131\u201dna \u0259sas\u0259n, sosial bax\u0131mdan h\u0259ssas \u0259hali qrupuna aid edil\u0259n ail\u0259l\u0259rin \u00fczv\u00fc olan t\u0259l\u0259b\u0259l\u0259rin t\u0259hsil haqq\u0131 x\u0259rcl\u0259rinin \u00f6d\u0259nilm\u0259si \u00fc\u00e7\u00fcn 40 milyon AZN m\u0259bl\u0259\u011find\u0259 kompensasiya n\u0259z\u0259rd\u0259 tutulub.<\/p>\n<p>Oxu.Az-\u0131n m\u0259lumat\u0131na g\u00f6r\u0259, bunu T\u0259hsil nazirinin m\u00fc\u015faviri Elnur M\u0259mm\u0259dov bildirib.<\/p>\n<p>Onun s\u00f6zl\u0259rin\u0259 g\u00f6r\u0259, bu istiqam\u0259t \u00fczr\u0259 icra\u00e7\u0131 qurumlar T\u0259hsil v\u0259 Maliyy\u0259 Nazirlikl\u0259ri, icra m\u00fcdd\u0259ti is\u0259 2020-ci il m\u00fc\u0259yy\u0259n edilib:<\/p>\n<div id=\"AdviadNativeVideo0\" class=\"AdviadNativeVideo\"><\/div>\n<p>\u201cT\u0259bii olaraq, bu t\u0259dbirin konkret olaraq hans\u0131 ail\u0259l\u0259rin \u00fczv\u00fc olan t\u0259l\u0259b\u0259l\u0259r\u0259 aid olmas\u0131na v\u0259 t\u0259hsil haqq\u0131n\u0131n hans\u0131 \u015f\u0259rtl\u0259rl\u0259 \u00f6d\u0259nilm\u0259sin\u0259 dair haz\u0131rda sosial mediada \u00e7oxsayl\u0131 suallar verilir, r\u0259y v\u0259 m\u00fclahiz\u0259l\u0259r ir\u0259li s\u00fcr\u00fcl\u00fcr.<\/p>\n<p>B\u0259zi hallarda veril\u0259n suallara \u015f\u0259rhl\u0259rd\u0259 konkret cavablar da verilir (bu siz\u0259 aiddir\/aid deyil, art\u0131q \u00f6d\u0259nilmi\u015f m\u0259bl\u0259\u011f n\u0259z\u0259r\u0259 al\u0131nacaq\/al\u0131nmayacaq, yaln\u0131z ali t\u0259hsil\u0259 aiddir v\u0259 sair)\u201d.<\/p>\n<p>\u201cXahi\u015f edir\u0259m, n\u0259z\u0259r\u0259 alas\u0131n\u0131z ki, haz\u0131rda s\u0259r\u0259ncamdan ir\u0259li g\u0259l\u0259n m\u0259s\u0259l\u0259l\u0259r m\u00fczakir\u0259 olunur v\u0259 q\u0259rar layih\u0259si \u00fcz\u0259rind\u0259 i\u015f gedir. Q\u0259rar q\u0259bul v\u0259 elan edil\u0259nd\u0259n sonra\u00a0veril\u0259n b\u00fct\u00fcn suallara d\u0259qiq cavab verm\u0259k olacaq\u201d, &#8211; dey\u0259 m\u00fc\u015favir qeyd edib.<\/p>\n","protected":false},"excerpt":{"rendered":"<p>M\u0259lum oldu\u011fu kimi, Nazirl\u0259r Kabineti t\u0259r\u0259find\u0259n 4 aprel 2020-ci ild\u0259 t\u0259sdiq edilmi\u015f \u201cKoronavirus (COVID-19) pandemiyas\u0131n\u0131n v\u0259 bundan ir\u0259li g\u0259l\u0259r\u0259k, d\u00fcnya enerji v\u0259 s\u0259hm bazarlar\u0131nda ba\u015f ver\u0259n k\u0259skin dal\u011falanmalar\u0131n Az\u0259rbaycan Respublikas\u0131n\u0131n iqtisadiyyat\u0131na, makroiqtisadi sabitliy\u0259, \u00f6lk\u0259d\u0259 m\u0259\u015f\u011fulluq m\u0259s\u0259l\u0259l\u0259rin\u0259 v\u0259 sahibkarl\u0131q subyektl\u0259rin\u0259 m\u0259nfi t\u0259sirinin azald\u0131lmas\u0131 il\u0259 ba\u011fl\u0131 bir s\u0131ra t\u0259dbirl\u0259r haqq\u0131nda\u201d Az\u0259rbaycan Respublikas\u0131 Prezidentinin 2020-ci il 19 mart tarixli 1950 n\u00f6mr\u0259li s\u0259r\u0259ncam\u0131n\u0131n 10.2-ci b\u0259ndinin icras\u0131 il\u0259 ba\u011fl\u0131 T\u0259dbirl\u0259r Plan\u0131\u201dna \u0259sas\u0259n, sosial bax\u0131mdan h\u0259ssas \u0259hali qrupuna aid edil\u0259n ail\u0259l\u0259rin \u00fczv\u00fc olan t\u0259l\u0259b\u0259l\u0259rin t\u0259hsil haqq\u0131 x\u0259rcl\u0259rinin \u00f6d\u0259nilm\u0259si \u00fc\u00e7\u00fcn 40 milyon AZN m\u0259bl\u0259\u011find\u0259 kompensasiya n\u0259z\u0259rd\u0259 tutulub.&hellip;<\/p>\n","protected":false},"author":2,"featured_media":149382,"comment_status":"closed","ping_status":"closed","sticky":false,"template":"","format":"standard","meta":{"om_disable_all_campaigns":false,"_monsterinsights_skip_tracking":false,"_monsterinsights_sitenote_active":false,"_monsterinsights_sitenote_note":"","_monsterinsights_sitenote_category":0},"categories":[23],"tags":[],"aioseo_notices":[],"gutentor_comment":0,"rttpg_featured_image_url":{"full":["https:\/\/arantv.az\/wp-content\/uploads\/2020\/04\/tehsilll.jpg",620,418,false],"landscape":["https:\/\/arantv.az\/wp-content\/uploads\/2020\/04\/tehsilll.jpg",620,418,false],"portraits":["https:\/\/arantv.az\/wp-content\/uploads\/2020\/04\/tehsilll.jpg",620,418,false],"thumbnail":["https:\/\/arantv.az\/wp-content\/uploads\/2020\/04\/tehsilll-150x150.jpg",150,150,true],"medium":["https:\/\/arantv.az\/wp-content\/uploads\/2020\/04\/tehsilll-300x202.jpg",300,202,true],"large":["https:\/\/arantv.az\/wp-content\/uploads\/2020\/04\/tehsilll.jpg",620,418,false],"1536x1536":["https:\/\/arantv.az\/wp-content\/uploads\/2020\/04\/tehsilll.jpg",620,418,false],"2048x2048":["https:\/\/arantv.az\/wp-content\/uploads\/2020\/04\/tehsilll.jpg",620,418,false],"post-thumbnail":["https:\/\/arantv.az\/wp-content\/uploads\/2020\/04\/tehsilll-240x172.jpg",240,172,true],"advps-thumb-one":["https:\/\/arantv.az\/wp-content\/uploads\/2020\/04\/tehsilll.jpg",620,418,false]},"rttpg_author":{"display_name":"V\u00fcsal Rafiqo\u011flu","author_link":"https:\/\/arantv.az\/?author=2"},"rttpg_comment":0,"rttpg_category":"<a href=\"https:\/\/arantv.az\/?cat=23\" rel=\"category\">T\u0259hsil<\/a>","rttpg_excerpt":"M\u0259lum oldu\u011fu kimi, Nazirl\u0259r Kabineti t\u0259r\u0259find\u0259n 4 aprel 2020-ci ild\u0259 t\u0259sdiq edilmi\u015f \u201cKoronavirus (COVID-19) pandemiyas\u0131n\u0131n v\u0259 bundan ir\u0259li g\u0259l\u0259r\u0259k, d\u00fcnya enerji v\u0259 s\u0259hm bazarlar\u0131nda ba\u015f ver\u0259n k\u0259skin dal\u011falanmalar\u0131n Az\u0259rbaycan Respublikas\u0131n\u0131n iqtisadiyyat\u0131na, makroiqtisadi sabitliy\u0259, \u00f6lk\u0259d\u0259 m\u0259\u015f\u011fulluq m\u0259s\u0259l\u0259l\u0259rin\u0259 v\u0259 sahibkarl\u0131q subyektl\u0259rin\u0259 m\u0259nfi t\u0259sirinin azald\u0131lmas\u0131 il\u0259 ba\u011fl\u0131 bir s\u0131ra t\u0259dbirl\u0259r haqq\u0131nda\u201d Az\u0259rbaycan Respublikas\u0131 Prezidentinin 2020-ci il 19 mart&hellip;","_links":{"self":[{"href":"https:\/\/arantv.az\/index.php?rest_route=\/wp\/v2\/posts\/149381"}],"collection":[{"href":"https:\/\/arantv.az\/index.php?rest_route=\/wp\/v2\/posts"}],"about":[{"href":"https:\/\/arantv.az\/index.php?rest_route=\/wp\/v2\/types\/post"}],"author":[{"embeddable":true,"href":"https:\/\/arantv.az\/index.php?rest_route=\/wp\/v2\/users\/2"}],"replies":[{"embeddable":true,"href":"https:\/\/arantv.az\/index.php?rest_route=%2Fwp%2Fv2%2Fcomments&post=149381"}],"version-history":[{"count":0,"href":"https:\/\/arantv.az\/index.php?rest_route=\/wp\/v2\/posts\/149381\/revisions"}],"wp:featuredmedia":[{"embeddable":true,"href":"https:\/\/arantv.az\/index.php?rest_route=\/wp\/v2\/media\/149382"}],"wp:attachment":[{"href":"https:\/\/arantv.az\/index.php?rest_route=%2Fwp%2Fv2%2Fmedia&parent=149381"}],"wp:term":[{"taxonomy":"category","embeddable":true,"href":"https:\/\/arantv.az\/index.php?rest_route=%2Fwp%2Fv2%2Fcategories&post=149381"},{"taxonomy":"post_tag","embeddable":true,"href":"https:\/\/arantv.az\/index.php?rest_route=%2Fwp%2Fv2%2Ftags&post=149381"}],"curies":[{"name":"wp","href":"https:\/\/api.w.org\/{rel}","templated":true}]}}