{"id":149385,"date":"2020-04-06T13:10:14","date_gmt":"2020-04-06T10:10:14","guid":{"rendered":"http:\/\/arantv.az\/?p=149385"},"modified":"2020-04-06T13:13:02","modified_gmt":"2020-04-06T10:13:02","slug":"prezident-ilham-%c9%99liyev-v%c9%99-birinci-xanim-mehriban-%c9%99liyeva-sumqayit-kimya-s%c9%99naye-parkinda-tibbi-maska-istehsali-mu%c9%99ssis%c9%99sinin-acilisinda-istirak-edibl%c9%99r","status":"publish","type":"post","link":"https:\/\/arantv.az\/?p=149385","title":{"rendered":"Prezident \u0130lham \u018fliyev v\u0259 birinci xan\u0131m Mehriban \u018fliyeva Sumqay\u0131t Kimya S\u0259naye Park\u0131nda tibbi maska istehsal\u0131 m\u00fc\u0259ssis\u0259sinin a\u00e7\u0131l\u0131\u015f\u0131nda i\u015ftirak edibl\u0259r"},"content":{"rendered":"<p>Az\u0259rbaycan Respublikas\u0131n\u0131n Prezidenti \u0130lham \u018fliyev v\u0259 birinci xan\u0131m Mehriban \u018fliyeva aprelin 6-da Sumqay\u0131t Kimya S\u0259naye Park\u0131nda &#8220;Bak\u0131 Tekstil Fabriki&#8221; MMC t\u0259r\u0259find\u0259n yarad\u0131lan tibbi maska istehsal\u0131 m\u00fc\u0259ssis\u0259sinin a\u00e7\u0131l\u0131\u015f\u0131nda i\u015ftirak edibl\u0259r.<\/p>\n<p><strong>ARANTV.AZ<\/strong>\u00a0<a href=\"http:\/\/azertag.az\/\" target=\"_blank\" rel=\"noopener\">AZ\u018fRTAC<\/a>-a istinad\u0259n bildirir ki, m\u00fc\u0259ssis\u0259 il\u0259 tan\u0131\u015fl\u0131qdan sonra Prezident \u0130lham \u018fliyev Az\u0259rbaycan xalq\u0131na m\u00fcraci\u0259t edib.<\/p>\n","protected":false},"excerpt":{"rendered":"<p>Az\u0259rbaycan Respublikas\u0131n\u0131n Prezidenti \u0130lham \u018fliyev v\u0259 birinci xan\u0131m Mehriban \u018fliyeva aprelin 6-da Sumqay\u0131t Kimya S\u0259naye Park\u0131nda &#8220;Bak\u0131 Tekstil Fabriki&#8221; MMC t\u0259r\u0259find\u0259n yarad\u0131lan tibbi maska istehsal\u0131 m\u00fc\u0259ssis\u0259sinin a\u00e7\u0131l\u0131\u015f\u0131nda i\u015ftirak edibl\u0259r. ARANTV.AZ\u00a0AZ\u018fRTAC-a istinad\u0259n bildirir ki, m\u00fc\u0259ssis\u0259 il\u0259 tan\u0131\u015fl\u0131qdan sonra Prezident \u0130lham \u018fliyev Az\u0259rbaycan xalq\u0131na m\u00fcraci\u0259t edib.<\/p>\n","protected":false},"author":2,"featured_media":149386,"comment_status":"closed","ping_status":"closed","sticky":false,"template":"","format":"standard","meta":{"om_disable_all_campaigns":false,"_monsterinsights_skip_tracking":false,"_monsterinsights_sitenote_active":false,"_monsterinsights_sitenote_note":"","_monsterinsights_sitenote_category":0},"categories":[1,11],"tags":[],"aioseo_notices":[],"gutentor_comment":0,"rttpg_featured_image_url":{"full":["https:\/\/arantv.az\/wp-content\/uploads\/2020\/04\/ilham_eliyev_mehriban_eliyeva_028.jpg",800,600,false],"landscape":["https:\/\/arantv.az\/wp-content\/uploads\/2020\/04\/ilham_eliyev_mehriban_eliyeva_028.jpg",800,600,false],"portraits":["https:\/\/arantv.az\/wp-content\/uploads\/2020\/04\/ilham_eliyev_mehriban_eliyeva_028.jpg",800,600,false],"thumbnail":["https:\/\/arantv.az\/wp-content\/uploads\/2020\/04\/ilham_eliyev_mehriban_eliyeva_028-150x150.jpg",150,150,true],"medium":["https:\/\/arantv.az\/wp-content\/uploads\/2020\/04\/ilham_eliyev_mehriban_eliyeva_028-300x225.jpg",300,225,true],"large":["https:\/\/arantv.az\/wp-content\/uploads\/2020\/04\/ilham_eliyev_mehriban_eliyeva_028.jpg",640,480,false],"1536x1536":["https:\/\/arantv.az\/wp-content\/uploads\/2020\/04\/ilham_eliyev_mehriban_eliyeva_028.jpg",800,600,false],"2048x2048":["https:\/\/arantv.az\/wp-content\/uploads\/2020\/04\/ilham_eliyev_mehriban_eliyeva_028.jpg",800,600,false],"post-thumbnail":["https:\/\/arantv.az\/wp-content\/uploads\/2020\/04\/ilham_eliyev_mehriban_eliyeva_028-240x172.jpg",240,172,true],"advps-thumb-one":["https:\/\/arantv.az\/wp-content\/uploads\/2020\/04\/ilham_eliyev_mehriban_eliyeva_028.jpg",800,600,false]},"rttpg_author":{"display_name":"V\u00fcsal Rafiqo\u011flu","author_link":"https:\/\/arantv.az\/?author=2"},"rttpg_comment":0,"rttpg_category":"<a href=\"https:\/\/arantv.az\/?cat=1\" rel=\"category\">C\u0259miyy\u0259t<\/a> <a href=\"https:\/\/arantv.az\/?cat=11\" rel=\"category\">Manset<\/a>","rttpg_excerpt":"Az\u0259rbaycan Respublikas\u0131n\u0131n Prezidenti \u0130lham \u018fliyev v\u0259 birinci xan\u0131m Mehriban \u018fliyeva aprelin 6-da Sumqay\u0131t Kimya S\u0259naye Park\u0131nda &#8220;Bak\u0131 Tekstil Fabriki&#8221; MMC t\u0259r\u0259find\u0259n yarad\u0131lan tibbi maska istehsal\u0131 m\u00fc\u0259ssis\u0259sinin a\u00e7\u0131l\u0131\u015f\u0131nda i\u015ftirak edibl\u0259r. ARANTV.AZ\u00a0AZ\u018fRTAC-a istinad\u0259n bildirir ki, m\u00fc\u0259ssis\u0259 il\u0259 tan\u0131\u015fl\u0131qdan sonra Prezident \u0130lham \u018fliyev Az\u0259rbaycan xalq\u0131na m\u00fcraci\u0259t edib.","_links":{"self":[{"href":"https:\/\/arantv.az\/index.php?rest_route=\/wp\/v2\/posts\/149385"}],"collection":[{"href":"https:\/\/arantv.az\/index.php?rest_route=\/wp\/v2\/posts"}],"about":[{"href":"https:\/\/arantv.az\/index.php?rest_route=\/wp\/v2\/types\/post"}],"author":[{"embeddable":true,"href":"https:\/\/arantv.az\/index.php?rest_route=\/wp\/v2\/users\/2"}],"replies":[{"embeddable":true,"href":"https:\/\/arantv.az\/index.php?rest_route=%2Fwp%2Fv2%2Fcomments&post=149385"}],"version-history":[{"count":0,"href":"https:\/\/arantv.az\/index.php?rest_route=\/wp\/v2\/posts\/149385\/revisions"}],"wp:featuredmedia":[{"embeddable":true,"href":"https:\/\/arantv.az\/index.php?rest_route=\/wp\/v2\/media\/149386"}],"wp:attachment":[{"href":"https:\/\/arantv.az\/index.php?rest_route=%2Fwp%2Fv2%2Fmedia&parent=149385"}],"wp:term":[{"taxonomy":"category","embeddable":true,"href":"https:\/\/arantv.az\/index.php?rest_route=%2Fwp%2Fv2%2Fcategories&post=149385"},{"taxonomy":"post_tag","embeddable":true,"href":"https:\/\/arantv.az\/index.php?rest_route=%2Fwp%2Fv2%2Ftags&post=149385"}],"curies":[{"name":"wp","href":"https:\/\/api.w.org\/{rel}","templated":true}]}}