{"id":149396,"date":"2020-04-06T14:20:03","date_gmt":"2020-04-06T11:20:03","guid":{"rendered":"http:\/\/arantv.az\/?p=149396"},"modified":"2020-04-06T14:20:03","modified_gmt":"2020-04-06T11:20:03","slug":"dovl%c9%99t-xidm%c9%99ti-cagiriscilarin-t%c9%99yin-olundugu-xidm%c9%99t-yerl%c9%99ri-bar%c9%99d%c9%99-m%c9%99lumat-veril%c9%99c%c9%99k","status":"publish","type":"post","link":"https:\/\/arantv.az\/?p=149396","title":{"rendered":"D\u00f6vl\u0259t Xidm\u0259ti: \u201c\u00c7a\u011f\u0131r\u0131\u015f\u00e7\u0131lar\u0131n t\u0259yin olundu\u011fu xidm\u0259t yerl\u0259ri bar\u0259d\u0259 m\u0259lumat veril\u0259c\u0259k\u201d"},"content":{"rendered":"<p>S\u0259f\u0259rb\u0259rlik v\u0259 H\u0259rbi Xidm\u0259t\u0259 \u00c7a\u011f\u0131r\u0131\u015f \u00fczr\u0259 D\u00f6vl\u0259t Xidm\u0259ti \u00e7a\u011f\u0131r\u0131\u015f\u00e7\u0131lara m\u00fcraci\u0259t edib.<\/p>\n<p>M\u00fcraci\u0259td\u0259 qurum \u00e7a\u011f\u0131r\u0131\u015f\u00e7\u0131lar\u0131\u00a0koronavirus infeksiyas\u0131na qar\u015f\u0131 m\u00fcbariz\u0259d\u0259 m\u0259suliyy\u0259tli olma\u011fa s\u0259sl\u0259yir.<\/p>\n<p>M\u00fcraci\u0259td\u0259 deyilir:<\/p>\n<div id=\"AdviadNativeVideo0\" class=\"AdviadNativeVideo\"><\/div>\n<p>\u201c\u018fziz \u00e7a\u011f\u0131r\u0131\u015f\u00e7\u0131lar!<\/p>\n<p>Koronavirus infeksiyas\u0131n\u0131n (COVID-19) Az\u0259rbaycan\u00a0\u0259razisind\u0259 yarada bil\u0259c\u0259yi t\u0259hl\u00fck\u0259nin qar\u015f\u0131s\u0131n\u0131n al\u0131nmas\u0131 \u00fc\u00e7\u00fcn x\u00fcsusi karantin rejimi t\u0259tbiq edilib v\u0259 \u00f6lk\u0259 r\u0259hb\u0259rliyi t\u0259r\u0259find\u0259n bu istiqam\u0259td\u0259 h\u0259yata ke\u00e7iril\u0259n t\u0259xir\u0259sal\u0131nmaz t\u0259dbirl\u0259r \u00e7\u0259r\u00e7iv\u0259sind\u0259 sizin sa\u011flaml\u0131\u011f\u0131n\u0131zla ba\u011fl\u0131 m\u00fcmk\u00fcn riskl\u0259rin aradan qald\u0131r\u0131lmas\u0131 m\u0259qs\u0259dil\u0259 2020-ci ilin aprel \u00e7a\u011f\u0131r\u0131\u015f\u0131n\u0131n m\u00fcdd\u0259ti may ay\u0131n\u0131n 31-d\u0259k uzad\u0131l\u0131b.<\/p>\n<p>H\u00f6rm\u0259tli \u00e7a\u011f\u0131r\u0131\u015f\u00e7\u0131lar, x\u00fcsusi karantin rejimi d\u00f6vr\u00fcnd\u0259 Nazirl\u0259r Kabineti yan\u0131nda operativ q\u0259rargah t\u0259r\u0259find\u0259n verilmi\u015f q\u0259rar v\u0259 t\u00f6vsiy\u0259l\u0259r\u0259 ciddi riay\u0259t ed\u0259r\u0259k, siz \u0259sl v\u0259t\u0259np\u0259rv\u0259rlik n\u00fcmun\u0259si g\u00f6st\u0259r\u0259 bil\u0259rsiniz. M\u00f6vcud v\u0259ziyy\u0259td\u0259 h\u0259r biriniz g\u0259l\u0259c\u0259yin \u0259sg\u0259ri kimi h\u0259rbi xidm\u0259tin t\u0259m\u0259l prinsipl\u0259rind\u0259n olan nizam-intizaml\u0131 olmaqla m\u00fcst\u0259qil Az\u0259rbaycan\u0131m\u0131z\u0131n xo\u015fb\u0259xt g\u0259l\u0259c\u0259yin\u0259, milli h\u0259mr\u0259yliy\u0259 v\u0259 yax\u0131nlar\u0131n\u0131z\u0131n sa\u011flaml\u0131\u011f\u0131n\u0131n qorunmas\u0131na b\u00f6y\u00fck t\u00f6hf\u0259 vermi\u015f olars\u0131n\u0131z.<\/p>\n<p>S\u0259f\u0259rb\u0259rlik v\u0259 H\u0259rbi Xidm\u0259t\u0259 \u00c7a\u011f\u0131r\u0131\u015f \u00fczr\u0259 D\u00f6vl\u0259t Xidm\u0259ti b\u00fct\u00fcn \u00e7a\u011f\u0131r\u0131\u015f\u00e7\u0131lar\u0131 bir daha x\u00fcsusi karantin rejiminin t\u0259l\u0259bl\u0259rin\u0259 \u0259m\u0259l etm\u0259y\u0259, \u00f6z\u00fcn\u00fct\u0259crid v\u0259 sanitar-gigiyena qaydalar\u0131na riay\u0259t etm\u0259y\u0259 \u00e7a\u011f\u0131r\u0131r.<\/p>\n<p>H\u00f6rm\u0259tli \u00e7a\u011f\u0131r\u0131\u015f\u00e7\u0131, \u201c\u00d6z\u00fcn\u00fc qoru ki, V\u0259t\u0259ni qoruya bil\u0259s\u0259n!\u201d<\/p>\n<p>Sizin m\u00fcdd\u0259tli h\u0259qiqi h\u0259rbi xidm\u0259t ke\u00e7m\u0259k \u00fc\u00e7\u00fcn t\u0259yin olundu\u011funuz xidm\u0259t yerl\u0259ri bar\u0259d\u0259 m\u0259lumat veril\u0259c\u0259k. H\u0259rbi qeydiyyatda oldu\u011funuz Xidm\u0259tin yerli idar\u0259, \u015f\u00f6b\u0259 v\u0259 b\u00f6lm\u0259l\u0259ri t\u0259r\u0259find\u0259n \u00e7a\u011f\u0131r\u0131ld\u0131\u011f\u0131n\u0131z halda aidiyy\u0259ti \u00fczr\u0259 g\u0259lm\u0259niz z\u0259ruridir\u201d.<\/p>\n","protected":false},"excerpt":{"rendered":"<p>S\u0259f\u0259rb\u0259rlik v\u0259 H\u0259rbi Xidm\u0259t\u0259 \u00c7a\u011f\u0131r\u0131\u015f \u00fczr\u0259 D\u00f6vl\u0259t Xidm\u0259ti \u00e7a\u011f\u0131r\u0131\u015f\u00e7\u0131lara m\u00fcraci\u0259t edib. M\u00fcraci\u0259td\u0259 qurum \u00e7a\u011f\u0131r\u0131\u015f\u00e7\u0131lar\u0131\u00a0koronavirus infeksiyas\u0131na qar\u015f\u0131 m\u00fcbariz\u0259d\u0259 m\u0259suliyy\u0259tli olma\u011fa s\u0259sl\u0259yir. M\u00fcraci\u0259td\u0259 deyilir: \u201c\u018fziz \u00e7a\u011f\u0131r\u0131\u015f\u00e7\u0131lar! Koronavirus infeksiyas\u0131n\u0131n (COVID-19) Az\u0259rbaycan\u00a0\u0259razisind\u0259 yarada bil\u0259c\u0259yi t\u0259hl\u00fck\u0259nin qar\u015f\u0131s\u0131n\u0131n al\u0131nmas\u0131 \u00fc\u00e7\u00fcn x\u00fcsusi karantin rejimi t\u0259tbiq edilib v\u0259 \u00f6lk\u0259 r\u0259hb\u0259rliyi t\u0259r\u0259find\u0259n bu istiqam\u0259td\u0259 h\u0259yata ke\u00e7iril\u0259n t\u0259xir\u0259sal\u0131nmaz t\u0259dbirl\u0259r \u00e7\u0259r\u00e7iv\u0259sind\u0259 sizin sa\u011flaml\u0131\u011f\u0131n\u0131zla ba\u011fl\u0131 m\u00fcmk\u00fcn riskl\u0259rin aradan qald\u0131r\u0131lmas\u0131 m\u0259qs\u0259dil\u0259 2020-ci ilin aprel \u00e7a\u011f\u0131r\u0131\u015f\u0131n\u0131n m\u00fcdd\u0259ti may ay\u0131n\u0131n 31-d\u0259k uzad\u0131l\u0131b. H\u00f6rm\u0259tli \u00e7a\u011f\u0131r\u0131\u015f\u00e7\u0131lar, x\u00fcsusi karantin rejimi d\u00f6vr\u00fcnd\u0259 Nazirl\u0259r Kabineti yan\u0131nda operativ q\u0259rargah t\u0259r\u0259find\u0259n verilmi\u015f q\u0259rar v\u0259 t\u00f6vsiy\u0259l\u0259r\u0259 ciddi riay\u0259t ed\u0259r\u0259k, siz \u0259sl v\u0259t\u0259np\u0259rv\u0259rlik n\u00fcmun\u0259si&hellip;<\/p>\n","protected":false},"author":2,"featured_media":149397,"comment_status":"closed","ping_status":"closed","sticky":false,"template":"","format":"standard","meta":{"om_disable_all_campaigns":false,"_monsterinsights_skip_tracking":false,"_monsterinsights_sitenote_active":false,"_monsterinsights_sitenote_note":"","_monsterinsights_sitenote_category":0},"categories":[1],"tags":[],"aioseo_notices":[],"gutentor_comment":0,"rttpg_featured_image_url":{"full":["https:\/\/arantv.az\/wp-content\/uploads\/2020\/04\/az-rbaycanda-h-rbi-xidm-t-cagiris-basladi.jpg",620,413,false],"landscape":["https:\/\/arantv.az\/wp-content\/uploads\/2020\/04\/az-rbaycanda-h-rbi-xidm-t-cagiris-basladi.jpg",620,413,false],"portraits":["https:\/\/arantv.az\/wp-content\/uploads\/2020\/04\/az-rbaycanda-h-rbi-xidm-t-cagiris-basladi.jpg",620,413,false],"thumbnail":["https:\/\/arantv.az\/wp-content\/uploads\/2020\/04\/az-rbaycanda-h-rbi-xidm-t-cagiris-basladi-150x150.jpg",150,150,true],"medium":["https:\/\/arantv.az\/wp-content\/uploads\/2020\/04\/az-rbaycanda-h-rbi-xidm-t-cagiris-basladi-300x200.jpg",300,200,true],"large":["https:\/\/arantv.az\/wp-content\/uploads\/2020\/04\/az-rbaycanda-h-rbi-xidm-t-cagiris-basladi.jpg",620,413,false],"1536x1536":["https:\/\/arantv.az\/wp-content\/uploads\/2020\/04\/az-rbaycanda-h-rbi-xidm-t-cagiris-basladi.jpg",620,413,false],"2048x2048":["https:\/\/arantv.az\/wp-content\/uploads\/2020\/04\/az-rbaycanda-h-rbi-xidm-t-cagiris-basladi.jpg",620,413,false],"post-thumbnail":["https:\/\/arantv.az\/wp-content\/uploads\/2020\/04\/az-rbaycanda-h-rbi-xidm-t-cagiris-basladi-240x172.jpg",240,172,true],"advps-thumb-one":["https:\/\/arantv.az\/wp-content\/uploads\/2020\/04\/az-rbaycanda-h-rbi-xidm-t-cagiris-basladi.jpg",620,413,false]},"rttpg_author":{"display_name":"V\u00fcsal Rafiqo\u011flu","author_link":"https:\/\/arantv.az\/?author=2"},"rttpg_comment":0,"rttpg_category":"<a href=\"https:\/\/arantv.az\/?cat=1\" rel=\"category\">C\u0259miyy\u0259t<\/a>","rttpg_excerpt":"S\u0259f\u0259rb\u0259rlik v\u0259 H\u0259rbi Xidm\u0259t\u0259 \u00c7a\u011f\u0131r\u0131\u015f \u00fczr\u0259 D\u00f6vl\u0259t Xidm\u0259ti \u00e7a\u011f\u0131r\u0131\u015f\u00e7\u0131lara m\u00fcraci\u0259t edib. M\u00fcraci\u0259td\u0259 qurum \u00e7a\u011f\u0131r\u0131\u015f\u00e7\u0131lar\u0131\u00a0koronavirus infeksiyas\u0131na qar\u015f\u0131 m\u00fcbariz\u0259d\u0259 m\u0259suliyy\u0259tli olma\u011fa s\u0259sl\u0259yir. M\u00fcraci\u0259td\u0259 deyilir: \u201c\u018fziz \u00e7a\u011f\u0131r\u0131\u015f\u00e7\u0131lar! Koronavirus infeksiyas\u0131n\u0131n (COVID-19) Az\u0259rbaycan\u00a0\u0259razisind\u0259 yarada bil\u0259c\u0259yi t\u0259hl\u00fck\u0259nin qar\u015f\u0131s\u0131n\u0131n al\u0131nmas\u0131 \u00fc\u00e7\u00fcn x\u00fcsusi karantin rejimi t\u0259tbiq edilib v\u0259 \u00f6lk\u0259 r\u0259hb\u0259rliyi t\u0259r\u0259find\u0259n bu istiqam\u0259td\u0259 h\u0259yata ke\u00e7iril\u0259n t\u0259xir\u0259sal\u0131nmaz t\u0259dbirl\u0259r \u00e7\u0259r\u00e7iv\u0259sind\u0259 sizin sa\u011flaml\u0131\u011f\u0131n\u0131zla ba\u011fl\u0131 m\u00fcmk\u00fcn riskl\u0259rin&hellip;","_links":{"self":[{"href":"https:\/\/arantv.az\/index.php?rest_route=\/wp\/v2\/posts\/149396"}],"collection":[{"href":"https:\/\/arantv.az\/index.php?rest_route=\/wp\/v2\/posts"}],"about":[{"href":"https:\/\/arantv.az\/index.php?rest_route=\/wp\/v2\/types\/post"}],"author":[{"embeddable":true,"href":"https:\/\/arantv.az\/index.php?rest_route=\/wp\/v2\/users\/2"}],"replies":[{"embeddable":true,"href":"https:\/\/arantv.az\/index.php?rest_route=%2Fwp%2Fv2%2Fcomments&post=149396"}],"version-history":[{"count":0,"href":"https:\/\/arantv.az\/index.php?rest_route=\/wp\/v2\/posts\/149396\/revisions"}],"wp:featuredmedia":[{"embeddable":true,"href":"https:\/\/arantv.az\/index.php?rest_route=\/wp\/v2\/media\/149397"}],"wp:attachment":[{"href":"https:\/\/arantv.az\/index.php?rest_route=%2Fwp%2Fv2%2Fmedia&parent=149396"}],"wp:term":[{"taxonomy":"category","embeddable":true,"href":"https:\/\/arantv.az\/index.php?rest_route=%2Fwp%2Fv2%2Fcategories&post=149396"},{"taxonomy":"post_tag","embeddable":true,"href":"https:\/\/arantv.az\/index.php?rest_route=%2Fwp%2Fv2%2Ftags&post=149396"}],"curies":[{"name":"wp","href":"https:\/\/api.w.org\/{rel}","templated":true}]}}