{"id":149424,"date":"2020-04-06T15:27:21","date_gmt":"2020-04-06T12:27:21","guid":{"rendered":"http:\/\/arantv.az\/?p=149424"},"modified":"2020-04-06T15:27:21","modified_gmt":"2020-04-06T12:27:21","slug":"%c9%99m%c9%99k-pensiyalarinin-sosial-muavin%c9%99t-t%c9%99qaud-v%c9%99-kompensasiya-od%c9%99nisl%c9%99rinin-qrafikl%c9%99ri-d%c9%99yisdirildi","status":"publish","type":"post","link":"https:\/\/arantv.az\/?p=149424","title":{"rendered":"\u018fm\u0259k pensiyalar\u0131n\u0131n, sosial m\u00fcavin\u0259t, t\u0259qa\u00fcd v\u0259 kompensasiya \u00f6d\u0259ni\u015fl\u0259rinin qrafikl\u0259ri d\u0259yi\u015fdirildi"},"content":{"rendered":"<p>COVID-19\u00a0pandemiyas\u0131 il\u0259 \u0259laq\u0259dar olaraq, bankomatlar qar\u015f\u0131s\u0131nda v\u0259t\u0259nda\u015f s\u0131xl\u0131\u011f\u0131n\u0131n olmamas\u0131 m\u0259qs\u0259dil\u0259 \u0259m\u0259k pensiyalar\u0131n\u0131n, sosial m\u00fcavin\u0259t, t\u0259qa\u00fcd v\u0259 kompensasiya \u00f6d\u0259ni\u015fl\u0259rinin, el\u0259c\u0259 d\u0259 \u00fcnvanl\u0131 d\u00f6vl\u0259t sosial yard\u0131mlar\u0131n\u0131n (\u00dcDSY) \u00f6d\u0259ni\u015f qrafikl\u0259ri x\u00fcsusi karantin rejimi m\u00fcdd\u0259tin\u0259 d\u0259yi\u015fdirilib.<\/p>\n<p>Bu bar\u0259d\u0259\u00a0\u018fm\u0259k v\u0259 \u018fhalinin Sosial M\u00fcdafi\u0259si Nazirliyinin m\u0259lumat\u0131nda bildirilir.<\/p>\n<p>Qeyd ounur ki,\u00a0pensiyalar\u0131n Sumqay\u0131t \u015f\u0259h\u0259ri v\u0259 Ab\u015feron rayonu, Bak\u0131n\u0131n S\u0259bail, Yasamal, Bin\u0259q\u0259di, N\u0259simi v\u0259 Qarada\u011f rayonlar\u0131 \u00fczr\u0259 aprel ay\u0131n\u0131n 8-d\u0259, Bak\u0131n\u0131n Nizami, N\u0259rimanov v\u0259 X\u0259tai rayonlar\u0131 \u00fczr\u0259 9-da, X\u0259z\u0259r, Pirallah\u0131, Sabun\u00e7u v\u0259 Suraxan\u0131 rayonlar\u0131 \u00fczr\u0259\u00a010-da, respublikan\u0131n dig\u0259r rayonlar\u0131, h\u0259m\u00e7inin d\u00f6vl\u0259t qulluq\u00e7ular\u0131, h\u0259rbi v\u0259 x\u00fcsusi r\u00fctb\u0259li \u015f\u0259xsl\u0259r\u0259 is\u0259 15-d\u0259 \u00f6d\u0259nilm\u0259si m\u00fc\u0259yy\u0259n edilib.<\/p>\n<div id=\"AdviadNativeVideo0\" class=\"AdviadNativeVideo\"><\/div>\n<p>X\u00fcsusi karantin rejimi m\u00fcdd\u0259tind\u0259 m\u00fcavin\u0259t, t\u0259qa\u00fcd v\u0259 kompensasiya \u00f6d\u0259ni\u015fl\u0259ri aprelin 20-si v\u0259 21-i tarixl\u0259rind\u0259, \u00dcDSY \u00f6d\u0259ni\u015fi is\u0259 28-d\u0259 t\u0259min edil\u0259c\u0259k.<\/p>\n<p>Pandemiya il\u0259 \u0259laq\u0259dar ya\u015f\u0131 65 v\u0259 daha yuxar\u0131 olan \u015f\u0259xsl\u0259rin evd\u0259n \u00e7\u0131xmas\u0131 qada\u011fan olunub. Bu s\u0259b\u0259bd\u0259n h\u0259min ya\u015f qruplar\u0131nda olan \u015f\u0259xsl\u0259r\u0259 bank kartlar\u0131na k\u00f6\u00e7\u00fcr\u00fclm\u00fc\u015f v\u0259saitl\u0259rini ail\u0259 \u00fczvl\u0259rinin v\u0259 ya 142 &#8211; \u00c7a\u011fr\u0131 M\u0259rk\u0259zin\u0259 m\u00fcraci\u0259t etm\u0259kl\u0259 sosial xidm\u0259t\u00e7il\u0259rin yard\u0131m\u0131 il\u0259, t\u0259nha ah\u0131llara is\u0259 bank kart\u0131na k\u00f6\u00e7\u00fcr\u00fclm\u00fc\u015f sosial \u00f6d\u0259ni\u015fini sosial xidm\u0259t\u00e7inin yard\u0131m\u0131 il\u0259 \u0259ld\u0259 etm\u0259si t\u00f6vsiy\u0259 olunur.<\/p>\n<p>Eyni zamanda, bildirilir ki, x\u00fcsusi karantin rejimi m\u00fcdd\u0259tind\u0259 pensiya, m\u00fcavni\u0259t, t\u0259qa\u00fcd, kompensasiya, \u00fcnvanl\u0131 yard\u0131m kimi sosial \u00f6d\u0259ni\u015fl\u0259r\u00a0ist\u0259nil\u0259n bank\u0131n bankomat\u0131ndan, el\u0259c\u0259 d\u0259 Az\u0259rpo\u00e7tun ist\u0259nil\u0259n bankomat v\u0259 ya posterminallar\u0131ndan h\u0259r hans\u0131 \u0259lav\u0259 faiz tutulmadan \u0259ld\u0259 etm\u0259k olar.<\/p>\n<p>H\u0259r hans\u0131 sual yaranaca\u011f\u0131\u00a0t\u0259qdird\u0259, 142 &#8211; \u00c7a\u011fr\u0131 M\u0259rk\u0259zin\u0259 m\u00fcraci\u0259t etm\u0259k olar.<\/p>\n","protected":false},"excerpt":{"rendered":"<p>COVID-19\u00a0pandemiyas\u0131 il\u0259 \u0259laq\u0259dar olaraq, bankomatlar qar\u015f\u0131s\u0131nda v\u0259t\u0259nda\u015f s\u0131xl\u0131\u011f\u0131n\u0131n olmamas\u0131 m\u0259qs\u0259dil\u0259 \u0259m\u0259k pensiyalar\u0131n\u0131n, sosial m\u00fcavin\u0259t, t\u0259qa\u00fcd v\u0259 kompensasiya \u00f6d\u0259ni\u015fl\u0259rinin, el\u0259c\u0259 d\u0259 \u00fcnvanl\u0131 d\u00f6vl\u0259t sosial yard\u0131mlar\u0131n\u0131n (\u00dcDSY) \u00f6d\u0259ni\u015f qrafikl\u0259ri x\u00fcsusi karantin rejimi m\u00fcdd\u0259tin\u0259 d\u0259yi\u015fdirilib. Bu bar\u0259d\u0259\u00a0\u018fm\u0259k v\u0259 \u018fhalinin Sosial M\u00fcdafi\u0259si Nazirliyinin m\u0259lumat\u0131nda bildirilir. Qeyd ounur ki,\u00a0pensiyalar\u0131n Sumqay\u0131t \u015f\u0259h\u0259ri v\u0259 Ab\u015feron rayonu, Bak\u0131n\u0131n S\u0259bail, Yasamal, Bin\u0259q\u0259di, N\u0259simi v\u0259 Qarada\u011f rayonlar\u0131 \u00fczr\u0259 aprel ay\u0131n\u0131n 8-d\u0259, Bak\u0131n\u0131n Nizami, N\u0259rimanov v\u0259 X\u0259tai rayonlar\u0131 \u00fczr\u0259 9-da, X\u0259z\u0259r, Pirallah\u0131, Sabun\u00e7u v\u0259 Suraxan\u0131 rayonlar\u0131 \u00fczr\u0259\u00a010-da, respublikan\u0131n dig\u0259r rayonlar\u0131, h\u0259m\u00e7inin d\u00f6vl\u0259t qulluq\u00e7ular\u0131, h\u0259rbi v\u0259 x\u00fcsusi r\u00fctb\u0259li \u015f\u0259xsl\u0259r\u0259 is\u0259 15-d\u0259 \u00f6d\u0259nilm\u0259si&hellip;<\/p>\n","protected":false},"author":2,"featured_media":149425,"comment_status":"closed","ping_status":"closed","sticky":false,"template":"","format":"standard","meta":{"om_disable_all_campaigns":false,"_monsterinsights_skip_tracking":false,"_monsterinsights_sitenote_active":false,"_monsterinsights_sitenote_note":"","_monsterinsights_sitenote_category":0},"categories":[24],"tags":[],"aioseo_notices":[],"gutentor_comment":0,"rttpg_featured_image_url":{"full":["https:\/\/arantv.az\/wp-content\/uploads\/2020\/04\/pul.jpg",620,413,false],"landscape":["https:\/\/arantv.az\/wp-content\/uploads\/2020\/04\/pul.jpg",620,413,false],"portraits":["https:\/\/arantv.az\/wp-content\/uploads\/2020\/04\/pul.jpg",620,413,false],"thumbnail":["https:\/\/arantv.az\/wp-content\/uploads\/2020\/04\/pul-150x150.jpg",150,150,true],"medium":["https:\/\/arantv.az\/wp-content\/uploads\/2020\/04\/pul-300x200.jpg",300,200,true],"large":["https:\/\/arantv.az\/wp-content\/uploads\/2020\/04\/pul.jpg",620,413,false],"1536x1536":["https:\/\/arantv.az\/wp-content\/uploads\/2020\/04\/pul.jpg",620,413,false],"2048x2048":["https:\/\/arantv.az\/wp-content\/uploads\/2020\/04\/pul.jpg",620,413,false],"post-thumbnail":["https:\/\/arantv.az\/wp-content\/uploads\/2020\/04\/pul-240x172.jpg",240,172,true],"advps-thumb-one":["https:\/\/arantv.az\/wp-content\/uploads\/2020\/04\/pul.jpg",620,413,false]},"rttpg_author":{"display_name":"V\u00fcsal Rafiqo\u011flu","author_link":"https:\/\/arantv.az\/?author=2"},"rttpg_comment":0,"rttpg_category":"<a href=\"https:\/\/arantv.az\/?cat=24\" rel=\"category\">Maraql\u0131<\/a>","rttpg_excerpt":"COVID-19\u00a0pandemiyas\u0131 il\u0259 \u0259laq\u0259dar olaraq, bankomatlar qar\u015f\u0131s\u0131nda v\u0259t\u0259nda\u015f s\u0131xl\u0131\u011f\u0131n\u0131n olmamas\u0131 m\u0259qs\u0259dil\u0259 \u0259m\u0259k pensiyalar\u0131n\u0131n, sosial m\u00fcavin\u0259t, t\u0259qa\u00fcd v\u0259 kompensasiya \u00f6d\u0259ni\u015fl\u0259rinin, el\u0259c\u0259 d\u0259 \u00fcnvanl\u0131 d\u00f6vl\u0259t sosial yard\u0131mlar\u0131n\u0131n (\u00dcDSY) \u00f6d\u0259ni\u015f qrafikl\u0259ri x\u00fcsusi karantin rejimi m\u00fcdd\u0259tin\u0259 d\u0259yi\u015fdirilib. Bu bar\u0259d\u0259\u00a0\u018fm\u0259k v\u0259 \u018fhalinin Sosial M\u00fcdafi\u0259si Nazirliyinin m\u0259lumat\u0131nda bildirilir. Qeyd ounur ki,\u00a0pensiyalar\u0131n Sumqay\u0131t \u015f\u0259h\u0259ri v\u0259 Ab\u015feron rayonu, Bak\u0131n\u0131n S\u0259bail, Yasamal, Bin\u0259q\u0259di, N\u0259simi v\u0259&hellip;","_links":{"self":[{"href":"https:\/\/arantv.az\/index.php?rest_route=\/wp\/v2\/posts\/149424"}],"collection":[{"href":"https:\/\/arantv.az\/index.php?rest_route=\/wp\/v2\/posts"}],"about":[{"href":"https:\/\/arantv.az\/index.php?rest_route=\/wp\/v2\/types\/post"}],"author":[{"embeddable":true,"href":"https:\/\/arantv.az\/index.php?rest_route=\/wp\/v2\/users\/2"}],"replies":[{"embeddable":true,"href":"https:\/\/arantv.az\/index.php?rest_route=%2Fwp%2Fv2%2Fcomments&post=149424"}],"version-history":[{"count":0,"href":"https:\/\/arantv.az\/index.php?rest_route=\/wp\/v2\/posts\/149424\/revisions"}],"wp:featuredmedia":[{"embeddable":true,"href":"https:\/\/arantv.az\/index.php?rest_route=\/wp\/v2\/media\/149425"}],"wp:attachment":[{"href":"https:\/\/arantv.az\/index.php?rest_route=%2Fwp%2Fv2%2Fmedia&parent=149424"}],"wp:term":[{"taxonomy":"category","embeddable":true,"href":"https:\/\/arantv.az\/index.php?rest_route=%2Fwp%2Fv2%2Fcategories&post=149424"},{"taxonomy":"post_tag","embeddable":true,"href":"https:\/\/arantv.az\/index.php?rest_route=%2Fwp%2Fv2%2Ftags&post=149424"}],"curies":[{"name":"wp","href":"https:\/\/api.w.org\/{rel}","templated":true}]}}