{"id":149446,"date":"2020-04-06T16:17:21","date_gmt":"2020-04-06T13:17:21","guid":{"rendered":"http:\/\/arantv.az\/?p=149446"},"modified":"2020-04-06T16:17:21","modified_gmt":"2020-04-06T13:17:21","slug":"ramzan-kadirov-surucunu-doy%c9%99n-polisi-mukafatlandiracaq-video","status":"publish","type":"post","link":"https:\/\/arantv.az\/?p=149446","title":{"rendered":"Ramzan Kad\u0131rov s\u00fcr\u00fcc\u00fcn\u00fc d\u00f6y\u0259n polisi m\u00fckafatland\u0131racaq &#8211; V\u0130DEO"},"content":{"rendered":"<article class=\"news\">\n<div class=\"news-inner\">\n<p>Ramzan Kad\u0131rov \u00f6z\u00fcn\u00fct\u0259crid qaydalar\u0131n\u0131 pozan s\u00fcr\u00fcc\u00fcy\u0259 qar\u015f\u0131 fiziki g\u00fcc t\u0259tbiq ed\u0259n polis \u0259m\u0259kda\u015f\u0131n\u0131 m\u00fcdafi\u0259 edib.<\/p>\n<p>\u201cQrozn\u0131\u201d telekanal\u0131 x\u0259b\u0259r verir ki, \u00c7e\u00e7enistan prezidenti bu bar\u0259d\u0259 h\u00f6kum\u0259t \u00fczvl\u0259ri il\u0259 iclasda a\u00e7\u0131qlama verib.<\/p>\n<div id=\"AdviadNativeVideo0\" class=\"AdviadNativeVideo\"><\/div>\n<p>\u201cMinl\u0259rl\u0259 insan\u0131 d\u0259fn etm\u0259kd\u0259ns\u0259, bir \u015f\u0259xsi vurmaq daha yax\u015f\u0131d\u0131r. M\u0259hz bu s\u0259b\u0259bd\u0259n s\u0259rt t\u0259dbirl\u0259r h\u0259yata ke\u00e7irilir. Kimi laz\u0131md\u0131rsa, d\u0259y\u0259n\u0259kl\u0259 d\u00f6y\u0259c\u0259m. Xalq\u0131m\u0131 qorumaq namin\u0259 qaydalara riay\u0259t etm\u0259y\u0259n \u015f\u0259xsl\u0259ri h\u0259bsxanalara, zirz\u0259mil\u0259r\u0259 salaca\u011fam\u201d, &#8211; dey\u0259 Kad\u0131rov bildirib.<\/p>\n<p>Xat\u0131rladaq ki, bir ne\u00e7\u0259 g\u00fcn \u0259vv\u0259l sosial \u015f\u0259b\u0259k\u0259l\u0259rd\u0259 \u00c7e\u00e7enistan\u0131n Arqun \u015f\u0259h\u0259rind\u0259 karantin qaydalar\u0131n\u0131 pozaraq, k\u00fc\u00e7\u0259y\u0259 \u00e7\u0131xan g\u0259ncin polis t\u0259r\u0259find\u0259n d\u00f6y\u00fclm\u0259sini \u0259ks etdir\u0259n g\u00f6r\u00fcnt\u00fcl\u0259r yay\u0131lm\u0131\u015fd\u0131. Polis\u00a0\u0259m\u0259kda\u015f\u0131n\u0131n davran\u0131\u015f\u0131 sosial \u015f\u0259b\u0259k\u0259 istifad\u0259\u00e7il\u0259ri t\u0259r\u0259find\u0259n hidd\u0259tl\u0259 qar\u015f\u0131lan\u0131b.<\/p>\n<div><iframe loading=\"lazy\" src=\"https:\/\/player.baku.tv\/embed\/16721\" width=\"560\" height=\"315\" frameborder=\"0\" allowfullscreen=\"allowfullscreen\" data-mce-fragment=\"1\"><\/iframe><\/div>\n<\/div>\n<\/article>\n<h2 class=\"news-share-title\"><\/h2>\n","protected":false},"excerpt":{"rendered":"<p>Ramzan Kad\u0131rov \u00f6z\u00fcn\u00fct\u0259crid qaydalar\u0131n\u0131 pozan s\u00fcr\u00fcc\u00fcy\u0259 qar\u015f\u0131 fiziki g\u00fcc t\u0259tbiq ed\u0259n polis \u0259m\u0259kda\u015f\u0131n\u0131 m\u00fcdafi\u0259 edib. \u201cQrozn\u0131\u201d telekanal\u0131 x\u0259b\u0259r verir ki, \u00c7e\u00e7enistan prezidenti bu bar\u0259d\u0259 h\u00f6kum\u0259t \u00fczvl\u0259ri il\u0259 iclasda a\u00e7\u0131qlama verib. \u201cMinl\u0259rl\u0259 insan\u0131 d\u0259fn etm\u0259kd\u0259ns\u0259, bir \u015f\u0259xsi vurmaq daha yax\u015f\u0131d\u0131r. M\u0259hz bu s\u0259b\u0259bd\u0259n s\u0259rt t\u0259dbirl\u0259r h\u0259yata ke\u00e7irilir. Kimi laz\u0131md\u0131rsa, d\u0259y\u0259n\u0259kl\u0259 d\u00f6y\u0259c\u0259m. Xalq\u0131m\u0131 qorumaq namin\u0259 qaydalara riay\u0259t etm\u0259y\u0259n \u015f\u0259xsl\u0259ri h\u0259bsxanalara, zirz\u0259mil\u0259r\u0259 salaca\u011fam\u201d, &#8211; dey\u0259 Kad\u0131rov bildirib. Xat\u0131rladaq ki, bir ne\u00e7\u0259 g\u00fcn \u0259vv\u0259l sosial \u015f\u0259b\u0259k\u0259l\u0259rd\u0259 \u00c7e\u00e7enistan\u0131n Arqun \u015f\u0259h\u0259rind\u0259 karantin qaydalar\u0131n\u0131 pozaraq, k\u00fc\u00e7\u0259y\u0259 \u00e7\u0131xan g\u0259ncin polis t\u0259r\u0259find\u0259n d\u00f6y\u00fclm\u0259sini \u0259ks etdir\u0259n g\u00f6r\u00fcnt\u00fcl\u0259r yay\u0131lm\u0131\u015fd\u0131. Polis\u00a0\u0259m\u0259kda\u015f\u0131n\u0131n davran\u0131\u015f\u0131&hellip;<\/p>\n","protected":false},"author":2,"featured_media":149447,"comment_status":"closed","ping_status":"closed","sticky":false,"template":"","format":"standard","meta":{"om_disable_all_campaigns":false,"_monsterinsights_skip_tracking":false,"_monsterinsights_sitenote_active":false,"_monsterinsights_sitenote_note":"","_monsterinsights_sitenote_category":0},"categories":[7],"tags":[],"aioseo_notices":[],"gutentor_comment":0,"rttpg_featured_image_url":{"full":["https:\/\/arantv.az\/wp-content\/uploads\/2020\/04\/9658f195984e6234429b14ca23fe5.jpg",620,348,false],"landscape":["https:\/\/arantv.az\/wp-content\/uploads\/2020\/04\/9658f195984e6234429b14ca23fe5.jpg",620,348,false],"portraits":["https:\/\/arantv.az\/wp-content\/uploads\/2020\/04\/9658f195984e6234429b14ca23fe5.jpg",620,348,false],"thumbnail":["https:\/\/arantv.az\/wp-content\/uploads\/2020\/04\/9658f195984e6234429b14ca23fe5-150x150.jpg",150,150,true],"medium":["https:\/\/arantv.az\/wp-content\/uploads\/2020\/04\/9658f195984e6234429b14ca23fe5-300x168.jpg",300,168,true],"large":["https:\/\/arantv.az\/wp-content\/uploads\/2020\/04\/9658f195984e6234429b14ca23fe5.jpg",620,348,false],"1536x1536":["https:\/\/arantv.az\/wp-content\/uploads\/2020\/04\/9658f195984e6234429b14ca23fe5.jpg",620,348,false],"2048x2048":["https:\/\/arantv.az\/wp-content\/uploads\/2020\/04\/9658f195984e6234429b14ca23fe5.jpg",620,348,false],"post-thumbnail":["https:\/\/arantv.az\/wp-content\/uploads\/2020\/04\/9658f195984e6234429b14ca23fe5-240x172.jpg",240,172,true],"advps-thumb-one":["https:\/\/arantv.az\/wp-content\/uploads\/2020\/04\/9658f195984e6234429b14ca23fe5.jpg",620,348,false]},"rttpg_author":{"display_name":"V\u00fcsal Rafiqo\u011flu","author_link":"https:\/\/arantv.az\/?author=2"},"rttpg_comment":0,"rttpg_category":"<a href=\"https:\/\/arantv.az\/?cat=7\" rel=\"category\">D\u00fcnya<\/a>","rttpg_excerpt":"Ramzan Kad\u0131rov \u00f6z\u00fcn\u00fct\u0259crid qaydalar\u0131n\u0131 pozan s\u00fcr\u00fcc\u00fcy\u0259 qar\u015f\u0131 fiziki g\u00fcc t\u0259tbiq ed\u0259n polis \u0259m\u0259kda\u015f\u0131n\u0131 m\u00fcdafi\u0259 edib. \u201cQrozn\u0131\u201d telekanal\u0131 x\u0259b\u0259r verir ki, \u00c7e\u00e7enistan prezidenti bu bar\u0259d\u0259 h\u00f6kum\u0259t \u00fczvl\u0259ri il\u0259 iclasda a\u00e7\u0131qlama verib. \u201cMinl\u0259rl\u0259 insan\u0131 d\u0259fn etm\u0259kd\u0259ns\u0259, bir \u015f\u0259xsi vurmaq daha yax\u015f\u0131d\u0131r. M\u0259hz bu s\u0259b\u0259bd\u0259n s\u0259rt t\u0259dbirl\u0259r h\u0259yata ke\u00e7irilir. Kimi laz\u0131md\u0131rsa, d\u0259y\u0259n\u0259kl\u0259 d\u00f6y\u0259c\u0259m. Xalq\u0131m\u0131 qorumaq namin\u0259 qaydalara riay\u0259t&hellip;","_links":{"self":[{"href":"https:\/\/arantv.az\/index.php?rest_route=\/wp\/v2\/posts\/149446"}],"collection":[{"href":"https:\/\/arantv.az\/index.php?rest_route=\/wp\/v2\/posts"}],"about":[{"href":"https:\/\/arantv.az\/index.php?rest_route=\/wp\/v2\/types\/post"}],"author":[{"embeddable":true,"href":"https:\/\/arantv.az\/index.php?rest_route=\/wp\/v2\/users\/2"}],"replies":[{"embeddable":true,"href":"https:\/\/arantv.az\/index.php?rest_route=%2Fwp%2Fv2%2Fcomments&post=149446"}],"version-history":[{"count":0,"href":"https:\/\/arantv.az\/index.php?rest_route=\/wp\/v2\/posts\/149446\/revisions"}],"wp:featuredmedia":[{"embeddable":true,"href":"https:\/\/arantv.az\/index.php?rest_route=\/wp\/v2\/media\/149447"}],"wp:attachment":[{"href":"https:\/\/arantv.az\/index.php?rest_route=%2Fwp%2Fv2%2Fmedia&parent=149446"}],"wp:term":[{"taxonomy":"category","embeddable":true,"href":"https:\/\/arantv.az\/index.php?rest_route=%2Fwp%2Fv2%2Fcategories&post=149446"},{"taxonomy":"post_tag","embeddable":true,"href":"https:\/\/arantv.az\/index.php?rest_route=%2Fwp%2Fv2%2Ftags&post=149446"}],"curies":[{"name":"wp","href":"https:\/\/api.w.org\/{rel}","templated":true}]}}