{"id":149469,"date":"2020-04-07T17:04:44","date_gmt":"2020-04-07T14:04:44","guid":{"rendered":"http:\/\/arantv.az\/?p=149469"},"modified":"2020-04-07T17:04:44","modified_gmt":"2020-04-07T14:04:44","slug":"lukasenko-hokum%c9%99ti-istefaya-gond%c9%99rm%c9%99kl%c9%99-h%c9%99d%c9%99l%c9%99di-%c9%99g%c9%99r-aptekl%c9%99rd%c9%99-l%c9%99vazimat-catmasa","status":"publish","type":"post","link":"https:\/\/arantv.az\/?p=149469","title":{"rendered":"Luka\u015fenko h\u00f6kum\u0259ti istefaya g\u00f6nd\u0259rm\u0259kl\u0259 h\u0259d\u0259l\u0259di: \u201c\u018fg\u0259r aptekl\u0259rd\u0259 l\u0259vazimat \u00e7atmasa&#8230;\u201d"},"content":{"rendered":"<p>Belarus Prezidenti Aleksandr Luka\u015fenko COVID-19-un yay\u0131ld\u0131\u011f\u0131 \u015f\u0259raitd\u0259 tibb i\u015f\u00e7il\u0259ri \u00fc\u00e7\u00fcn f\u0259rdi qoruyucu vasit\u0259l\u0259rin \u00e7at\u0131\u015fmazl\u0131\u011f\u0131 yaranaca\u011f\u0131 halda h\u00f6kum\u0259ti istefaya g\u00f6nd\u0259rm\u0259kl\u0259 h\u0259d\u0259l\u0259yib.<\/p>\n<div id=\"AdviadNativeVideo0\" class=\"AdviadNativeVideo\">\n<div class=\"adviad-inboard sm-screen\">\n<div>\n<div class=\"adviad-ui-components-credits\">\n<div id=\"NMCallButton-box\">\n<div><\/div>\n<\/div>\n<\/div>\n<\/div>\n<\/div>\n<\/div>\n<p>Bu bar\u0259d\u0259 \u201cBelta\u201d n\u0259\u015fri yaz\u0131b.<\/p>\n<p>\u201cM\u0259n ba\u015f nazir\u0259 v\u0259 h\u00f6kum\u0259t\u0259 x\u0259b\u0259rdarl\u0131q etmi\u015f\u0259m &#8211;\u00a0\u0259g\u0259r h\u0259ft\u0259nin sonunda m\u0259sul \u015f\u0259xsl\u0259r m\u0259n\u0259 m\u0259ruz\u0259 ets\u0259l\u0259r ki, aptekl\u0259rd\u0259, ma\u011fazalarda v\u0259 ya x\u0259st\u0259xanalarda\u00a0h\u0259kiml\u0259rin m\u00fcdafi\u0259si \u00fc\u00e7\u00fcn l\u0259vazimat \u00e7atm\u0131r, h\u00f6kum\u0259t olmayacaq, ba\u015fqalar\u0131 i\u015fl\u0259y\u0259c\u0259k\u201d, &#8211; dey\u0259 Luka\u015fenko bildirib.<\/p>\n","protected":false},"excerpt":{"rendered":"<p>Belarus Prezidenti Aleksandr Luka\u015fenko COVID-19-un yay\u0131ld\u0131\u011f\u0131 \u015f\u0259raitd\u0259 tibb i\u015f\u00e7il\u0259ri \u00fc\u00e7\u00fcn f\u0259rdi qoruyucu vasit\u0259l\u0259rin \u00e7at\u0131\u015fmazl\u0131\u011f\u0131 yaranaca\u011f\u0131 halda h\u00f6kum\u0259ti istefaya g\u00f6nd\u0259rm\u0259kl\u0259 h\u0259d\u0259l\u0259yib. Bu bar\u0259d\u0259 \u201cBelta\u201d n\u0259\u015fri yaz\u0131b. \u201cM\u0259n ba\u015f nazir\u0259 v\u0259 h\u00f6kum\u0259t\u0259 x\u0259b\u0259rdarl\u0131q etmi\u015f\u0259m &#8211;\u00a0\u0259g\u0259r h\u0259ft\u0259nin sonunda m\u0259sul \u015f\u0259xsl\u0259r m\u0259n\u0259 m\u0259ruz\u0259 ets\u0259l\u0259r ki, aptekl\u0259rd\u0259, ma\u011fazalarda v\u0259 ya x\u0259st\u0259xanalarda\u00a0h\u0259kiml\u0259rin m\u00fcdafi\u0259si \u00fc\u00e7\u00fcn l\u0259vazimat \u00e7atm\u0131r, h\u00f6kum\u0259t olmayacaq, ba\u015fqalar\u0131 i\u015fl\u0259y\u0259c\u0259k\u201d, &#8211; dey\u0259 Luka\u015fenko bildirib.<\/p>\n","protected":false},"author":2,"featured_media":149470,"comment_status":"closed","ping_status":"closed","sticky":false,"template":"","format":"standard","meta":{"om_disable_all_campaigns":false,"_monsterinsights_skip_tracking":false,"_monsterinsights_sitenote_active":false,"_monsterinsights_sitenote_note":"","_monsterinsights_sitenote_category":0},"categories":[7],"tags":[],"aioseo_notices":[],"gutentor_comment":0,"rttpg_featured_image_url":{"full":["https:\/\/arantv.az\/wp-content\/uploads\/2020\/04\/vn.jpg",620,450,false],"landscape":["https:\/\/arantv.az\/wp-content\/uploads\/2020\/04\/vn.jpg",620,450,false],"portraits":["https:\/\/arantv.az\/wp-content\/uploads\/2020\/04\/vn.jpg",620,450,false],"thumbnail":["https:\/\/arantv.az\/wp-content\/uploads\/2020\/04\/vn-150x150.jpg",150,150,true],"medium":["https:\/\/arantv.az\/wp-content\/uploads\/2020\/04\/vn-300x218.jpg",300,218,true],"large":["https:\/\/arantv.az\/wp-content\/uploads\/2020\/04\/vn.jpg",620,450,false],"1536x1536":["https:\/\/arantv.az\/wp-content\/uploads\/2020\/04\/vn.jpg",620,450,false],"2048x2048":["https:\/\/arantv.az\/wp-content\/uploads\/2020\/04\/vn.jpg",620,450,false],"post-thumbnail":["https:\/\/arantv.az\/wp-content\/uploads\/2020\/04\/vn-240x172.jpg",240,172,true],"advps-thumb-one":["https:\/\/arantv.az\/wp-content\/uploads\/2020\/04\/vn.jpg",620,450,false]},"rttpg_author":{"display_name":"V\u00fcsal Rafiqo\u011flu","author_link":"https:\/\/arantv.az\/?author=2"},"rttpg_comment":0,"rttpg_category":"<a href=\"https:\/\/arantv.az\/?cat=7\" rel=\"category\">D\u00fcnya<\/a>","rttpg_excerpt":"Belarus Prezidenti Aleksandr Luka\u015fenko COVID-19-un yay\u0131ld\u0131\u011f\u0131 \u015f\u0259raitd\u0259 tibb i\u015f\u00e7il\u0259ri \u00fc\u00e7\u00fcn f\u0259rdi qoruyucu vasit\u0259l\u0259rin \u00e7at\u0131\u015fmazl\u0131\u011f\u0131 yaranaca\u011f\u0131 halda h\u00f6kum\u0259ti istefaya g\u00f6nd\u0259rm\u0259kl\u0259 h\u0259d\u0259l\u0259yib. Bu bar\u0259d\u0259 \u201cBelta\u201d n\u0259\u015fri yaz\u0131b. \u201cM\u0259n ba\u015f nazir\u0259 v\u0259 h\u00f6kum\u0259t\u0259 x\u0259b\u0259rdarl\u0131q etmi\u015f\u0259m &#8211;\u00a0\u0259g\u0259r h\u0259ft\u0259nin sonunda m\u0259sul \u015f\u0259xsl\u0259r m\u0259n\u0259 m\u0259ruz\u0259 ets\u0259l\u0259r ki, aptekl\u0259rd\u0259, ma\u011fazalarda v\u0259 ya x\u0259st\u0259xanalarda\u00a0h\u0259kiml\u0259rin m\u00fcdafi\u0259si \u00fc\u00e7\u00fcn l\u0259vazimat \u00e7atm\u0131r, h\u00f6kum\u0259t olmayacaq, ba\u015fqalar\u0131 i\u015fl\u0259y\u0259c\u0259k\u201d, &#8211;&hellip;","_links":{"self":[{"href":"https:\/\/arantv.az\/index.php?rest_route=\/wp\/v2\/posts\/149469"}],"collection":[{"href":"https:\/\/arantv.az\/index.php?rest_route=\/wp\/v2\/posts"}],"about":[{"href":"https:\/\/arantv.az\/index.php?rest_route=\/wp\/v2\/types\/post"}],"author":[{"embeddable":true,"href":"https:\/\/arantv.az\/index.php?rest_route=\/wp\/v2\/users\/2"}],"replies":[{"embeddable":true,"href":"https:\/\/arantv.az\/index.php?rest_route=%2Fwp%2Fv2%2Fcomments&post=149469"}],"version-history":[{"count":0,"href":"https:\/\/arantv.az\/index.php?rest_route=\/wp\/v2\/posts\/149469\/revisions"}],"wp:featuredmedia":[{"embeddable":true,"href":"https:\/\/arantv.az\/index.php?rest_route=\/wp\/v2\/media\/149470"}],"wp:attachment":[{"href":"https:\/\/arantv.az\/index.php?rest_route=%2Fwp%2Fv2%2Fmedia&parent=149469"}],"wp:term":[{"taxonomy":"category","embeddable":true,"href":"https:\/\/arantv.az\/index.php?rest_route=%2Fwp%2Fv2%2Fcategories&post=149469"},{"taxonomy":"post_tag","embeddable":true,"href":"https:\/\/arantv.az\/index.php?rest_route=%2Fwp%2Fv2%2Ftags&post=149469"}],"curies":[{"name":"wp","href":"https:\/\/api.w.org\/{rel}","templated":true}]}}