{"id":149485,"date":"2020-04-07T17:19:54","date_gmt":"2020-04-07T14:19:54","guid":{"rendered":"http:\/\/arantv.az\/?p=149485"},"modified":"2020-04-07T17:19:54","modified_gmt":"2020-04-07T14:19:54","slug":"dovl%c9%99t-komit%c9%99sind%c9%99-videoq%c9%99bullar-davam-etdirilir","status":"publish","type":"post","link":"https:\/\/arantv.az\/?p=149485","title":{"rendered":"D\u00f6vl\u0259t Komit\u0259sind\u0259 videoq\u0259bullar davam etdirilir"},"content":{"rendered":"<p>Qa\u00e7q\u0131nlar\u0131n v\u0259 M\u0259cburi K\u00f6\u00e7k\u00fcnl\u0259rin \u0130\u015fl\u0259ri \u00fczr\u0259 D\u00f6vl\u0259t Komit\u0259si \u00f6z funksional f\u0259aliyy\u0259tini \u00f6lk\u0259mizin \u0259razisind\u0259 koronavirus (COVID-19) infeksiyas\u0131n\u0131n geni\u015f yay\u0131lmas\u0131n\u0131n qar\u015f\u0131n\u0131 almaq m\u0259qs\u0259dil\u0259 h\u0259yata ke\u00e7iril\u0259n d\u00f6vl\u0259t t\u0259dbirl\u0259ri \u00e7\u0259r\u00e7iv\u0259sind\u0259, Nazirl\u0259r Kabineti yan\u0131nda Operativ Q\u0259rargah\u0131n m\u00fc\u0259yy\u0259nl\u0259\u015fdirdiyi t\u0259l\u0259b v\u0259 qaydalara uy\u011fun olaraq yerin\u0259 yetirir.<\/p>\n<p>Komit\u0259 s\u0259dri R\u00f6v\u015f\u0259n Rzayev aprelin 7-d\u0259 n\u00f6vb\u0259ti videoq\u0259bul ke\u00e7ir\u0259r\u0259k, \u0259vv\u0259lc\u0259d\u0259n n\u00f6vb\u0259lilik \u0259sas\u0131nda q\u0259bula yaz\u0131lm\u0131\u015f v\u0259t\u0259nda\u015flar\u0131n m\u00fcraci\u0259tl\u0259rini dinl\u0259yib, suallar\u0131n\u0131 cavabland\u0131r\u0131b.<\/p>\n<p>Prezident \u0130lham \u018fliyevin apard\u0131\u011f\u0131 m\u00fck\u0259mm\u0259l siyasi x\u0259ttin \u00f6lk\u0259mizin h\u0259rt\u0259r\u0259fli v\u0259 davaml\u0131 inki\u015faf\u0131n\u0131, b\u00fct\u00fcn sosial layih\u0259l\u0259rin ard\u0131c\u0131l icras\u0131n\u0131 t\u0259min etdiyi, qlobal pandemiya il\u0259 ba\u011fl\u0131 f\u00f6vq\u0259lad\u0259 \u015f\u0259raitd\u0259 \u0259halinin t\u0259hl\u00fck\u0259sizliyinin qorunmas\u0131, koronavirus x\u0259st\u0259liyinin yay\u0131lmas\u0131n\u0131n qar\u015f\u0131s\u0131n\u0131n al\u0131nmas\u0131 \u00fc\u00e7\u00fcn z\u0259ruri t\u0259dbirl\u0259r g\u00f6r\u00fcld\u00fcy\u00fc diqq\u0259t\u0259 \u00e7atd\u0131r\u0131l\u0131b. Bel\u0259 \u015f\u0259raitd\u0259 yaln\u0131z d\u00f6vl\u0259t t\u0259r\u0259find\u0259n h\u0259yata ke\u00e7iril\u0259n t\u0259dbirl\u0259rin deyil, b\u00fct\u00fcn c\u0259miyy\u0259tin, o c\u00fcml\u0259d\u0259n qa\u00e7q\u0131nlar\u0131n v\u0259 m\u0259cburi k\u00f6\u00e7k\u00fcnl\u0259rin sosial m\u0259suliyy\u0259td\u0259n ir\u0259li g\u0259l\u0259n add\u0131mlar\u0131n\u0131n, g\u00f6r\u00fcl\u0259n i\u015fl\u0259r\u0259 d\u0259st\u0259yinin vacibliyi qeyd edilib.<\/p>\n<div id=\"AdviadNativeVideo0\" class=\"AdviadNativeVideo\"><\/div>\n<p>M\u0259cburi k\u00f6\u00e7k\u00fcnl\u0259r\u0259 bildirilib ki, Prezident \u0130lham \u018fliyev m\u0259cburi k\u00f6\u00e7k\u00fcnl\u0259rl\u0259rin probleml\u0259rinin h\u0259llini sosial siyas\u0259tin prioritet istiqam\u0259tl\u0259rind\u0259n biri kimi m\u00fc\u0259yy\u0259n edib. Onlar\u0131n m\u0259nzil-m\u0259i\u015f\u0259t \u015f\u0259raitinin yax\u015f\u0131la\u015fd\u0131r\u0131lmas\u0131 \u00fc\u00e7\u00fcn t\u0259dbirl\u0259r g\u00f6r\u00fcl\u00fcr, Bak\u0131da v\u0259 regionlarda yeni ya\u015fay\u0131\u015f kompleksl\u0259ri in\u015fa edilir.<\/p>\n<p>M\u0259cburi k\u00f6\u00e7k\u00fcnl\u0259rin m\u0259nzil, t\u0259hsil, sa\u011flaml\u0131q probleml\u0259rinin h\u0259llin\u0259 Birinci vitse-prezident xan\u0131m Mehriban \u018fliyeva da x\u00fcsusi diqq\u0259t v\u0259 qay\u011f\u0131 g\u00f6st\u0259rir, bu sah\u0259d\u0259 m\u00fch\u00fcm i\u015fl\u0259r g\u00f6r\u00fcr.<\/p>\n<p>Komit\u0259 s\u0259drinin videoq\u0259bulu d\u00f6rd saatdan \u00e7ox davam edib. \u018fks\u0259riyy\u0259ti m\u0259cburi k\u00f6\u00e7k\u00fcn olan 40-dan \u00e7ox v\u0259t\u0259nda\u015f\u0131n m\u00fcraci\u0259ti dinl\u0259nilib v\u0259 m\u00fcvafiq qaydada qeyd\u0259 al\u0131n\u0131b.<\/p>\n<p>Xat\u0131rladaq ki, komit\u0259d\u0259 v\u0259t\u0259nda\u015flar\u0131n q\u0259bulu c\u0259dv\u0259lin\u0259 uy\u011fun olaraq, dig\u0259r v\u0259zif\u0259li \u015f\u0259xsl\u0259rin d\u0259 videoq\u0259bullar\u0131 davam etdiril\u0259c\u0259kdir. 012 525-41-03 v\u0259 ya 055 900-12-40 n\u00f6mr\u0259li telefonlara z\u0259ng etm\u0259kl\u0259 komit\u0259nin v\u0259zif\u0259li \u015f\u0259xsl\u0259rinin onlayn rejimd\u0259 q\u0259buluna yaz\u0131lmaq olar. Bu zaman v\u0259t\u0259nda\u015f \u00f6z\u00fc haqq\u0131nda m\u0259lumat, \u0259laq\u0259 \u00fc\u00e7\u00fcn telefon n\u00f6mr\u0259si verm\u0259li v\u0259 hans\u0131 v\u0259zif\u0259li \u015f\u0259xsin q\u0259bulunda olmaq ist\u0259diyini bildirm\u0259lidir. Videoq\u0259bul n\u00f6vb\u0259lilik \u0259sas\u0131nda, v\u0259t\u0259nda\u015flara Komit\u0259d\u0259n z\u0259ng edilm\u0259kl\u0259 apar\u0131l\u0131r.<\/p>\n","protected":false},"excerpt":{"rendered":"<p>Qa\u00e7q\u0131nlar\u0131n v\u0259 M\u0259cburi K\u00f6\u00e7k\u00fcnl\u0259rin \u0130\u015fl\u0259ri \u00fczr\u0259 D\u00f6vl\u0259t Komit\u0259si \u00f6z funksional f\u0259aliyy\u0259tini \u00f6lk\u0259mizin \u0259razisind\u0259 koronavirus (COVID-19) infeksiyas\u0131n\u0131n geni\u015f yay\u0131lmas\u0131n\u0131n qar\u015f\u0131n\u0131 almaq m\u0259qs\u0259dil\u0259 h\u0259yata ke\u00e7iril\u0259n d\u00f6vl\u0259t t\u0259dbirl\u0259ri \u00e7\u0259r\u00e7iv\u0259sind\u0259, Nazirl\u0259r Kabineti yan\u0131nda Operativ Q\u0259rargah\u0131n m\u00fc\u0259yy\u0259nl\u0259\u015fdirdiyi t\u0259l\u0259b v\u0259 qaydalara uy\u011fun olaraq yerin\u0259 yetirir. Komit\u0259 s\u0259dri R\u00f6v\u015f\u0259n Rzayev aprelin 7-d\u0259 n\u00f6vb\u0259ti videoq\u0259bul ke\u00e7ir\u0259r\u0259k, \u0259vv\u0259lc\u0259d\u0259n n\u00f6vb\u0259lilik \u0259sas\u0131nda q\u0259bula yaz\u0131lm\u0131\u015f v\u0259t\u0259nda\u015flar\u0131n m\u00fcraci\u0259tl\u0259rini dinl\u0259yib, suallar\u0131n\u0131 cavabland\u0131r\u0131b. Prezident \u0130lham \u018fliyevin apard\u0131\u011f\u0131 m\u00fck\u0259mm\u0259l siyasi x\u0259ttin \u00f6lk\u0259mizin h\u0259rt\u0259r\u0259fli v\u0259 davaml\u0131 inki\u015faf\u0131n\u0131, b\u00fct\u00fcn sosial layih\u0259l\u0259rin ard\u0131c\u0131l icras\u0131n\u0131 t\u0259min etdiyi, qlobal pandemiya il\u0259 ba\u011fl\u0131 f\u00f6vq\u0259lad\u0259 \u015f\u0259raitd\u0259 \u0259halinin t\u0259hl\u00fck\u0259sizliyinin qorunmas\u0131, koronavirus x\u0259st\u0259liyinin yay\u0131lmas\u0131n\u0131n qar\u015f\u0131s\u0131n\u0131n&hellip;<\/p>\n","protected":false},"author":2,"featured_media":149487,"comment_status":"closed","ping_status":"closed","sticky":false,"template":"","format":"standard","meta":{"om_disable_all_campaigns":false,"_monsterinsights_skip_tracking":false,"_monsterinsights_sitenote_active":false,"_monsterinsights_sitenote_note":"","_monsterinsights_sitenote_category":0},"categories":[1],"tags":[],"aioseo_notices":[],"gutentor_comment":0,"rttpg_featured_image_url":{"full":["https:\/\/arantv.az\/wp-content\/uploads\/2020\/04\/24_41586264228-1.png",649,474,false],"landscape":["https:\/\/arantv.az\/wp-content\/uploads\/2020\/04\/24_41586264228-1.png",649,474,false],"portraits":["https:\/\/arantv.az\/wp-content\/uploads\/2020\/04\/24_41586264228-1.png",649,474,false],"thumbnail":["https:\/\/arantv.az\/wp-content\/uploads\/2020\/04\/24_41586264228-1-150x150.png",150,150,true],"medium":["https:\/\/arantv.az\/wp-content\/uploads\/2020\/04\/24_41586264228-1-300x219.png",300,219,true],"large":["https:\/\/arantv.az\/wp-content\/uploads\/2020\/04\/24_41586264228-1.png",640,467,false],"1536x1536":["https:\/\/arantv.az\/wp-content\/uploads\/2020\/04\/24_41586264228-1.png",649,474,false],"2048x2048":["https:\/\/arantv.az\/wp-content\/uploads\/2020\/04\/24_41586264228-1.png",649,474,false],"post-thumbnail":["https:\/\/arantv.az\/wp-content\/uploads\/2020\/04\/24_41586264228-1-240x172.png",240,172,true],"advps-thumb-one":["https:\/\/arantv.az\/wp-content\/uploads\/2020\/04\/24_41586264228-1.png",649,474,false]},"rttpg_author":{"display_name":"V\u00fcsal Rafiqo\u011flu","author_link":"https:\/\/arantv.az\/?author=2"},"rttpg_comment":0,"rttpg_category":"<a href=\"https:\/\/arantv.az\/?cat=1\" rel=\"category\">C\u0259miyy\u0259t<\/a>","rttpg_excerpt":"Qa\u00e7q\u0131nlar\u0131n v\u0259 M\u0259cburi K\u00f6\u00e7k\u00fcnl\u0259rin \u0130\u015fl\u0259ri \u00fczr\u0259 D\u00f6vl\u0259t Komit\u0259si \u00f6z funksional f\u0259aliyy\u0259tini \u00f6lk\u0259mizin \u0259razisind\u0259 koronavirus (COVID-19) infeksiyas\u0131n\u0131n geni\u015f yay\u0131lmas\u0131n\u0131n qar\u015f\u0131n\u0131 almaq m\u0259qs\u0259dil\u0259 h\u0259yata ke\u00e7iril\u0259n d\u00f6vl\u0259t t\u0259dbirl\u0259ri \u00e7\u0259r\u00e7iv\u0259sind\u0259, Nazirl\u0259r Kabineti yan\u0131nda Operativ Q\u0259rargah\u0131n m\u00fc\u0259yy\u0259nl\u0259\u015fdirdiyi t\u0259l\u0259b v\u0259 qaydalara uy\u011fun olaraq yerin\u0259 yetirir. Komit\u0259 s\u0259dri R\u00f6v\u015f\u0259n Rzayev aprelin 7-d\u0259 n\u00f6vb\u0259ti videoq\u0259bul ke\u00e7ir\u0259r\u0259k, \u0259vv\u0259lc\u0259d\u0259n n\u00f6vb\u0259lilik \u0259sas\u0131nda q\u0259bula yaz\u0131lm\u0131\u015f v\u0259t\u0259nda\u015flar\u0131n m\u00fcraci\u0259tl\u0259rini&hellip;","_links":{"self":[{"href":"https:\/\/arantv.az\/index.php?rest_route=\/wp\/v2\/posts\/149485"}],"collection":[{"href":"https:\/\/arantv.az\/index.php?rest_route=\/wp\/v2\/posts"}],"about":[{"href":"https:\/\/arantv.az\/index.php?rest_route=\/wp\/v2\/types\/post"}],"author":[{"embeddable":true,"href":"https:\/\/arantv.az\/index.php?rest_route=\/wp\/v2\/users\/2"}],"replies":[{"embeddable":true,"href":"https:\/\/arantv.az\/index.php?rest_route=%2Fwp%2Fv2%2Fcomments&post=149485"}],"version-history":[{"count":0,"href":"https:\/\/arantv.az\/index.php?rest_route=\/wp\/v2\/posts\/149485\/revisions"}],"wp:featuredmedia":[{"embeddable":true,"href":"https:\/\/arantv.az\/index.php?rest_route=\/wp\/v2\/media\/149487"}],"wp:attachment":[{"href":"https:\/\/arantv.az\/index.php?rest_route=%2Fwp%2Fv2%2Fmedia&parent=149485"}],"wp:term":[{"taxonomy":"category","embeddable":true,"href":"https:\/\/arantv.az\/index.php?rest_route=%2Fwp%2Fv2%2Fcategories&post=149485"},{"taxonomy":"post_tag","embeddable":true,"href":"https:\/\/arantv.az\/index.php?rest_route=%2Fwp%2Fv2%2Ftags&post=149485"}],"curies":[{"name":"wp","href":"https:\/\/api.w.org\/{rel}","templated":true}]}}