{"id":149490,"date":"2020-04-07T17:21:24","date_gmt":"2020-04-07T14:21:24","guid":{"rendered":"http:\/\/arantv.az\/?p=149490"},"modified":"2020-04-07T17:21:24","modified_gmt":"2020-04-07T14:21:24","slug":"az%c9%99rbaycanda-s%c9%99rxos-halda-xidm%c9%99t%c9%99-cixan-polis-isd%c9%99n-qovuldu-video","status":"publish","type":"post","link":"https:\/\/arantv.az\/?p=149490","title":{"rendered":"Az\u0259rbaycanda s\u0259rxo\u015f halda xidm\u0259t\u0259 \u00e7\u0131xan polis i\u015fd\u0259n qovuldu &#8211; V\u0130DEO"},"content":{"rendered":"<p>Daxili \u0130\u015fl\u0259r Nazirliyi Qusarda i\u00e7kili v\u0259ziyy\u0259td\u0259 xidm\u0259t aparan polisl\u0259 ba\u011fl\u0131 m\u0259s\u0259l\u0259y\u0259 m\u00fcnasib\u0259t bildirib.<\/p>\n<p>D\u0130N M\u0259tbuat Xidm\u0259tinin Quba regional qrupunun ba\u015f inspektoru, polis ba\u015f leytenant\u0131 Nizam H\u0259midov Oxu.Az-a a\u00e7\u0131qlamas\u0131nda bildirib ki, Qusar Rayon Polis \u015e\u00f6b\u0259sinin H\u0259zr\u0259 Polis B\u00f6lm\u0259sinin polis n\u0259f\u0259ri, polis serjant\u0131 Namiq Eyyubov bar\u0259sind\u0259 ara\u015fd\u0131rmalar apar\u0131l\u0131b:<\/p>\n<p>\u201cO, xidm\u0259td\u0259 yol verdiyi n\u00f6qsanlara g\u00f6r\u0259 daxili i\u015fl\u0259r orqanlar\u0131ndan xaric olunub\u201d.<\/p>\n<div id=\"AdviadNativeVideo0\" class=\"AdviadNativeVideo\"><\/div>\n<p>Qeyd ed\u0259k ki, sosial \u015f\u0259b\u0259k\u0259l\u0259rd\u0259 Qusarda polis \u0259m\u0259kda\u015f\u0131n\u0131n s\u0259rxo\u015f v\u0259ziyy\u0259td\u0259 xidm\u0259t aparmas\u0131 bar\u0259d\u0259 g\u00f6r\u00fcnt\u00fcl\u0259r yay\u0131l\u0131b.<\/p>\n<p>H\u0259min videonu t\u0259qdim edirik:<\/p>\n<div class=\"embed-responsive embed-responsive-16by9\"><iframe loading=\"lazy\" id=\"nmqembedid\" class=\"embed-responsive-item\" title=\"video player\" src=\"https:\/\/izle.az\/embed\/09cvyEmsTC3SS0rMLtUrKdNPzU1KTdE3NDO3MAQA\" width=\"600\" height=\"340\" frameborder=\"0\" scrolling=\"no\" allowfullscreen=\"allowfullscreen\" data-mce-fragment=\"1\"><\/iframe><\/div>\n<p>&nbsp;<\/p>\n","protected":false},"excerpt":{"rendered":"<p>Daxili \u0130\u015fl\u0259r Nazirliyi Qusarda i\u00e7kili v\u0259ziyy\u0259td\u0259 xidm\u0259t aparan polisl\u0259 ba\u011fl\u0131 m\u0259s\u0259l\u0259y\u0259 m\u00fcnasib\u0259t bildirib. D\u0130N M\u0259tbuat Xidm\u0259tinin Quba regional qrupunun ba\u015f inspektoru, polis ba\u015f leytenant\u0131 Nizam H\u0259midov Oxu.Az-a a\u00e7\u0131qlamas\u0131nda bildirib ki, Qusar Rayon Polis \u015e\u00f6b\u0259sinin H\u0259zr\u0259 Polis B\u00f6lm\u0259sinin polis n\u0259f\u0259ri, polis serjant\u0131 Namiq Eyyubov bar\u0259sind\u0259 ara\u015fd\u0131rmalar apar\u0131l\u0131b: \u201cO, xidm\u0259td\u0259 yol verdiyi n\u00f6qsanlara g\u00f6r\u0259 daxili i\u015fl\u0259r orqanlar\u0131ndan xaric olunub\u201d. Qeyd ed\u0259k ki, sosial \u015f\u0259b\u0259k\u0259l\u0259rd\u0259 Qusarda polis \u0259m\u0259kda\u015f\u0131n\u0131n s\u0259rxo\u015f v\u0259ziyy\u0259td\u0259 xidm\u0259t aparmas\u0131 bar\u0259d\u0259 g\u00f6r\u00fcnt\u00fcl\u0259r yay\u0131l\u0131b. H\u0259min videonu t\u0259qdim edirik: &nbsp;<\/p>\n","protected":false},"author":2,"featured_media":149491,"comment_status":"closed","ping_status":"closed","sticky":false,"template":"","format":"standard","meta":{"om_disable_all_campaigns":false,"_monsterinsights_skip_tracking":false,"_monsterinsights_sitenote_active":false,"_monsterinsights_sitenote_note":"","_monsterinsights_sitenote_category":0},"categories":[5],"tags":[],"aioseo_notices":[],"gutentor_comment":0,"rttpg_featured_image_url":{"full":["https:\/\/arantv.az\/wp-content\/uploads\/2020\/04\/77_41586258240.jpg",620,394,false],"landscape":["https:\/\/arantv.az\/wp-content\/uploads\/2020\/04\/77_41586258240.jpg",620,394,false],"portraits":["https:\/\/arantv.az\/wp-content\/uploads\/2020\/04\/77_41586258240.jpg",620,394,false],"thumbnail":["https:\/\/arantv.az\/wp-content\/uploads\/2020\/04\/77_41586258240-150x150.jpg",150,150,true],"medium":["https:\/\/arantv.az\/wp-content\/uploads\/2020\/04\/77_41586258240-300x191.jpg",300,191,true],"large":["https:\/\/arantv.az\/wp-content\/uploads\/2020\/04\/77_41586258240.jpg",620,394,false],"1536x1536":["https:\/\/arantv.az\/wp-content\/uploads\/2020\/04\/77_41586258240.jpg",620,394,false],"2048x2048":["https:\/\/arantv.az\/wp-content\/uploads\/2020\/04\/77_41586258240.jpg",620,394,false],"post-thumbnail":["https:\/\/arantv.az\/wp-content\/uploads\/2020\/04\/77_41586258240-240x172.jpg",240,172,true],"advps-thumb-one":["https:\/\/arantv.az\/wp-content\/uploads\/2020\/04\/77_41586258240.jpg",620,394,false]},"rttpg_author":{"display_name":"V\u00fcsal Rafiqo\u011flu","author_link":"https:\/\/arantv.az\/?author=2"},"rttpg_comment":0,"rttpg_category":"<a href=\"https:\/\/arantv.az\/?cat=5\" rel=\"category\">Hadis\u0259<\/a>","rttpg_excerpt":"Daxili \u0130\u015fl\u0259r Nazirliyi Qusarda i\u00e7kili v\u0259ziyy\u0259td\u0259 xidm\u0259t aparan polisl\u0259 ba\u011fl\u0131 m\u0259s\u0259l\u0259y\u0259 m\u00fcnasib\u0259t bildirib. D\u0130N M\u0259tbuat Xidm\u0259tinin Quba regional qrupunun ba\u015f inspektoru, polis ba\u015f leytenant\u0131 Nizam H\u0259midov Oxu.Az-a a\u00e7\u0131qlamas\u0131nda bildirib ki, Qusar Rayon Polis \u015e\u00f6b\u0259sinin H\u0259zr\u0259 Polis B\u00f6lm\u0259sinin polis n\u0259f\u0259ri, polis serjant\u0131 Namiq Eyyubov bar\u0259sind\u0259 ara\u015fd\u0131rmalar apar\u0131l\u0131b: \u201cO, xidm\u0259td\u0259 yol verdiyi n\u00f6qsanlara g\u00f6r\u0259 daxili i\u015fl\u0259r orqanlar\u0131ndan&hellip;","_links":{"self":[{"href":"https:\/\/arantv.az\/index.php?rest_route=\/wp\/v2\/posts\/149490"}],"collection":[{"href":"https:\/\/arantv.az\/index.php?rest_route=\/wp\/v2\/posts"}],"about":[{"href":"https:\/\/arantv.az\/index.php?rest_route=\/wp\/v2\/types\/post"}],"author":[{"embeddable":true,"href":"https:\/\/arantv.az\/index.php?rest_route=\/wp\/v2\/users\/2"}],"replies":[{"embeddable":true,"href":"https:\/\/arantv.az\/index.php?rest_route=%2Fwp%2Fv2%2Fcomments&post=149490"}],"version-history":[{"count":0,"href":"https:\/\/arantv.az\/index.php?rest_route=\/wp\/v2\/posts\/149490\/revisions"}],"wp:featuredmedia":[{"embeddable":true,"href":"https:\/\/arantv.az\/index.php?rest_route=\/wp\/v2\/media\/149491"}],"wp:attachment":[{"href":"https:\/\/arantv.az\/index.php?rest_route=%2Fwp%2Fv2%2Fmedia&parent=149490"}],"wp:term":[{"taxonomy":"category","embeddable":true,"href":"https:\/\/arantv.az\/index.php?rest_route=%2Fwp%2Fv2%2Fcategories&post=149490"},{"taxonomy":"post_tag","embeddable":true,"href":"https:\/\/arantv.az\/index.php?rest_route=%2Fwp%2Fv2%2Ftags&post=149490"}],"curies":[{"name":"wp","href":"https:\/\/api.w.org\/{rel}","templated":true}]}}