{"id":149631,"date":"2020-04-08T09:35:57","date_gmt":"2020-04-08T06:35:57","guid":{"rendered":"http:\/\/arantv.az\/?p=149631"},"modified":"2020-04-08T09:35:57","modified_gmt":"2020-04-08T06:35:57","slug":"agdamda-ehtiyacin-var-gotur-imkanin-var-%c9%99lav%c9%99-aksiyasi","status":"publish","type":"post","link":"https:\/\/arantv.az\/?p=149631","title":{"rendered":"A\u011fdamda \u201cEhtiyac\u0131n var g\u00f6t\u00fcr, imkan\u0131n var \u0259lav\u0259\u201d aksiyas\u0131."},"content":{"rendered":"<p>Xeyirxahl\u0131q, r\u0259hmdillik xalq\u0131m\u0131za m\u0259xsus milli d\u0259y\u0259rl\u0259rd\u0259n biridir. Bir-birinin \u0259lind\u0259n tutmaq, ehtiyac\u0131 olana k\u00f6m\u0259k \u0259li uzatmaq \u00e7oxdan bizi s\u0259ciyy\u0259l\u0259ndir\u0259n d\u0259y\u0259rli keyfiyy\u0259tl\u0259rd\u0259ndir.<\/p>\n<p>Son aylarda d\u00fcnyada yay\u0131lan yeni n\u00f6v koronavirus infeksiyas\u0131n\u0131n co\u011frafiyas\u0131n\u0131n geni\u015fl\u0259nm\u0259si \u00f6lk\u0259mizd\u0259n d\u0259 yan ke\u00e7m\u0259mi\u015f v\u0259 bu x\u0259st\u0259liy\u0259 yoluxma hallar\u0131n\u0131n qar\u015f\u0131s\u0131n\u0131n al\u0131nmas\u0131 m\u0259qs\u0259dil\u0259 m\u00fcvafiq profilaktik t\u0259dbirl\u0259rin g\u00fccl\u0259ndirilm\u0259si z\u0259ru<span class=\"text_exposed_show\">r\u0259ti yaranm\u0131\u015fd\u0131r. Bu m\u0259qs\u0259dl\u0259, Az\u0259rbaycan Respublikas\u0131n\u0131n Prezidenti c\u0259nab \u0130lham \u018fliyevin tap\u015f\u0131r\u0131\u011f\u0131 il\u0259 Nazirl\u0259r Kabineti yan\u0131nda Operativ Q\u0259rargah t\u0259r\u0259find\u0259n \u00f6lk\u0259d\u0259 t\u0259xir\u0259sal\u0131nmaz ciddi profilaktik t\u0259dbirl\u0259r h\u0259yata ke\u00e7irilir. V\u0259t\u0259nda\u015flar\u0131n, ayr\u0131-ayr\u0131 sahibkarlar\u0131n d\u00f6vl\u0259tin h\u0259yata ke\u00e7irdiyi t\u0259dbirl\u0259r\u0259 d\u0259st\u0259k verm\u0259si, onlara \u0259m\u0259l etm\u0259si z\u0259ruridir. \u018fhalinin m\u00fcxt\u0259lif t\u0259b\u0259q\u0259l\u0259rinin, o c\u00fcml\u0259d\u0259n sahibkarl\u0131q subyektl\u0259rinin bu n\u00f6v t\u0259dbirl\u0259r\u0259 d\u0259st\u0259k verm\u0259si, sosial h\u0259mr\u0259ylik n\u00fcmayi\u015f etdirm\u0259si g\u00f6r\u00fcl\u0259n i\u015fl\u0259rin s\u0259m\u0259r\u0259liliyin\u0259 bilavasit\u0259 t\u0259sir ed\u0259n x\u00fcsusi \u0259h\u0259miyy\u0259tli m\u0259s\u0259l\u0259l\u0259rd\u0259n olmaqla, korporativ sosial m\u0259suliyy\u0259ti, d\u00f6vl\u0259t \u2013 v\u0259t\u0259nda\u015f birliyini \u0259ks etdir\u0259n \u0259sas faktorlar\u0131n bariz g\u00f6st\u0259ricisidir.<\/span><\/p>\n<div class=\"text_exposed_show\">\n<p>C\u0259nab Prezidentin f\u0259rman\u0131 il\u0259 \u201cKoronavirusla M\u00fcabariz\u0259y\u0259 D\u0259st\u0259k Fondu\u201d yarad\u0131lm\u0131\u015fd\u0131r. Bu fonda c\u0259nab Prezident \u0130lham \u018fliyev v\u0259 Birinci vitse-prezident Mehriban xan\u0131m \u018fliyeva 1 illik \u0259m\u0259khaqlar\u0131n\u0131 ian\u0259 etmi\u015f, bir \u00e7ox d\u00f6vl\u0259t v\u0259 \u00f6z\u0259l qurumlar, el\u0259c\u0259 d\u0259 s\u0131ravi v\u0259t\u0259nda\u015flar bu t\u0259\u015f\u0259bb\u00fcs\u0259 qo\u015fulmu\u015flar.<\/p>\n<p>A\u011fdaml\u0131lar da bu \u00e7\u0259tin g\u00fcnl\u0259rd\u0259 xeyirxah \u0259m\u0259l\u0259 imza at\u0131blar. A\u011fdam Rayon \u0130cra Hakimiyy\u0259tinin t\u0259\u015f\u0259bb\u00fcs\u00fc il\u0259 Quzanl\u0131 q\u0259s\u0259b\u0259sind\u0259 f\u0259aliyy\u0259t g\u00f6st\u0259r\u0259n &#8220;A\u011eDAM MARKET&#8221;-d\u0259 \u201cEhtiyac\u0131n var g\u00f6t\u00fcr, imkan\u0131n var \u0259lav\u0259\u201d aksiyas\u0131 ba\u015flad\u0131l\u0131b. Burada imkans\u0131z, ehtiyac\u0131 olan sakinl\u0259rin pulsuz \u0259rzaq \u0259ld\u0259 etm\u0259sin\u0259 yard\u0131m\u00e7\u0131 olurlar. Aksiyan\u0131n m\u0259qs\u0259di azt\u0259minatl\u0131 ail\u0259l\u0259ri, kims\u0259siz v\u0259 t\u0259nha h\u0259mv\u0259t\u0259nl\u0259ri pulsuz \u0259rzaqla t\u0259min etm\u0259kdir. \u0130ndi bir \u00e7ox ail\u0259l\u0259r, v\u0259t\u0259nda\u015flar bu xeyirxah t\u0259\u015f\u0259bb\u00fcsd\u0259n b\u0259hr\u0259l\u0259nirl\u0259r.<\/p>\n<p><img loading=\"lazy\" class=\"alignnone size-medium wp-image-149632\" src=\"https:\/\/arantv.az\/wp-content\/uploads\/2020\/04\/92084320_3507271955954863_301973305131270144_n-169x300.jpg\" alt=\"\" width=\"169\" height=\"300\" \/><\/p>\n<\/div>\n","protected":false},"excerpt":{"rendered":"<p>Xeyirxahl\u0131q, r\u0259hmdillik xalq\u0131m\u0131za m\u0259xsus milli d\u0259y\u0259rl\u0259rd\u0259n biridir. Bir-birinin \u0259lind\u0259n tutmaq, ehtiyac\u0131 olana k\u00f6m\u0259k \u0259li uzatmaq \u00e7oxdan bizi s\u0259ciyy\u0259l\u0259ndir\u0259n d\u0259y\u0259rli keyfiyy\u0259tl\u0259rd\u0259ndir. Son aylarda d\u00fcnyada yay\u0131lan yeni n\u00f6v koronavirus infeksiyas\u0131n\u0131n co\u011frafiyas\u0131n\u0131n geni\u015fl\u0259nm\u0259si \u00f6lk\u0259mizd\u0259n d\u0259 yan ke\u00e7m\u0259mi\u015f v\u0259 bu x\u0259st\u0259liy\u0259 yoluxma hallar\u0131n\u0131n qar\u015f\u0131s\u0131n\u0131n al\u0131nmas\u0131 m\u0259qs\u0259dil\u0259 m\u00fcvafiq profilaktik t\u0259dbirl\u0259rin g\u00fccl\u0259ndirilm\u0259si z\u0259rur\u0259ti yaranm\u0131\u015fd\u0131r. Bu m\u0259qs\u0259dl\u0259, Az\u0259rbaycan Respublikas\u0131n\u0131n Prezidenti c\u0259nab \u0130lham \u018fliyevin tap\u015f\u0131r\u0131\u011f\u0131 il\u0259 Nazirl\u0259r Kabineti yan\u0131nda Operativ Q\u0259rargah t\u0259r\u0259find\u0259n \u00f6lk\u0259d\u0259 t\u0259xir\u0259sal\u0131nmaz ciddi profilaktik t\u0259dbirl\u0259r h\u0259yata ke\u00e7irilir. V\u0259t\u0259nda\u015flar\u0131n, ayr\u0131-ayr\u0131 sahibkarlar\u0131n d\u00f6vl\u0259tin h\u0259yata ke\u00e7irdiyi t\u0259dbirl\u0259r\u0259 d\u0259st\u0259k verm\u0259si, onlara \u0259m\u0259l etm\u0259si z\u0259ruridir. \u018fhalinin m\u00fcxt\u0259lif t\u0259b\u0259q\u0259l\u0259rinin, o c\u00fcml\u0259d\u0259n sahibkarl\u0131q&hellip;<\/p>\n","protected":false},"author":2,"featured_media":149633,"comment_status":"closed","ping_status":"closed","sticky":false,"template":"","format":"standard","meta":{"om_disable_all_campaigns":false,"_monsterinsights_skip_tracking":false,"_monsterinsights_sitenote_active":false,"_monsterinsights_sitenote_note":"","_monsterinsights_sitenote_category":0},"categories":[2],"tags":[],"aioseo_notices":[],"gutentor_comment":0,"rttpg_featured_image_url":{"full":["https:\/\/arantv.az\/wp-content\/uploads\/2020\/04\/92326789_3507271615954897_6254150528247267328_n.jpg",960,540,false],"landscape":["https:\/\/arantv.az\/wp-content\/uploads\/2020\/04\/92326789_3507271615954897_6254150528247267328_n.jpg",960,540,false],"portraits":["https:\/\/arantv.az\/wp-content\/uploads\/2020\/04\/92326789_3507271615954897_6254150528247267328_n.jpg",960,540,false],"thumbnail":["https:\/\/arantv.az\/wp-content\/uploads\/2020\/04\/92326789_3507271615954897_6254150528247267328_n-150x150.jpg",150,150,true],"medium":["https:\/\/arantv.az\/wp-content\/uploads\/2020\/04\/92326789_3507271615954897_6254150528247267328_n-300x169.jpg",300,169,true],"large":["https:\/\/arantv.az\/wp-content\/uploads\/2020\/04\/92326789_3507271615954897_6254150528247267328_n.jpg",640,360,false],"1536x1536":["https:\/\/arantv.az\/wp-content\/uploads\/2020\/04\/92326789_3507271615954897_6254150528247267328_n.jpg",960,540,false],"2048x2048":["https:\/\/arantv.az\/wp-content\/uploads\/2020\/04\/92326789_3507271615954897_6254150528247267328_n.jpg",960,540,false],"post-thumbnail":["https:\/\/arantv.az\/wp-content\/uploads\/2020\/04\/92326789_3507271615954897_6254150528247267328_n-240x172.jpg",240,172,true],"advps-thumb-one":["https:\/\/arantv.az\/wp-content\/uploads\/2020\/04\/92326789_3507271615954897_6254150528247267328_n.jpg",960,540,false]},"rttpg_author":{"display_name":"V\u00fcsal Rafiqo\u011flu","author_link":"https:\/\/arantv.az\/?author=2"},"rttpg_comment":0,"rttpg_category":"<a href=\"https:\/\/arantv.az\/?cat=2\" rel=\"category\">Region X\u0259b\u0259rl\u0259ri<\/a>","rttpg_excerpt":"Xeyirxahl\u0131q, r\u0259hmdillik xalq\u0131m\u0131za m\u0259xsus milli d\u0259y\u0259rl\u0259rd\u0259n biridir. Bir-birinin \u0259lind\u0259n tutmaq, ehtiyac\u0131 olana k\u00f6m\u0259k \u0259li uzatmaq \u00e7oxdan bizi s\u0259ciyy\u0259l\u0259ndir\u0259n d\u0259y\u0259rli keyfiyy\u0259tl\u0259rd\u0259ndir. Son aylarda d\u00fcnyada yay\u0131lan yeni n\u00f6v koronavirus infeksiyas\u0131n\u0131n co\u011frafiyas\u0131n\u0131n geni\u015fl\u0259nm\u0259si \u00f6lk\u0259mizd\u0259n d\u0259 yan ke\u00e7m\u0259mi\u015f v\u0259 bu x\u0259st\u0259liy\u0259 yoluxma hallar\u0131n\u0131n qar\u015f\u0131s\u0131n\u0131n al\u0131nmas\u0131 m\u0259qs\u0259dil\u0259 m\u00fcvafiq profilaktik t\u0259dbirl\u0259rin g\u00fccl\u0259ndirilm\u0259si z\u0259rur\u0259ti yaranm\u0131\u015fd\u0131r. Bu m\u0259qs\u0259dl\u0259, Az\u0259rbaycan Respublikas\u0131n\u0131n Prezidenti c\u0259nab \u0130lham&hellip;","_links":{"self":[{"href":"https:\/\/arantv.az\/index.php?rest_route=\/wp\/v2\/posts\/149631"}],"collection":[{"href":"https:\/\/arantv.az\/index.php?rest_route=\/wp\/v2\/posts"}],"about":[{"href":"https:\/\/arantv.az\/index.php?rest_route=\/wp\/v2\/types\/post"}],"author":[{"embeddable":true,"href":"https:\/\/arantv.az\/index.php?rest_route=\/wp\/v2\/users\/2"}],"replies":[{"embeddable":true,"href":"https:\/\/arantv.az\/index.php?rest_route=%2Fwp%2Fv2%2Fcomments&post=149631"}],"version-history":[{"count":0,"href":"https:\/\/arantv.az\/index.php?rest_route=\/wp\/v2\/posts\/149631\/revisions"}],"wp:featuredmedia":[{"embeddable":true,"href":"https:\/\/arantv.az\/index.php?rest_route=\/wp\/v2\/media\/149633"}],"wp:attachment":[{"href":"https:\/\/arantv.az\/index.php?rest_route=%2Fwp%2Fv2%2Fmedia&parent=149631"}],"wp:term":[{"taxonomy":"category","embeddable":true,"href":"https:\/\/arantv.az\/index.php?rest_route=%2Fwp%2Fv2%2Fcategories&post=149631"},{"taxonomy":"post_tag","embeddable":true,"href":"https:\/\/arantv.az\/index.php?rest_route=%2Fwp%2Fv2%2Ftags&post=149631"}],"curies":[{"name":"wp","href":"https:\/\/api.w.org\/{rel}","templated":true}]}}