{"id":149691,"date":"2020-04-08T12:18:45","date_gmt":"2020-04-08T09:18:45","guid":{"rendered":"http:\/\/arantv.az\/?p=149691"},"modified":"2020-04-08T12:18:45","modified_gmt":"2020-04-08T09:18:45","slug":"niderlandda-futbol-movsumu-haqda-yekun-q%c9%99rar-verildi","status":"publish","type":"post","link":"https:\/\/arantv.az\/?p=149691","title":{"rendered":"Niderlandda futbol m\u00f6vs\u00fcm\u00fc haqda yekun q\u0259rar verildi"},"content":{"rendered":"<p>Niderland Kral Futbol \u0130ttifaq\u0131 \u00f6lk\u0259 \u00e7empionat\u0131n\u0131n oyunlar\u0131n\u0131 iyun ay\u0131nda b\u0259rpa etm\u0259k niyy\u0259tind\u0259dir.<\/p>\n<p>\u201cSportbox\u201d m\u0259lumat verir ki, klublar 12 may tarixind\u0259n etibar\u0259n m\u0259\u015fql\u0259r\u0259 ba\u015flayacaq. \u0130yunun 19-da is\u0259 ilk qar\u015f\u0131la\u015fmalar\u0131n ke\u00e7irilm\u0259si n\u0259z\u0259rd\u0259 tutulur.<\/p>\n<p>Qeyd ed\u0259k ki, futbol federasiyas\u0131 COVID-19-la \u0259laq\u0259dar 2019\/2020 m\u00f6vs\u00fcm\u00fcn\u00fc ba\u015fa \u00e7atm\u0131\u015f elan etm\u0259yi planla\u015fd\u0131r\u0131rd\u0131.<\/p>\n","protected":false},"excerpt":{"rendered":"<p>Niderland Kral Futbol \u0130ttifaq\u0131 \u00f6lk\u0259 \u00e7empionat\u0131n\u0131n oyunlar\u0131n\u0131 iyun ay\u0131nda b\u0259rpa etm\u0259k niyy\u0259tind\u0259dir. \u201cSportbox\u201d m\u0259lumat verir ki, klublar 12 may tarixind\u0259n etibar\u0259n m\u0259\u015fql\u0259r\u0259 ba\u015flayacaq. \u0130yunun 19-da is\u0259 ilk qar\u015f\u0131la\u015fmalar\u0131n ke\u00e7irilm\u0259si n\u0259z\u0259rd\u0259 tutulur. Qeyd ed\u0259k ki, futbol federasiyas\u0131 COVID-19-la \u0259laq\u0259dar 2019\/2020 m\u00f6vs\u00fcm\u00fcn\u00fc ba\u015fa \u00e7atm\u0131\u015f elan etm\u0259yi planla\u015fd\u0131r\u0131rd\u0131.<\/p>\n","protected":false},"author":2,"featured_media":149692,"comment_status":"closed","ping_status":"closed","sticky":false,"template":"","format":"standard","meta":{"om_disable_all_campaigns":false,"_monsterinsights_skip_tracking":false,"_monsterinsights_sitenote_active":false,"_monsterinsights_sitenote_note":"","_monsterinsights_sitenote_category":0},"categories":[6],"tags":[],"aioseo_notices":[],"gutentor_comment":0,"rttpg_featured_image_url":{"full":["https:\/\/arantv.az\/wp-content\/uploads\/2020\/04\/1549875493_996565_1549876852_noticia_normal.jpg",620,349,false],"landscape":["https:\/\/arantv.az\/wp-content\/uploads\/2020\/04\/1549875493_996565_1549876852_noticia_normal.jpg",620,349,false],"portraits":["https:\/\/arantv.az\/wp-content\/uploads\/2020\/04\/1549875493_996565_1549876852_noticia_normal.jpg",620,349,false],"thumbnail":["https:\/\/arantv.az\/wp-content\/uploads\/2020\/04\/1549875493_996565_1549876852_noticia_normal-150x150.jpg",150,150,true],"medium":["https:\/\/arantv.az\/wp-content\/uploads\/2020\/04\/1549875493_996565_1549876852_noticia_normal-300x169.jpg",300,169,true],"large":["https:\/\/arantv.az\/wp-content\/uploads\/2020\/04\/1549875493_996565_1549876852_noticia_normal.jpg",620,349,false],"1536x1536":["https:\/\/arantv.az\/wp-content\/uploads\/2020\/04\/1549875493_996565_1549876852_noticia_normal.jpg",620,349,false],"2048x2048":["https:\/\/arantv.az\/wp-content\/uploads\/2020\/04\/1549875493_996565_1549876852_noticia_normal.jpg",620,349,false],"post-thumbnail":["https:\/\/arantv.az\/wp-content\/uploads\/2020\/04\/1549875493_996565_1549876852_noticia_normal-240x172.jpg",240,172,true],"advps-thumb-one":["https:\/\/arantv.az\/wp-content\/uploads\/2020\/04\/1549875493_996565_1549876852_noticia_normal.jpg",620,349,false]},"rttpg_author":{"display_name":"V\u00fcsal Rafiqo\u011flu","author_link":"https:\/\/arantv.az\/?author=2"},"rttpg_comment":0,"rttpg_category":"<a href=\"https:\/\/arantv.az\/?cat=6\" rel=\"category\">\u0130dman<\/a>","rttpg_excerpt":"Niderland Kral Futbol \u0130ttifaq\u0131 \u00f6lk\u0259 \u00e7empionat\u0131n\u0131n oyunlar\u0131n\u0131 iyun ay\u0131nda b\u0259rpa etm\u0259k niyy\u0259tind\u0259dir. \u201cSportbox\u201d m\u0259lumat verir ki, klublar 12 may tarixind\u0259n etibar\u0259n m\u0259\u015fql\u0259r\u0259 ba\u015flayacaq. \u0130yunun 19-da is\u0259 ilk qar\u015f\u0131la\u015fmalar\u0131n ke\u00e7irilm\u0259si n\u0259z\u0259rd\u0259 tutulur. Qeyd ed\u0259k ki, futbol federasiyas\u0131 COVID-19-la \u0259laq\u0259dar 2019\/2020 m\u00f6vs\u00fcm\u00fcn\u00fc ba\u015fa \u00e7atm\u0131\u015f elan etm\u0259yi planla\u015fd\u0131r\u0131rd\u0131.","_links":{"self":[{"href":"https:\/\/arantv.az\/index.php?rest_route=\/wp\/v2\/posts\/149691"}],"collection":[{"href":"https:\/\/arantv.az\/index.php?rest_route=\/wp\/v2\/posts"}],"about":[{"href":"https:\/\/arantv.az\/index.php?rest_route=\/wp\/v2\/types\/post"}],"author":[{"embeddable":true,"href":"https:\/\/arantv.az\/index.php?rest_route=\/wp\/v2\/users\/2"}],"replies":[{"embeddable":true,"href":"https:\/\/arantv.az\/index.php?rest_route=%2Fwp%2Fv2%2Fcomments&post=149691"}],"version-history":[{"count":0,"href":"https:\/\/arantv.az\/index.php?rest_route=\/wp\/v2\/posts\/149691\/revisions"}],"wp:featuredmedia":[{"embeddable":true,"href":"https:\/\/arantv.az\/index.php?rest_route=\/wp\/v2\/media\/149692"}],"wp:attachment":[{"href":"https:\/\/arantv.az\/index.php?rest_route=%2Fwp%2Fv2%2Fmedia&parent=149691"}],"wp:term":[{"taxonomy":"category","embeddable":true,"href":"https:\/\/arantv.az\/index.php?rest_route=%2Fwp%2Fv2%2Fcategories&post=149691"},{"taxonomy":"post_tag","embeddable":true,"href":"https:\/\/arantv.az\/index.php?rest_route=%2Fwp%2Fv2%2Ftags&post=149691"}],"curies":[{"name":"wp","href":"https:\/\/api.w.org\/{rel}","templated":true}]}}