{"id":149695,"date":"2020-04-08T12:20:11","date_gmt":"2020-04-08T09:20:11","guid":{"rendered":"http:\/\/arantv.az\/?p=149695"},"modified":"2020-04-08T12:20:11","modified_gmt":"2020-04-08T09:20:11","slug":"koronavirus-pandemiyasindan-z%c9%99r%c9%99r-c%c9%99kmis-sahibkarlara-maliyy%c9%99-d%c9%99st%c9%99yinin-gost%c9%99rilm%c9%99si-mexanizml%c9%99ri-haqqinda","status":"publish","type":"post","link":"https:\/\/arantv.az\/?p=149695","title":{"rendered":"Koronavirus pandemiyas\u0131ndan z\u0259r\u0259r \u00e7\u0259kmi\u015f sahibkarlara maliyy\u0259 d\u0259st\u0259yinin g\u00f6st\u0259rilm\u0259si mexanizml\u0259ri haqq\u0131nda"},"content":{"rendered":"<p>Prezident \u0130lham \u018fliyevin\u00a02020-ci il 19 mart tarixli \u201cKoronavirus (COVID-19) pandemiyas\u0131n\u0131n v\u0259 bundan ir\u0259li g\u0259l\u0259r\u0259k, d\u00fcnya enerji v\u0259 s\u0259hm bazarlar\u0131nda ba\u015f ver\u0259n k\u0259skin dal\u011falanmalar\u0131n Az\u0259rbaycan Respublikas\u0131n\u0131n iqtisadiyyat\u0131na, makroiqtisadi sabitliy\u0259, \u00f6lk\u0259d\u0259 m\u0259\u015f\u011fulluq m\u0259s\u0259l\u0259l\u0259rin\u0259 v\u0259 sahibkarl\u0131q subyektl\u0259rin\u0259 m\u0259nfi t\u0259sirinin azald\u0131lmas\u0131 il\u0259 ba\u011fl\u0131 bir s\u0131ra t\u0259dbirl\u0259r haqq\u0131nda\u201d s\u0259r\u0259ncam\u0131n\u0131n 10.2-ci b\u0259ndinin icras\u0131n\u0131 t\u0259min etm\u0259k m\u0259qs\u0259dil\u0259 Nazirl\u0259r Kabineti t\u0259r\u0259find\u0259n 4 aprel 2020-ci ild\u0259 m\u00fcvafiq T\u0259dbirl\u0259r Plan\u0131 t\u0259sdiq edilib.<\/p>\n<p>T\u0259dbirl\u0259r Plan\u0131nda icras\u0131 \u0130qtisadiyyat Nazirliyin\u0259 h\u0259val\u0259 edilmi\u015f t\u0259dbirl\u0259rin h\u0259yata ke\u00e7irilm\u0259si \u00fc\u00e7\u00a0m\u0259rh\u0259l\u0259y\u0259 b\u00f6l\u00fcn\u00fcb. \u0130lkin m\u0259rh\u0259l\u0259d\u0259\u00a0pandemiyadan z\u0259r\u0259r \u00e7\u0259kmi\u015f sah\u0259l\u0259rd\u0259 \u00e7al\u0131\u015fan muzdlu i\u015f\u00e7il\u0259rin \u0259m\u0259khaqq\u0131n\u0131n m\u00fc\u0259yy\u0259n hiss\u0259sinin \u00f6d\u0259nilm\u0259si, f\u0259rdi (mikro) sahibkarlara maliyy\u0259 d\u0259st\u0259yinin g\u00f6st\u0259rilm\u0259si, habel\u0259 iqtisadi f\u0259all\u0131\u011f\u0131n qorunmas\u0131 m\u0259qs\u0259dil\u0259 vergi stimullar\u0131n\u0131n verilm\u0259si n\u0259z\u0259rd\u0259 tutulur.<\/p>\n<p>\u0130qtisadiyyat Nazirliyi ilkin m\u0259rh\u0259l\u0259d\u0259 pandemiyadan z\u0259r\u0259r \u00e7\u0259kmi\u015f sah\u0259l\u0259rd\u0259 \u00e7al\u0131\u015fan muzdlu i\u015f\u00e7il\u0259rin \u0259m\u0259khaqq\u0131n\u0131n m\u00fc\u0259yy\u0259n hiss\u0259sinin \u00f6d\u0259nilm\u0259si v\u0259 f\u0259rdi (mikro) sahibkarlara maliyy\u0259 d\u0259st\u0259yinin g\u00f6st\u0259rilm\u0259si il\u0259 ba\u011fl\u0131 a\u015fa\u011f\u0131dak\u0131lar\u0131 vergi \u00f6d\u0259yicil\u0259rinin diqq\u0259tin\u0259 \u00e7atd\u0131r\u0131r:<\/p>\n<div id=\"AdviadNativeVideo0\" class=\"AdviadNativeVideo\"><\/div>\n<p><strong>Pandemiyadan z\u0259r\u0259r \u00e7\u0259kmi\u015f sah\u0259l\u0259rd\u0259 i\u015f yerl\u0259rinin say\u0131n\u0131n azald\u0131lmas\u0131n\u0131n qar\u015f\u0131s\u0131n\u0131n al\u0131nmas\u0131 m\u0259qs\u0259dil\u0259 \u0259m\u0259k m\u00fcqavil\u0259si \u0259sas\u0131nda \u00e7al\u0131\u015fan muzdlu i\u015f\u00e7il\u0259rin \u0259m\u0259khaqq\u0131n\u0131n m\u00fc\u0259yy\u0259n hiss\u0259sinin \u00f6d\u0259nilm\u0259si mexanizmi \u00e7\u0259r\u00e7iv\u0259sind\u0259:<\/strong><\/p>\n<p>Bu t\u0259dbir pandemiyan\u0131n z\u0259r\u0259r vurdu\u011fu f\u0259aliyy\u0259t sah\u0259l\u0259rind\u0259 v\u0259 klasterl\u0259rd\u0259 \u00e7al\u0131\u015fan 300 min n\u0259f\u0259r muzdlu i\u015f\u00e7inin (\u0259m\u0259k m\u00fcqavil\u0259si olan) \u0259m\u0259khaqlar\u0131n\u0131n m\u00fc\u0259yy\u0259n hiss\u0259sinin \u00f6d\u0259nilm\u0259si \u00fc\u00e7\u00fcn sahibkarlara d\u00f6vl\u0259t t\u0259r\u0259find\u0259n 215 milyon manat h\u0259cmind\u0259 maliyy\u0259 d\u0259st\u0259yinin g\u00f6st\u0259rilm\u0259sini n\u0259z\u0259rd\u0259 tutur.<\/p>\n<p>Bu mexanizm \u00e7\u0259r\u00e7iv\u0259sind\u0259 vergi \u00f6d\u0259yicil\u0259rinin \u0130nternet Vergi \u0130dar\u0259sind\u0259\u00a0<u>(<\/u><a href=\"http:\/\/www.e-taxes.gov.az\/\">www.e-taxes.gov.az<\/a><u>)<\/u>\u00a0m\u00f6vcud olan elektron kabinetl\u0259ri vasit\u0259sil\u0259 t\u0259qdim etdikl\u0259ri m\u00fcraci\u0259tl\u0259r \u0259sas\u0131nda, q\u0131sa m\u00fcdd\u0259t \u0259rzind\u0259 onlar\u0131n i\u015f\u00e7il\u0259rin\u0259 \u00f6d\u0259nilm\u0259li olan \u0259m\u0259khaqq\u0131n\u0131n v\u0259 ona m\u00fcvafiq sosial s\u0131\u011forta haqlar\u0131n\u0131n m\u00fc\u0259yy\u0259n hiss\u0259si i\u015f\u0259g\u00f6t\u00fcr\u0259nl\u0259rin bank hesablar\u0131na k\u00f6\u00e7\u00fcr\u00fcl\u0259c\u0259k.<\/p>\n<p><strong>V\u0259saitl\u0259rin \u00f6d\u0259nilm\u0259si a\u015fa\u011f\u0131dak\u0131 qaydada h\u0259yata ke\u00e7iril\u0259c\u0259k:<\/strong><\/p>\n<p>Qeydiyyatda olan b\u00fct\u00fcn vergi \u00f6d\u0259yicil\u0259rin\u0259\u00a0<strong>\u201cPandemiya il\u0259 ba\u011fl\u0131 maliyy\u0259 d\u0259st\u0259yi proqram\u0131\u201d<\/strong>\u00a0bar\u0259d\u0259 onlar\u0131n \u015f\u0259xsi elektron kabinetin\u0259 bildiri\u015fl\u0259r v\u0259 mobil telefonlar\u0131na SMS-l\u0259r g\u00f6nd\u0259ril\u0259c\u0259k. Vergi \u00f6d\u0259yicil\u0259ri internet vergi idar\u0259sind\u0259 \u015f\u0259xsi kabinetind\u0259 \u201cPandemiya il\u0259 ba\u011fl\u0131 maliyy\u0259 d\u0259st\u0259yi proqram\u0131\u201d b\u00f6lm\u0259sind\u0259n\u00a0<strong>\u201c\u0259m\u0259k \u00f6d\u0259ni\u015fl\u0259ri \u00fczr\u0259 m\u00fcraci\u0259t\u201d alt b\u00f6lm\u0259sin\u0259<\/strong>\u00a0daxil olaraq buradak\u0131 m\u00fcvafiq alt b\u00f6lm\u0259d\u0259 olan m\u00fcraci\u0259t formas\u0131n\u0131 elektron qaydada doldurmal\u0131d\u0131r.<\/p>\n<p>M\u00fcraci\u0259t formas\u0131nda reyestr m\u0259lumatlar\u0131 (vergi \u00f6d\u0259yicisinin ad\u0131, V\u00d6EN-i, bank hesablar\u0131, 1 mart v\u0259 m\u00fcraci\u0259t tarixin\u0259 \u0259m\u0259k m\u00fcqavil\u0259l\u0259ri \u00fczr\u0259 i\u015f\u00e7i saylar\u0131) avtomatik \u0259ks olunacaq. Vergi \u00f6d\u0259yicil\u0259ri m\u00fcraci\u0259td\u0259 pandemiya \u00fczr\u0259\u00a0<strong>z\u0259r\u0259r \u00e7\u0259kmi\u015f f\u0259aliyy\u0259t sah\u0259l\u0259rini, t\u0259s\u0259rr\u00fcfat subyektl\u0259rini (obyektl\u0259rini), z\u0259r\u0259r \u00e7\u0259kmi\u015f sah\u0259 \u00fczr\u0259 i\u015f\u00e7i say\u0131 v\u0259 \u0259m\u0259khaqq\u0131 fondu<\/strong>\u00a0bar\u0259d\u0259 \u0259lav\u0259 m\u0259lumatlar\u0131 \u00f6zl\u0259ri\u00a0<strong>onlayn qaydada<\/strong>\u00a0<strong>doldurmal\u0131d\u0131r.<\/strong>\u00a0Bu m\u0259lumatlar u\u00e7ot baza m\u0259lumatlar\u0131 il\u0259 avtomatik qaydada yoxlan\u0131l\u0131r.<\/p>\n<p>Sistem t\u0259r\u0259find\u0259n\u00a0<strong>uy\u011funsuzluq a\u015fkar edilm\u0259dikd\u0259,<\/strong>\u00a0m\u0259lumatlar avtomatik olaraq q\u0259bul edilir v\u0259 bu bar\u0259d\u0259 vergi \u00f6d\u0259yicisin\u0259 bildiri\u015f g\u00f6nd\u0259rilir.<\/p>\n<p><strong>Qeyd:\u00a0<\/strong>M\u00fcraci\u0259tin yoxlanmas\u0131 zaman\u0131 sistem t\u0259r\u0259find\u0259n\u00a0<strong>uy\u011funsuzluqlar<\/strong>\u00a0a\u015fkar edil\u0259 bil\u0259r. Bu, vergi \u00f6d\u0259yicisinin f\u0259aliyy\u0259t sah\u0259sinin v\u0259 t\u0259s\u0259rr\u00fcfat subyektinin (obyektinin) pandemiya \u00fczr\u0259 z\u0259r\u0259r\u00e7\u0259kmi\u015f sah\u0259y\u0259 uy\u011fun g\u0259lm\u0259m\u0259si, m\u00fcraci\u0259t tarixin\u0259 i\u015f\u00e7i say\u0131nda azalmalar\u0131n olmas\u0131, riskli vergi \u00f6d\u0259yicil\u0259ri il\u0259 \u0259m\u0259liyyatlar\u0131n apar\u0131lmas\u0131 kimi hallard\u0131r. Reyestr m\u0259lumatlar\u0131 \u00fczr\u0259 uy\u011funsuzluq aradan qald\u0131r\u0131larsa, vergi \u00f6d\u0259yicisin\u0259 \u015f\u0259xsi kabinet vasit\u0259sil\u0259 onlayn qaydada\u00a0<strong>yenid\u0259n m\u00fcraci\u0259t etm\u0259k<\/strong>\u00a0imkan\u0131 yarad\u0131lacaq.<\/p>\n<p>Vergi \u00f6d\u0259yicil\u0259rin\u0259\u00a0<strong>\u00f6d\u0259m\u0259l\u0259r aprel v\u0259 may aylar\u0131 daxil olmaqla, iki\u00a0m\u0259rh\u0259l\u0259d\u0259 apar\u0131lacaq.<\/strong><\/p>\n<p><strong>X\u00fcsusi qeyd:\u00a0<\/strong>Bank t\u0259r\u0259find\u0259n ayr\u0131lan maliyy\u0259 d\u0259st\u0259yi v\u0259saitinin yaln\u0131z \u0259m\u0259k \u00f6d\u0259ni\u015fl\u0259ri \u00fczr\u0259 k\u00f6\u00e7\u00fcr\u00fclm\u0259sin\u0259 icaz\u0259 verilir. Vergi \u00f6d\u0259yicil\u0259ri bu v\u0259saitl\u0259rd\u0259n h\u0259r hans\u0131 dig\u0259r m\u0259qs\u0259dl\u0259r \u00fc\u00e7\u00fcn istifad\u0259 ed\u0259 bilm\u0259zl\u0259r v\u0259 bu m\u0259s\u0259l\u0259y\u0259 ciddi n\u0259zar\u0259t olunacaq.<\/p>\n<p>Muzdlu i\u015f\u00e7il\u0259rin \u0259m\u0259khaqq\u0131n\u0131n m\u00fc\u0259yy\u0259n hiss\u0259sinin \u00f6d\u0259nilm\u0259si zaman\u0131 \u00f6lk\u0259 \u00fczr\u0259\u00a0<strong>orta ayl\u0131q \u0259m\u0259khaqq\u0131<\/strong>\u00a0<strong>(712 manat)<\/strong>\u00a0\u0259sas meyar olaraq g\u00f6t\u00fcr\u00fcl\u0259c\u0259k. \u018fg\u0259r m\u00fc\u0259ssis\u0259d\u0259 \u00e7al\u0131\u015fan i\u015f\u00e7il\u0259rin bir qismi orta ayl\u0131q \u0259m\u0259khaqq\u0131ndan daha yuxar\u0131 \u0259m\u0259khaqq\u0131 al\u0131rsa, o zaman onlara kompensasiyalar orta ayl\u0131q \u0259m\u0259khaqq\u0131 h\u0259ddini a\u015fmamaq \u015f\u0259rtil\u0259 hesablanacaq.<\/p>\n<p>Maliyy\u0259 v\u0259saitl\u0259rinin ayr\u0131ld\u0131\u011f\u0131 vergi \u00f6d\u0259yicil\u0259ri bar\u0259d\u0259 m\u0259lumatlar \u0130qtisadiyyat Nazirliyinin v\u0259 onun qurumlar\u0131n\u0131n internet resurslar\u0131 v\u0259 K\u0130V-l\u0259r vasit\u0259sil\u0259 ictimaiyy\u0259t\u0259 \u00e7atd\u0131r\u0131lacaq.<\/p>\n<p><strong>Pandemiyadan z\u0259r\u0259r \u00e7\u0259kmi\u015f sah\u0259l\u0259rd\u0259 f\u0259aliyy\u0259t g\u00f6st\u0259r\u0259n f\u0259rdi (mikro) sahibkarlara maliyy\u0259 d\u0259st\u0259yinin g\u00f6st\u0259rilm\u0259si mexanizmi \u00e7\u0259r\u00e7iv\u0259sind\u0259:<\/strong><\/p>\n<p>Bu mexanizm \u00e7\u0259r\u00e7iv\u0259sind\u0259 pandemiyan\u0131n z\u0259r\u0259r vurdu\u011fu f\u0259aliyy\u0259t sah\u0259l\u0259rind\u0259 sahibkarl\u0131q f\u0259aliyy\u0259ti g\u00f6st\u0259r\u0259n 300 min f\u0259rdi sahibkara d\u00f6vl\u0259t t\u0259r\u0259find\u0259n 80 milyon manat h\u0259cmind\u0259 maliyy\u0259 d\u0259st\u0259yinin g\u00f6st\u0259rilm\u0259si n\u0259z\u0259rd\u0259 tutulur.<\/p>\n<p>Bu maliyy\u0259 yard\u0131m\u0131 2019-cu ild\u0259 vergil\u0259rini, m\u0259cburi d\u00f6vl\u0259t sosial s\u0131\u011forta haqlar\u0131n\u0131 v\u0259 i\u015fsizlikd\u0259n s\u0131\u011forta haqlar\u0131n\u0131 \u00f6d\u0259mi\u015f vergi \u00f6d\u0259yicil\u0259rin\u0259 \u015famil edil\u0259c\u0259k. Maliyy\u0259 d\u0259st\u0259yinin m\u00fcmk\u00fcn q\u0259d\u0259r q\u0131sa m\u00fcdd\u0259t \u0259rzind\u0259 g\u00f6st\u0259rilm\u0259sini t\u0259min etm\u0259k \u00fc\u00e7\u00fcn f\u0259rdi sahibkarlar \u0130nternet Vergi \u0130dar\u0259sind\u0259 (<a href=\"http:\/\/www.e-taxes.gov.az\/\">www.e-taxes.gov.az<\/a>) m\u00f6vcud olan elektron kabinetl\u0259ri vasit\u0259sil\u0259 m\u00fcraci\u0259t t\u0259qdim edir v\u0259 d\u00f6vl\u0259t b\u00fcdc\u0259sind\u0259n ayr\u0131lan v\u0259saitl\u0259r h\u0259min f\u0259rdi sahibkarlar\u0131n bank hesablar\u0131na k\u00f6\u00e7\u00fcr\u00fcl\u00fcr.<\/p>\n<p><strong>V\u0259saitl\u0259rin \u00f6d\u0259nilm\u0259si a\u015fa\u011f\u0131dak\u0131 qaydada h\u0259yata ke\u00e7iril\u0259c\u0259k:<\/strong><\/p>\n<p>Qeydiyyatda olan b\u00fct\u00fcn vergi \u00f6d\u0259yicil\u0259rin\u0259 \u201cPandemiya il\u0259 ba\u011fl\u0131 maliyy\u0259 d\u0259st\u0259yi\u00a0 proqram\u0131\u201d bar\u0259d\u0259 onlar\u0131n \u015f\u0259xsi elektron kabinetin\u0259 bildiri\u015fl\u0259r v\u0259 mobil telefonlar\u0131na SMS-l\u0259r g\u00f6nd\u0259ril\u0259c\u0259k.<\/p>\n<p>Vergi \u00f6d\u0259yicil\u0259ri internet vergi idar\u0259sind\u0259 \u015f\u0259xsi kabinetind\u0259 \u201cPandemiya il\u0259 ba\u011fl\u0131 maliyy\u0259 d\u0259st\u0259yi proqram\u0131\u201d b\u00f6lm\u0259sind\u0259n\u00a0<strong>\u201cf\u0259rdi sahibkarlara \u00f6d\u0259ni\u015fl\u0259r \u00fczr\u0259 m\u00fcraci\u0259t\u201d alt b\u00f6lm\u0259sin\u0259<\/strong>\u00a0daxil olaraq, buradak\u0131 m\u00fcvafiq alt b\u00f6lm\u0259d\u0259 elektron qaydada m\u00fcraci\u0259t formas\u0131n\u0131 doldurmal\u0131d\u0131r.<\/p>\n<p>M\u00fcraci\u0259t formas\u0131nda reyestr m\u0259lumatlar\u0131 (vergi \u00f6d\u0259yicisinin ad\u0131, V\u00d6EN-i, f\u0259aliyy\u0259t sah\u0259l\u0259ri, bank hesablar\u0131, 2019-cu il \u0259rzind\u0259 \u00f6d\u0259nilmi\u015f vergil\u0259r) avtomatik \u0259ks olunacaq.<\/p>\n<p>Vergi \u00f6d\u0259yicil\u0259ri m\u00fcraci\u0259td\u0259 \u00f6z vergi rejimi\u00a0<strong>(2 faiz sad\u0259l\u0259\u015fdirilmi\u015f vergi \u00f6d\u0259yicisi olmas\u0131, sabit q\u0259bz almaqla f\u0259aliyy\u0259t g\u00f6st\u0259rm\u0259si, da\u015f\u0131ma f\u0259aliyy\u0259ti il\u0259 m\u0259\u015f\u011ful olmas\u0131 v\u0259 ya g\u0259lir vergisinin \u00f6d\u0259yicisi (mikro) olmas\u0131)<\/strong>\u00a0bar\u0259d\u0259 m\u0259lumatlar\u0131\u00a0<strong>onlayn qaydada doldurmal\u0131d\u0131rlar.<\/strong>\u00a0Bu m\u0259lumatlar u\u00e7ot baza m\u0259lumatlar\u0131 il\u0259 avtomatik qaydada yoxlan\u0131l\u0131r.<\/p>\n<p>Sistem t\u0259r\u0259find\u0259n\u00a0<strong>uy\u011funsuzluq a\u015fkar edilm\u0259dikd\u0259<\/strong>\u00a0m\u0259lumatlar avtomatik olaraq q\u0259bul edilir v\u0259 vergi \u00f6d\u0259yicisin\u0259 bu bar\u0259d\u0259 bildiri\u015f g\u00f6nd\u0259rilir.<\/p>\n<p><strong>Qeyd:\u00a0<\/strong>M\u00fcraci\u0259tin yoxlanmas\u0131 zaman\u0131 sistem t\u0259r\u0259find\u0259n\u00a0<strong>uy\u011funsuzluqlar<\/strong>\u00a0a\u015fkar edil\u0259 bil\u0259r. Bu, vergi \u00f6d\u0259yicisinin se\u00e7diyi vergi rejiminin m\u0259lumat bazas\u0131nda m\u00f6vcud vergi rejimin\u0259 uy\u011fun g\u0259lm\u0259m\u0259si, vergi \u00f6d\u0259yicisinin f\u0259aliyy\u0259tinin mart ay\u0131ndan \u0259vv\u0259l dayand\u0131r\u0131lm\u0131\u015f olmas\u0131, 2019-cu il \u0259rzind\u0259 b\u00fcdc\u0259y\u0259 vergi \u00f6d\u0259m\u0259l\u0259ri aparmamas\u0131, riskli vergi \u00f6d\u0259yicisi il\u0259 \u0259m\u0259liyyat aparmas\u0131 il\u0259 ba\u011fl\u0131 ola bil\u0259r. Bu hallarda vergi \u00f6d\u0259yicisin\u0259 a\u015fkar edilmi\u015f uy\u011funsuzluqlar\u0131 aradan qald\u0131rmaq v\u0259\u00a0<strong>yenid\u0259n m\u00fcraci\u0259t etm\u0259k<\/strong>\u00a0imkan\u0131 veril\u0259c\u0259k.<\/p>\n<p>F\u0259rdi sahibkar olan vergi \u00f6d\u0259yicisinin d\u00f6vl\u0259t b\u00fcdc\u0259sin\u0259 v\u0259 ya\u00a0 b\u00fcdc\u0259d\u0259nk\u0259nar d\u00f6vl\u0259t fondlar\u0131na borcu il\u0259 \u0259laq\u0259dar bank hesablar\u0131nda s\u0259r\u0259ncam oldu\u011fu halda, k\u00f6\u00e7\u00fcr\u00fcl\u0259n v\u0259saitin dondurulmamas\u0131 v\u0259 ya silinm\u0259m\u0259si t\u0259min olunacaq.<\/p>\n<p><strong>F\u0259rdi (mikro) sahibkar\u0131n 2019-cu il \u0259rzind\u0259 d\u00f6vl\u0259t b\u00fcdc\u0259sin\u0259 \u00f6d\u0259ni\u015finin m\u0259bl\u0259\u011fi 250,0 manatdan az oldu\u011fu t\u0259qdird\u0259 ona 250,0 manat m\u0259bl\u0259\u011find\u0259 maliyy\u0259 d\u0259st\u0259yi g\u00f6st\u0259ril\u0259c\u0259k.<\/strong><\/p>\n<p>B\u00fct\u00fcn vergi \u00f6d\u0259yicil\u0259rind\u0259n xahi\u015f olunur ki, \u0130nternet Vergi \u0130dar\u0259sind\u0259\u00a0<u>(<\/u><a href=\"http:\/\/www.e-taxes.gov.az\/\">www.e-taxes.gov.az<\/a><u>)<\/u>\u00a0m\u00f6vcud olan elektron kabinetl\u0259rini m\u00fct\u0259madi qaydada izl\u0259sinl\u0259r.<\/p>\n","protected":false},"excerpt":{"rendered":"<p>Prezident \u0130lham \u018fliyevin\u00a02020-ci il 19 mart tarixli \u201cKoronavirus (COVID-19) pandemiyas\u0131n\u0131n v\u0259 bundan ir\u0259li g\u0259l\u0259r\u0259k, d\u00fcnya enerji v\u0259 s\u0259hm bazarlar\u0131nda ba\u015f ver\u0259n k\u0259skin dal\u011falanmalar\u0131n Az\u0259rbaycan Respublikas\u0131n\u0131n iqtisadiyyat\u0131na, makroiqtisadi sabitliy\u0259, \u00f6lk\u0259d\u0259 m\u0259\u015f\u011fulluq m\u0259s\u0259l\u0259l\u0259rin\u0259 v\u0259 sahibkarl\u0131q subyektl\u0259rin\u0259 m\u0259nfi t\u0259sirinin azald\u0131lmas\u0131 il\u0259 ba\u011fl\u0131 bir s\u0131ra t\u0259dbirl\u0259r haqq\u0131nda\u201d s\u0259r\u0259ncam\u0131n\u0131n 10.2-ci b\u0259ndinin icras\u0131n\u0131 t\u0259min etm\u0259k m\u0259qs\u0259dil\u0259 Nazirl\u0259r Kabineti t\u0259r\u0259find\u0259n 4 aprel 2020-ci ild\u0259 m\u00fcvafiq T\u0259dbirl\u0259r Plan\u0131 t\u0259sdiq edilib. T\u0259dbirl\u0259r Plan\u0131nda icras\u0131 \u0130qtisadiyyat Nazirliyin\u0259 h\u0259val\u0259 edilmi\u015f t\u0259dbirl\u0259rin h\u0259yata ke\u00e7irilm\u0259si \u00fc\u00e7\u00a0m\u0259rh\u0259l\u0259y\u0259 b\u00f6l\u00fcn\u00fcb. \u0130lkin m\u0259rh\u0259l\u0259d\u0259\u00a0pandemiyadan z\u0259r\u0259r \u00e7\u0259kmi\u015f sah\u0259l\u0259rd\u0259 \u00e7al\u0131\u015fan muzdlu i\u015f\u00e7il\u0259rin \u0259m\u0259khaqq\u0131n\u0131n m\u00fc\u0259yy\u0259n hiss\u0259sinin \u00f6d\u0259nilm\u0259si, f\u0259rdi (mikro) sahibkarlara maliyy\u0259&hellip;<\/p>\n","protected":false},"author":2,"featured_media":149696,"comment_status":"closed","ping_status":"closed","sticky":false,"template":"","format":"standard","meta":{"om_disable_all_campaigns":false,"_monsterinsights_skip_tracking":false,"_monsterinsights_sitenote_active":false,"_monsterinsights_sitenote_note":"","_monsterinsights_sitenote_category":0},"categories":[19],"tags":[],"aioseo_notices":[],"gutentor_comment":0,"rttpg_featured_image_url":{"full":["https:\/\/arantv.az\/wp-content\/uploads\/2020\/04\/pul-1.jpg",620,389,false],"landscape":["https:\/\/arantv.az\/wp-content\/uploads\/2020\/04\/pul-1.jpg",620,389,false],"portraits":["https:\/\/arantv.az\/wp-content\/uploads\/2020\/04\/pul-1.jpg",620,389,false],"thumbnail":["https:\/\/arantv.az\/wp-content\/uploads\/2020\/04\/pul-1-150x150.jpg",150,150,true],"medium":["https:\/\/arantv.az\/wp-content\/uploads\/2020\/04\/pul-1-300x188.jpg",300,188,true],"large":["https:\/\/arantv.az\/wp-content\/uploads\/2020\/04\/pul-1.jpg",620,389,false],"1536x1536":["https:\/\/arantv.az\/wp-content\/uploads\/2020\/04\/pul-1.jpg",620,389,false],"2048x2048":["https:\/\/arantv.az\/wp-content\/uploads\/2020\/04\/pul-1.jpg",620,389,false],"post-thumbnail":["https:\/\/arantv.az\/wp-content\/uploads\/2020\/04\/pul-1-240x172.jpg",240,172,true],"advps-thumb-one":["https:\/\/arantv.az\/wp-content\/uploads\/2020\/04\/pul-1.jpg",620,389,false]},"rttpg_author":{"display_name":"V\u00fcsal Rafiqo\u011flu","author_link":"https:\/\/arantv.az\/?author=2"},"rttpg_comment":0,"rttpg_category":"<a href=\"https:\/\/arantv.az\/?cat=19\" rel=\"category\">G\u00fcnd\u0259m<\/a>","rttpg_excerpt":"Prezident \u0130lham \u018fliyevin\u00a02020-ci il 19 mart tarixli \u201cKoronavirus (COVID-19) pandemiyas\u0131n\u0131n v\u0259 bundan ir\u0259li g\u0259l\u0259r\u0259k, d\u00fcnya enerji v\u0259 s\u0259hm bazarlar\u0131nda ba\u015f ver\u0259n k\u0259skin dal\u011falanmalar\u0131n Az\u0259rbaycan Respublikas\u0131n\u0131n iqtisadiyyat\u0131na, makroiqtisadi sabitliy\u0259, \u00f6lk\u0259d\u0259 m\u0259\u015f\u011fulluq m\u0259s\u0259l\u0259l\u0259rin\u0259 v\u0259 sahibkarl\u0131q subyektl\u0259rin\u0259 m\u0259nfi t\u0259sirinin azald\u0131lmas\u0131 il\u0259 ba\u011fl\u0131 bir s\u0131ra t\u0259dbirl\u0259r haqq\u0131nda\u201d s\u0259r\u0259ncam\u0131n\u0131n 10.2-ci b\u0259ndinin icras\u0131n\u0131 t\u0259min etm\u0259k m\u0259qs\u0259dil\u0259 Nazirl\u0259r Kabineti t\u0259r\u0259find\u0259n 4 aprel&hellip;","_links":{"self":[{"href":"https:\/\/arantv.az\/index.php?rest_route=\/wp\/v2\/posts\/149695"}],"collection":[{"href":"https:\/\/arantv.az\/index.php?rest_route=\/wp\/v2\/posts"}],"about":[{"href":"https:\/\/arantv.az\/index.php?rest_route=\/wp\/v2\/types\/post"}],"author":[{"embeddable":true,"href":"https:\/\/arantv.az\/index.php?rest_route=\/wp\/v2\/users\/2"}],"replies":[{"embeddable":true,"href":"https:\/\/arantv.az\/index.php?rest_route=%2Fwp%2Fv2%2Fcomments&post=149695"}],"version-history":[{"count":0,"href":"https:\/\/arantv.az\/index.php?rest_route=\/wp\/v2\/posts\/149695\/revisions"}],"wp:featuredmedia":[{"embeddable":true,"href":"https:\/\/arantv.az\/index.php?rest_route=\/wp\/v2\/media\/149696"}],"wp:attachment":[{"href":"https:\/\/arantv.az\/index.php?rest_route=%2Fwp%2Fv2%2Fmedia&parent=149695"}],"wp:term":[{"taxonomy":"category","embeddable":true,"href":"https:\/\/arantv.az\/index.php?rest_route=%2Fwp%2Fv2%2Fcategories&post=149695"},{"taxonomy":"post_tag","embeddable":true,"href":"https:\/\/arantv.az\/index.php?rest_route=%2Fwp%2Fv2%2Ftags&post=149695"}],"curies":[{"name":"wp","href":"https:\/\/api.w.org\/{rel}","templated":true}]}}