{"id":149711,"date":"2020-04-08T12:28:38","date_gmt":"2020-04-08T09:28:38","guid":{"rendered":"http:\/\/arantv.az\/?p=149711"},"modified":"2020-04-08T12:28:38","modified_gmt":"2020-04-08T09:28:38","slug":"az%c9%99rbaycanli-v%c9%99kil-koronavirusu-m%c9%99hv-ed%c9%99n-elektron-maska-hazirladigini-iddia-edir-video","status":"publish","type":"post","link":"https:\/\/arantv.az\/?p=149711","title":{"rendered":"Az\u0259rbaycanl\u0131 v\u0259kil koronavirusu m\u0259hv ed\u0259n elektron maska haz\u0131rlad\u0131\u011f\u0131n\u0131 iddia edir &#8211; V\u0130DEO"},"content":{"rendered":"<div class=\"article_text\">\n<p>Az\u0259rbaycanda elektron maska ixtira edilib. \u0130xtiran\u0131n m\u00fc\u0259llifi T\u00fcrkel S\u00fcleymanl\u0131 bildirir ki, bu vasit\u0259 t\u0259k viruslardan deyil, h\u0259tta COV\u0130D-19 infeksiyas\u0131ndan da qoruyur. O c\u00fcml\u0259d\u0259n viruslar\u0131 m\u0259hv etm\u0259k g\u00fcc\u00fcn\u0259 malikdir.<\/p>\n<p>Milli.Az x\u0259b\u0259r verir ki, T\u00fcrkel S\u00fcleymanl\u0131 ixtiras\u0131n\u0131 qeydiyyatdan ke\u00e7irm\u0259k \u00fc\u00e7\u00fcn M\u00fc\u0259llif H\u00fcquqlar\u0131 D\u00f6vl\u0259t Agentliyin\u0259 m\u00fcraci\u0259t edib.<\/p>\n<p>Elektron maska telefon kimi \u015farja qoyulur.<\/p>\n<p>&#8220;Mir&#8221; D\u00f6vl\u0259tl\u0259raras\u0131 Televiziya v\u0259 Radio \u015eirk\u0259tinin Az\u0259rbaycan n\u00fcmay\u0259nd\u0259liyinin material\u0131nda bildirilir ki, yeniliyin m\u00fc\u0259llifi riyaziyyat\u00e7\u0131 T\u00fcrkel S\u00fcleymanl\u0131d\u0131r. O, a\u015fa\u011f\u0131da t\u0259qdim etdiyimiz videoda ixtiras\u0131n\u0131n nec\u0259 i\u015fl\u0259diyini g\u00f6st\u0259rir.<br \/>\nS\u00fcleymanl\u0131 s\u00f6z\u00fcged\u0259n ixtiras\u0131 il\u0259 ba\u011fl\u0131 aliml\u0259rd\u0259n m\u0259sl\u0259h\u0259tl\u0259r ald\u0131\u011f\u0131n\u0131 deyir.<\/p>\n<div><\/div>\n<p>Elektron maska \u200b\u200btestd\u0259n ke\u00e7\u0259rs\u0259, k\u00fctl\u0259vi istehsala ba\u015flanacaqd\u0131r.\u00a0(\u00f6lk\u0259.az)<\/p>\n<p>&nbsp;<\/p>\n<p><iframe loading=\"lazy\" src=\"https:\/\/daytube.az\/embed\/94300\" width=\"670\" height=\"400\" frameborder=\"0\" allowfullscreen=\"allowfullscreen\" data-mce-fragment=\"1\"><\/iframe><\/div>\n<div class=\"social-banner\"><\/div>\n","protected":false},"excerpt":{"rendered":"<p>Az\u0259rbaycanda elektron maska ixtira edilib. \u0130xtiran\u0131n m\u00fc\u0259llifi T\u00fcrkel S\u00fcleymanl\u0131 bildirir ki, bu vasit\u0259 t\u0259k viruslardan deyil, h\u0259tta COV\u0130D-19 infeksiyas\u0131ndan da qoruyur. O c\u00fcml\u0259d\u0259n viruslar\u0131 m\u0259hv etm\u0259k g\u00fcc\u00fcn\u0259 malikdir. Milli.Az x\u0259b\u0259r verir ki, T\u00fcrkel S\u00fcleymanl\u0131 ixtiras\u0131n\u0131 qeydiyyatdan ke\u00e7irm\u0259k \u00fc\u00e7\u00fcn M\u00fc\u0259llif H\u00fcquqlar\u0131 D\u00f6vl\u0259t Agentliyin\u0259 m\u00fcraci\u0259t edib. Elektron maska telefon kimi \u015farja qoyulur. &#8220;Mir&#8221; D\u00f6vl\u0259tl\u0259raras\u0131 Televiziya v\u0259 Radio \u015eirk\u0259tinin Az\u0259rbaycan n\u00fcmay\u0259nd\u0259liyinin material\u0131nda bildirilir ki, yeniliyin m\u00fc\u0259llifi riyaziyyat\u00e7\u0131 T\u00fcrkel S\u00fcleymanl\u0131d\u0131r. O, a\u015fa\u011f\u0131da t\u0259qdim etdiyimiz videoda ixtiras\u0131n\u0131n nec\u0259 i\u015fl\u0259diyini g\u00f6st\u0259rir. S\u00fcleymanl\u0131 s\u00f6z\u00fcged\u0259n ixtiras\u0131 il\u0259 ba\u011fl\u0131 aliml\u0259rd\u0259n m\u0259sl\u0259h\u0259tl\u0259r ald\u0131\u011f\u0131n\u0131 deyir. Elektron maska \u200b\u200btestd\u0259n ke\u00e7\u0259rs\u0259, k\u00fctl\u0259vi istehsala&hellip;<\/p>\n","protected":false},"author":2,"featured_media":149712,"comment_status":"closed","ping_status":"closed","sticky":false,"template":"","format":"standard","meta":{"om_disable_all_campaigns":false,"_monsterinsights_skip_tracking":false,"_monsterinsights_sitenote_active":false,"_monsterinsights_sitenote_note":"","_monsterinsights_sitenote_category":0},"categories":[24],"tags":[],"aioseo_notices":[],"gutentor_comment":0,"rttpg_featured_image_url":{"full":["https:\/\/arantv.az\/wp-content\/uploads\/2020\/04\/840042.jpg",800,600,false],"landscape":["https:\/\/arantv.az\/wp-content\/uploads\/2020\/04\/840042.jpg",800,600,false],"portraits":["https:\/\/arantv.az\/wp-content\/uploads\/2020\/04\/840042.jpg",800,600,false],"thumbnail":["https:\/\/arantv.az\/wp-content\/uploads\/2020\/04\/840042-150x150.jpg",150,150,true],"medium":["https:\/\/arantv.az\/wp-content\/uploads\/2020\/04\/840042-300x225.jpg",300,225,true],"large":["https:\/\/arantv.az\/wp-content\/uploads\/2020\/04\/840042.jpg",640,480,false],"1536x1536":["https:\/\/arantv.az\/wp-content\/uploads\/2020\/04\/840042.jpg",800,600,false],"2048x2048":["https:\/\/arantv.az\/wp-content\/uploads\/2020\/04\/840042.jpg",800,600,false],"post-thumbnail":["https:\/\/arantv.az\/wp-content\/uploads\/2020\/04\/840042-240x172.jpg",240,172,true],"advps-thumb-one":["https:\/\/arantv.az\/wp-content\/uploads\/2020\/04\/840042.jpg",800,600,false]},"rttpg_author":{"display_name":"V\u00fcsal Rafiqo\u011flu","author_link":"https:\/\/arantv.az\/?author=2"},"rttpg_comment":0,"rttpg_category":"<a href=\"https:\/\/arantv.az\/?cat=24\" rel=\"category\">Maraql\u0131<\/a>","rttpg_excerpt":"Az\u0259rbaycanda elektron maska ixtira edilib. \u0130xtiran\u0131n m\u00fc\u0259llifi T\u00fcrkel S\u00fcleymanl\u0131 bildirir ki, bu vasit\u0259 t\u0259k viruslardan deyil, h\u0259tta COV\u0130D-19 infeksiyas\u0131ndan da qoruyur. O c\u00fcml\u0259d\u0259n viruslar\u0131 m\u0259hv etm\u0259k g\u00fcc\u00fcn\u0259 malikdir. Milli.Az x\u0259b\u0259r verir ki, T\u00fcrkel S\u00fcleymanl\u0131 ixtiras\u0131n\u0131 qeydiyyatdan ke\u00e7irm\u0259k \u00fc\u00e7\u00fcn M\u00fc\u0259llif H\u00fcquqlar\u0131 D\u00f6vl\u0259t Agentliyin\u0259 m\u00fcraci\u0259t edib. Elektron maska telefon kimi \u015farja qoyulur. &#8220;Mir&#8221; D\u00f6vl\u0259tl\u0259raras\u0131 Televiziya v\u0259 Radio&hellip;","_links":{"self":[{"href":"https:\/\/arantv.az\/index.php?rest_route=\/wp\/v2\/posts\/149711"}],"collection":[{"href":"https:\/\/arantv.az\/index.php?rest_route=\/wp\/v2\/posts"}],"about":[{"href":"https:\/\/arantv.az\/index.php?rest_route=\/wp\/v2\/types\/post"}],"author":[{"embeddable":true,"href":"https:\/\/arantv.az\/index.php?rest_route=\/wp\/v2\/users\/2"}],"replies":[{"embeddable":true,"href":"https:\/\/arantv.az\/index.php?rest_route=%2Fwp%2Fv2%2Fcomments&post=149711"}],"version-history":[{"count":0,"href":"https:\/\/arantv.az\/index.php?rest_route=\/wp\/v2\/posts\/149711\/revisions"}],"wp:featuredmedia":[{"embeddable":true,"href":"https:\/\/arantv.az\/index.php?rest_route=\/wp\/v2\/media\/149712"}],"wp:attachment":[{"href":"https:\/\/arantv.az\/index.php?rest_route=%2Fwp%2Fv2%2Fmedia&parent=149711"}],"wp:term":[{"taxonomy":"category","embeddable":true,"href":"https:\/\/arantv.az\/index.php?rest_route=%2Fwp%2Fv2%2Fcategories&post=149711"},{"taxonomy":"post_tag","embeddable":true,"href":"https:\/\/arantv.az\/index.php?rest_route=%2Fwp%2Fv2%2Ftags&post=149711"}],"curies":[{"name":"wp","href":"https:\/\/api.w.org\/{rel}","templated":true}]}}