{"id":15000,"date":"2018-09-22T15:56:26","date_gmt":"2018-09-22T12:56:26","guid":{"rendered":"http:\/\/arantv.az\/?p=15000"},"modified":"2018-09-22T15:56:26","modified_gmt":"2018-09-22T12:56:26","slug":"deputatin-bu-t%c9%99klifi-turkiy%c9%99d%c9%99-musb%c9%99t-qarsilandi","status":"publish","type":"post","link":"https:\/\/arantv.az\/?p=15000","title":{"rendered":"Deputat\u0131n bu t\u0259klifi T\u00fcrkiy\u0259d\u0259 m\u00fcsb\u0259t qar\u015f\u0131land\u0131"},"content":{"rendered":"<p><strong>Mill\u0259t v\u0259kili Q\u0259nir\u0259 Pa\u015fayeva Yaylada\u011f\u0131 b\u0259l\u0259diyy\u0259 ba\u015f\u00e7\u0131s\u0131 M\u0259hm\u0259d Kalkan il\u0259 g\u00f6r\u00fc\u015f ke\u00e7irib.<\/strong><\/p>\n<p><strong>ARANTV.AZ<\/strong> x\u0259b\u0259r verir ki, g\u00f6r\u00fc\u015f zaman\u0131 mill\u0259t v\u0259kili q\u0259dim Yaylada\u011f\u0131n\u0131 Az\u0259rbaycan b\u00f6lg\u0259l\u0259rind\u0259n biri il\u0259 qarda\u015f olaraq g\u00f6rm\u0259k ist\u0259diyini deyib.<\/p>\n<p>M\u0259hm\u0259d Kalkan qarda\u015f b\u0259l\u0259diyy\u0259l\u0259r m\u0259s\u0259l\u0259si il\u0259 ba\u011fl\u0131 add\u0131mlar\u0131n at\u0131laca\u011f\u0131n\u0131 bildirib.<\/p>\n<div id=\"AdributorNativeVideo0\" class=\"AdributorNativeVideo\"><\/div>\n<p>Deputat h\u0259m\u00e7inin Yaylada\u011f\u0131n\u0131n m\u0259rk\u0259zi k\u00fc\u00e7\u0259l\u0259rind\u0259n birin\u0259 Az\u0259rbaycan v\u0259 m\u0259rk\u0259zi parklar\u0131ndan birin\u0259 Qaraba\u011f ad\u0131n\u0131n veril\u0259c\u0259yin\u0259 inand\u0131\u011f\u0131n\u0131 deyib.<\/p>\n<p>B\u0259l\u0259diyy\u0259 ba\u015f\u00e7\u0131s\u0131 mill\u0259t v\u0259kilinin bu t\u0259klifini d\u0259 m\u00fcsb\u0259t qiym\u0259tl\u0259ndirib.<\/p>\n<p>G\u00f6r\u00fc\u015fd\u0259 Da\u011fl\u0131q Qaraba\u011f problemi, Xocal\u0131 soyq\u0131r\u0131m\u0131, qondarma erm\u0259ni soyq\u0131r\u0131m\u0131 iddialar\u0131 il\u0259 ba\u011fl\u0131 da fikir m\u00fcbadil\u0259si apar\u0131l\u0131b.axar.az<\/p>\n","protected":false},"excerpt":{"rendered":"<p>Mill\u0259t v\u0259kili Q\u0259nir\u0259 Pa\u015fayeva Yaylada\u011f\u0131 b\u0259l\u0259diyy\u0259 ba\u015f\u00e7\u0131s\u0131 M\u0259hm\u0259d Kalkan il\u0259 g\u00f6r\u00fc\u015f ke\u00e7irib. ARANTV.AZ x\u0259b\u0259r verir ki, g\u00f6r\u00fc\u015f zaman\u0131 mill\u0259t v\u0259kili q\u0259dim Yaylada\u011f\u0131n\u0131 Az\u0259rbaycan b\u00f6lg\u0259l\u0259rind\u0259n biri il\u0259 qarda\u015f olaraq g\u00f6rm\u0259k ist\u0259diyini deyib. M\u0259hm\u0259d Kalkan qarda\u015f b\u0259l\u0259diyy\u0259l\u0259r m\u0259s\u0259l\u0259si il\u0259 ba\u011fl\u0131 add\u0131mlar\u0131n at\u0131laca\u011f\u0131n\u0131 bildirib. Deputat h\u0259m\u00e7inin Yaylada\u011f\u0131n\u0131n m\u0259rk\u0259zi k\u00fc\u00e7\u0259l\u0259rind\u0259n birin\u0259 Az\u0259rbaycan v\u0259 m\u0259rk\u0259zi parklar\u0131ndan birin\u0259 Qaraba\u011f ad\u0131n\u0131n veril\u0259c\u0259yin\u0259 inand\u0131\u011f\u0131n\u0131 deyib. B\u0259l\u0259diyy\u0259 ba\u015f\u00e7\u0131s\u0131 mill\u0259t v\u0259kilinin bu t\u0259klifini d\u0259 m\u00fcsb\u0259t qiym\u0259tl\u0259ndirib. G\u00f6r\u00fc\u015fd\u0259 Da\u011fl\u0131q Qaraba\u011f problemi, Xocal\u0131 soyq\u0131r\u0131m\u0131, qondarma erm\u0259ni soyq\u0131r\u0131m\u0131 iddialar\u0131 il\u0259 ba\u011fl\u0131 da fikir m\u00fcbadil\u0259si apar\u0131l\u0131b.axar.az<\/p>\n","protected":false},"author":2,"featured_media":15001,"comment_status":"closed","ping_status":"closed","sticky":false,"template":"","format":"standard","meta":{"om_disable_all_campaigns":false,"_monsterinsights_skip_tracking":false,"_monsterinsights_sitenote_active":false,"_monsterinsights_sitenote_note":"","_monsterinsights_sitenote_category":0},"categories":[1],"tags":[],"aioseo_notices":[],"gutentor_comment":0,"rttpg_featured_image_url":{"full":["https:\/\/arantv.az\/wp-content\/uploads\/2018\/09\/qenire-yayladagi.jpg",500,375,false],"landscape":["https:\/\/arantv.az\/wp-content\/uploads\/2018\/09\/qenire-yayladagi.jpg",500,375,false],"portraits":["https:\/\/arantv.az\/wp-content\/uploads\/2018\/09\/qenire-yayladagi.jpg",500,375,false],"thumbnail":["https:\/\/arantv.az\/wp-content\/uploads\/2018\/09\/qenire-yayladagi-150x150.jpg",150,150,true],"medium":["https:\/\/arantv.az\/wp-content\/uploads\/2018\/09\/qenire-yayladagi-300x225.jpg",300,225,true],"large":["https:\/\/arantv.az\/wp-content\/uploads\/2018\/09\/qenire-yayladagi.jpg",500,375,false],"1536x1536":["https:\/\/arantv.az\/wp-content\/uploads\/2018\/09\/qenire-yayladagi.jpg",500,375,false],"2048x2048":["https:\/\/arantv.az\/wp-content\/uploads\/2018\/09\/qenire-yayladagi.jpg",500,375,false],"post-thumbnail":["https:\/\/arantv.az\/wp-content\/uploads\/2018\/09\/qenire-yayladagi-240x172.jpg",240,172,true],"advps-thumb-one":["https:\/\/arantv.az\/wp-content\/uploads\/2018\/09\/qenire-yayladagi.jpg",500,375,false]},"rttpg_author":{"display_name":"V\u00fcsal Rafiqo\u011flu","author_link":"https:\/\/arantv.az\/?author=2"},"rttpg_comment":0,"rttpg_category":"<a href=\"https:\/\/arantv.az\/?cat=1\" rel=\"category\">C\u0259miyy\u0259t<\/a>","rttpg_excerpt":"Mill\u0259t v\u0259kili Q\u0259nir\u0259 Pa\u015fayeva Yaylada\u011f\u0131 b\u0259l\u0259diyy\u0259 ba\u015f\u00e7\u0131s\u0131 M\u0259hm\u0259d Kalkan il\u0259 g\u00f6r\u00fc\u015f ke\u00e7irib. ARANTV.AZ x\u0259b\u0259r verir ki, g\u00f6r\u00fc\u015f zaman\u0131 mill\u0259t v\u0259kili q\u0259dim Yaylada\u011f\u0131n\u0131 Az\u0259rbaycan b\u00f6lg\u0259l\u0259rind\u0259n biri il\u0259 qarda\u015f olaraq g\u00f6rm\u0259k ist\u0259diyini deyib. M\u0259hm\u0259d Kalkan qarda\u015f b\u0259l\u0259diyy\u0259l\u0259r m\u0259s\u0259l\u0259si il\u0259 ba\u011fl\u0131 add\u0131mlar\u0131n at\u0131laca\u011f\u0131n\u0131 bildirib. Deputat h\u0259m\u00e7inin Yaylada\u011f\u0131n\u0131n m\u0259rk\u0259zi k\u00fc\u00e7\u0259l\u0259rind\u0259n birin\u0259 Az\u0259rbaycan v\u0259 m\u0259rk\u0259zi parklar\u0131ndan birin\u0259 Qaraba\u011f ad\u0131n\u0131n veril\u0259c\u0259yin\u0259&hellip;","_links":{"self":[{"href":"https:\/\/arantv.az\/index.php?rest_route=\/wp\/v2\/posts\/15000"}],"collection":[{"href":"https:\/\/arantv.az\/index.php?rest_route=\/wp\/v2\/posts"}],"about":[{"href":"https:\/\/arantv.az\/index.php?rest_route=\/wp\/v2\/types\/post"}],"author":[{"embeddable":true,"href":"https:\/\/arantv.az\/index.php?rest_route=\/wp\/v2\/users\/2"}],"replies":[{"embeddable":true,"href":"https:\/\/arantv.az\/index.php?rest_route=%2Fwp%2Fv2%2Fcomments&post=15000"}],"version-history":[{"count":0,"href":"https:\/\/arantv.az\/index.php?rest_route=\/wp\/v2\/posts\/15000\/revisions"}],"wp:featuredmedia":[{"embeddable":true,"href":"https:\/\/arantv.az\/index.php?rest_route=\/wp\/v2\/media\/15001"}],"wp:attachment":[{"href":"https:\/\/arantv.az\/index.php?rest_route=%2Fwp%2Fv2%2Fmedia&parent=15000"}],"wp:term":[{"taxonomy":"category","embeddable":true,"href":"https:\/\/arantv.az\/index.php?rest_route=%2Fwp%2Fv2%2Fcategories&post=15000"},{"taxonomy":"post_tag","embeddable":true,"href":"https:\/\/arantv.az\/index.php?rest_route=%2Fwp%2Fv2%2Ftags&post=15000"}],"curies":[{"name":"wp","href":"https:\/\/api.w.org\/{rel}","templated":true}]}}