{"id":150054,"date":"2020-04-10T13:25:50","date_gmt":"2020-04-10T10:25:50","guid":{"rendered":"http:\/\/arantv.az\/?p=150054"},"modified":"2020-04-10T13:25:50","modified_gmt":"2020-04-10T10:25:50","slug":"az%c9%99rbaycan-v%c9%99-ukrayna-arasinda-imzalanan-novb%c9%99ti-sazis-t%c9%99sdiql%c9%99ndi","status":"publish","type":"post","link":"https:\/\/arantv.az\/?p=150054","title":{"rendered":"Az\u0259rbaycan v\u0259 Ukrayna aras\u0131nda imzalanan n\u00f6vb\u0259ti Sazi\u015f t\u0259sdiql\u0259ndi"},"content":{"rendered":"<p>Prezident \u0130lham \u018fliyev &#8220;Az\u0259rbaycan Respublikas\u0131 H\u00f6kum\u0259ti il\u0259 Ukrayna Nazirl\u0259r Kabineti aras\u0131nda diplomatik n\u00fcmay\u0259nd\u0259lik v\u0259 konsulluq m\u00fc\u0259ssis\u0259l\u0259ri \u0259m\u0259kda\u015flar\u0131n\u0131n ail\u0259 \u00fczvl\u0259rinin \u00f6d\u0259ni\u015fli \u0259m\u0259k f\u0259aliyy\u0259ti n\u00f6vl\u0259rini h\u0259yata ke\u00e7irm\u0259l\u0259ri haqq\u0131nda&#8221; Sazi\u015fin t\u0259sdiq edilm\u0259si bar\u0259d\u0259 Qanunu imzalay\u0131b.<\/p>\n<p>Milli.Az\u00a0<a href=\"http:\/\/azertag.az\/\" target=\"_blank\" rel=\"noopener\">AZ\u018fRTAC<\/a>-a istinad\u0259n x\u0259b\u0259r verir ki, s\u0259n\u0259d\u0259 \u0259sas\u0259n, &#8220;Az\u0259rbaycan Respublikas\u0131 H\u00f6kum\u0259ti il\u0259 Ukrayna Nazirl\u0259r Kabineti aras\u0131nda diplomatik n\u00fcmay\u0259nd\u0259lik v\u0259 konsulluq m\u00fc\u0259ssis\u0259l\u0259ri \u0259m\u0259kda\u015flar\u0131n\u0131n ail\u0259 \u00fczvl\u0259rinin \u00f6d\u0259ni\u015fli \u0259m\u0259k f\u0259aliyy\u0259ti n\u00f6vl\u0259rini h\u0259yata ke\u00e7irm\u0259l\u0259ri haqq\u0131nda&#8221; 2020-ci il yanvar\u0131n 31-d\u0259 Kiyev \u015f\u0259h\u0259rind\u0259 imzalanm\u0131\u015f Sazi\u015f t\u0259sdiq edilir.<\/p>\n","protected":false},"excerpt":{"rendered":"<p>Prezident \u0130lham \u018fliyev &#8220;Az\u0259rbaycan Respublikas\u0131 H\u00f6kum\u0259ti il\u0259 Ukrayna Nazirl\u0259r Kabineti aras\u0131nda diplomatik n\u00fcmay\u0259nd\u0259lik v\u0259 konsulluq m\u00fc\u0259ssis\u0259l\u0259ri \u0259m\u0259kda\u015flar\u0131n\u0131n ail\u0259 \u00fczvl\u0259rinin \u00f6d\u0259ni\u015fli \u0259m\u0259k f\u0259aliyy\u0259ti n\u00f6vl\u0259rini h\u0259yata ke\u00e7irm\u0259l\u0259ri haqq\u0131nda&#8221; Sazi\u015fin t\u0259sdiq edilm\u0259si bar\u0259d\u0259 Qanunu imzalay\u0131b. Milli.Az\u00a0AZ\u018fRTAC-a istinad\u0259n x\u0259b\u0259r verir ki, s\u0259n\u0259d\u0259 \u0259sas\u0259n, &#8220;Az\u0259rbaycan Respublikas\u0131 H\u00f6kum\u0259ti il\u0259 Ukrayna Nazirl\u0259r Kabineti aras\u0131nda diplomatik n\u00fcmay\u0259nd\u0259lik v\u0259 konsulluq m\u00fc\u0259ssis\u0259l\u0259ri \u0259m\u0259kda\u015flar\u0131n\u0131n ail\u0259 \u00fczvl\u0259rinin \u00f6d\u0259ni\u015fli \u0259m\u0259k f\u0259aliyy\u0259ti n\u00f6vl\u0259rini h\u0259yata ke\u00e7irm\u0259l\u0259ri haqq\u0131nda&#8221; 2020-ci il yanvar\u0131n 31-d\u0259 Kiyev \u015f\u0259h\u0259rind\u0259 imzalanm\u0131\u015f Sazi\u015f t\u0259sdiq edilir.<\/p>\n","protected":false},"author":2,"featured_media":150055,"comment_status":"closed","ping_status":"closed","sticky":false,"template":"","format":"standard","meta":{"om_disable_all_campaigns":false,"_monsterinsights_skip_tracking":false,"_monsterinsights_sitenote_active":false,"_monsterinsights_sitenote_note":"","_monsterinsights_sitenote_category":0},"categories":[1],"tags":[],"aioseo_notices":[],"gutentor_comment":0,"rttpg_featured_image_url":{"full":["https:\/\/arantv.az\/wp-content\/uploads\/2020\/04\/ilham_aliyev_2020_002-2.jpg",800,550,false],"landscape":["https:\/\/arantv.az\/wp-content\/uploads\/2020\/04\/ilham_aliyev_2020_002-2.jpg",800,550,false],"portraits":["https:\/\/arantv.az\/wp-content\/uploads\/2020\/04\/ilham_aliyev_2020_002-2.jpg",800,550,false],"thumbnail":["https:\/\/arantv.az\/wp-content\/uploads\/2020\/04\/ilham_aliyev_2020_002-2-150x150.jpg",150,150,true],"medium":["https:\/\/arantv.az\/wp-content\/uploads\/2020\/04\/ilham_aliyev_2020_002-2-300x206.jpg",300,206,true],"large":["https:\/\/arantv.az\/wp-content\/uploads\/2020\/04\/ilham_aliyev_2020_002-2.jpg",640,440,false],"1536x1536":["https:\/\/arantv.az\/wp-content\/uploads\/2020\/04\/ilham_aliyev_2020_002-2.jpg",800,550,false],"2048x2048":["https:\/\/arantv.az\/wp-content\/uploads\/2020\/04\/ilham_aliyev_2020_002-2.jpg",800,550,false],"post-thumbnail":["https:\/\/arantv.az\/wp-content\/uploads\/2020\/04\/ilham_aliyev_2020_002-2-240x172.jpg",240,172,true],"advps-thumb-one":["https:\/\/arantv.az\/wp-content\/uploads\/2020\/04\/ilham_aliyev_2020_002-2.jpg",800,550,false]},"rttpg_author":{"display_name":"V\u00fcsal Rafiqo\u011flu","author_link":"https:\/\/arantv.az\/?author=2"},"rttpg_comment":0,"rttpg_category":"<a href=\"https:\/\/arantv.az\/?cat=1\" rel=\"category\">C\u0259miyy\u0259t<\/a>","rttpg_excerpt":"Prezident \u0130lham \u018fliyev &#8220;Az\u0259rbaycan Respublikas\u0131 H\u00f6kum\u0259ti il\u0259 Ukrayna Nazirl\u0259r Kabineti aras\u0131nda diplomatik n\u00fcmay\u0259nd\u0259lik v\u0259 konsulluq m\u00fc\u0259ssis\u0259l\u0259ri \u0259m\u0259kda\u015flar\u0131n\u0131n ail\u0259 \u00fczvl\u0259rinin \u00f6d\u0259ni\u015fli \u0259m\u0259k f\u0259aliyy\u0259ti n\u00f6vl\u0259rini h\u0259yata ke\u00e7irm\u0259l\u0259ri haqq\u0131nda&#8221; Sazi\u015fin t\u0259sdiq edilm\u0259si bar\u0259d\u0259 Qanunu imzalay\u0131b. Milli.Az\u00a0AZ\u018fRTAC-a istinad\u0259n x\u0259b\u0259r verir ki, s\u0259n\u0259d\u0259 \u0259sas\u0259n, &#8220;Az\u0259rbaycan Respublikas\u0131 H\u00f6kum\u0259ti il\u0259 Ukrayna Nazirl\u0259r Kabineti aras\u0131nda diplomatik n\u00fcmay\u0259nd\u0259lik v\u0259 konsulluq m\u00fc\u0259ssis\u0259l\u0259ri \u0259m\u0259kda\u015flar\u0131n\u0131n ail\u0259 \u00fczvl\u0259rinin&hellip;","_links":{"self":[{"href":"https:\/\/arantv.az\/index.php?rest_route=\/wp\/v2\/posts\/150054"}],"collection":[{"href":"https:\/\/arantv.az\/index.php?rest_route=\/wp\/v2\/posts"}],"about":[{"href":"https:\/\/arantv.az\/index.php?rest_route=\/wp\/v2\/types\/post"}],"author":[{"embeddable":true,"href":"https:\/\/arantv.az\/index.php?rest_route=\/wp\/v2\/users\/2"}],"replies":[{"embeddable":true,"href":"https:\/\/arantv.az\/index.php?rest_route=%2Fwp%2Fv2%2Fcomments&post=150054"}],"version-history":[{"count":0,"href":"https:\/\/arantv.az\/index.php?rest_route=\/wp\/v2\/posts\/150054\/revisions"}],"wp:featuredmedia":[{"embeddable":true,"href":"https:\/\/arantv.az\/index.php?rest_route=\/wp\/v2\/media\/150055"}],"wp:attachment":[{"href":"https:\/\/arantv.az\/index.php?rest_route=%2Fwp%2Fv2%2Fmedia&parent=150054"}],"wp:term":[{"taxonomy":"category","embeddable":true,"href":"https:\/\/arantv.az\/index.php?rest_route=%2Fwp%2Fv2%2Fcategories&post=150054"},{"taxonomy":"post_tag","embeddable":true,"href":"https:\/\/arantv.az\/index.php?rest_route=%2Fwp%2Fv2%2Ftags&post=150054"}],"curies":[{"name":"wp","href":"https:\/\/api.w.org\/{rel}","templated":true}]}}