{"id":150058,"date":"2020-04-10T13:28:03","date_gmt":"2020-04-10T10:28:03","guid":{"rendered":"http:\/\/arantv.az\/?p=150058"},"modified":"2020-04-10T13:28:03","modified_gmt":"2020-04-10T10:28:03","slug":"az%c9%99rbaycan-quru-limanlar-haqqinda-hokum%c9%99tl%c9%99rarasi-sazis%c9%99-qosuldu-2","status":"publish","type":"post","link":"https:\/\/arantv.az\/?p=150058","title":{"rendered":"Az\u0259rbaycan \u201cQuru limanlar haqq\u0131nda\u201d H\u00f6kum\u0259tl\u0259raras\u0131 Sazi\u015f\u0259 qo\u015fuldu"},"content":{"rendered":"<p>Prezident \u0130lham \u018fliyev &#8220;Quru limanlar haqq\u0131nda&#8221; H\u00f6kum\u0259tl\u0259raras\u0131 Sazi\u015f\u0259 qo\u015fulmaq bar\u0259d\u0259 Az\u0259rbaycan Respublikas\u0131n\u0131n Qanununu t\u0259sdiql\u0259yib.<\/p>\n<p>ARANTV.AZ\u00a0<a href=\"http:\/\/azertag.az\/\" target=\"_blank\" rel=\"noopener\">AZ\u018fRTAC<\/a>-a istinad\u0259n x\u0259b\u0259r verir ki, s\u0259n\u0259dd\u0259 qeyd edilir ki, Az\u0259rbaycan Respublikas\u0131 2013-c\u00fc il noyabr\u0131n 7-d\u0259 Banqkok \u015f\u0259h\u0259rind\u0259 imzalanm\u0131\u015f &#8220;Quru limanlar haqq\u0131nda&#8221; H\u00f6kum\u0259tl\u0259raras\u0131 Sazi\u015f\u0259 m\u00fcvafiq b\u0259yanatla v\u0259 qeyd-\u015f\u0259rtl\u0259 qo\u015fulsun.<\/p>\n","protected":false},"excerpt":{"rendered":"<p>Prezident \u0130lham \u018fliyev &#8220;Quru limanlar haqq\u0131nda&#8221; H\u00f6kum\u0259tl\u0259raras\u0131 Sazi\u015f\u0259 qo\u015fulmaq bar\u0259d\u0259 Az\u0259rbaycan Respublikas\u0131n\u0131n Qanununu t\u0259sdiql\u0259yib. ARANTV.AZ\u00a0AZ\u018fRTAC-a istinad\u0259n x\u0259b\u0259r verir ki, s\u0259n\u0259dd\u0259 qeyd edilir ki, Az\u0259rbaycan Respublikas\u0131 2013-c\u00fc il noyabr\u0131n 7-d\u0259 Banqkok \u015f\u0259h\u0259rind\u0259 imzalanm\u0131\u015f &#8220;Quru limanlar haqq\u0131nda&#8221; H\u00f6kum\u0259tl\u0259raras\u0131 Sazi\u015f\u0259 m\u00fcvafiq b\u0259yanatla v\u0259 qeyd-\u015f\u0259rtl\u0259 qo\u015fulsun.<\/p>\n","protected":false},"author":2,"featured_media":150059,"comment_status":"closed","ping_status":"closed","sticky":false,"template":"","format":"standard","meta":{"om_disable_all_campaigns":false,"_monsterinsights_skip_tracking":false,"_monsterinsights_sitenote_active":false,"_monsterinsights_sitenote_note":"","_monsterinsights_sitenote_category":0},"categories":[1],"tags":[],"aioseo_notices":[],"gutentor_comment":0,"rttpg_featured_image_url":{"full":["https:\/\/arantv.az\/wp-content\/uploads\/2020\/04\/ilham_aliyev_2020_001.jpg",800,550,false],"landscape":["https:\/\/arantv.az\/wp-content\/uploads\/2020\/04\/ilham_aliyev_2020_001.jpg",800,550,false],"portraits":["https:\/\/arantv.az\/wp-content\/uploads\/2020\/04\/ilham_aliyev_2020_001.jpg",800,550,false],"thumbnail":["https:\/\/arantv.az\/wp-content\/uploads\/2020\/04\/ilham_aliyev_2020_001-150x150.jpg",150,150,true],"medium":["https:\/\/arantv.az\/wp-content\/uploads\/2020\/04\/ilham_aliyev_2020_001-300x206.jpg",300,206,true],"large":["https:\/\/arantv.az\/wp-content\/uploads\/2020\/04\/ilham_aliyev_2020_001.jpg",640,440,false],"1536x1536":["https:\/\/arantv.az\/wp-content\/uploads\/2020\/04\/ilham_aliyev_2020_001.jpg",800,550,false],"2048x2048":["https:\/\/arantv.az\/wp-content\/uploads\/2020\/04\/ilham_aliyev_2020_001.jpg",800,550,false],"post-thumbnail":["https:\/\/arantv.az\/wp-content\/uploads\/2020\/04\/ilham_aliyev_2020_001-240x172.jpg",240,172,true],"advps-thumb-one":["https:\/\/arantv.az\/wp-content\/uploads\/2020\/04\/ilham_aliyev_2020_001.jpg",800,550,false]},"rttpg_author":{"display_name":"V\u00fcsal Rafiqo\u011flu","author_link":"https:\/\/arantv.az\/?author=2"},"rttpg_comment":0,"rttpg_category":"<a href=\"https:\/\/arantv.az\/?cat=1\" rel=\"category\">C\u0259miyy\u0259t<\/a>","rttpg_excerpt":"Prezident \u0130lham \u018fliyev &#8220;Quru limanlar haqq\u0131nda&#8221; H\u00f6kum\u0259tl\u0259raras\u0131 Sazi\u015f\u0259 qo\u015fulmaq bar\u0259d\u0259 Az\u0259rbaycan Respublikas\u0131n\u0131n Qanununu t\u0259sdiql\u0259yib. ARANTV.AZ\u00a0AZ\u018fRTAC-a istinad\u0259n x\u0259b\u0259r verir ki, s\u0259n\u0259dd\u0259 qeyd edilir ki, Az\u0259rbaycan Respublikas\u0131 2013-c\u00fc il noyabr\u0131n 7-d\u0259 Banqkok \u015f\u0259h\u0259rind\u0259 imzalanm\u0131\u015f &#8220;Quru limanlar haqq\u0131nda&#8221; H\u00f6kum\u0259tl\u0259raras\u0131 Sazi\u015f\u0259 m\u00fcvafiq b\u0259yanatla v\u0259 qeyd-\u015f\u0259rtl\u0259 qo\u015fulsun.","_links":{"self":[{"href":"https:\/\/arantv.az\/index.php?rest_route=\/wp\/v2\/posts\/150058"}],"collection":[{"href":"https:\/\/arantv.az\/index.php?rest_route=\/wp\/v2\/posts"}],"about":[{"href":"https:\/\/arantv.az\/index.php?rest_route=\/wp\/v2\/types\/post"}],"author":[{"embeddable":true,"href":"https:\/\/arantv.az\/index.php?rest_route=\/wp\/v2\/users\/2"}],"replies":[{"embeddable":true,"href":"https:\/\/arantv.az\/index.php?rest_route=%2Fwp%2Fv2%2Fcomments&post=150058"}],"version-history":[{"count":0,"href":"https:\/\/arantv.az\/index.php?rest_route=\/wp\/v2\/posts\/150058\/revisions"}],"wp:featuredmedia":[{"embeddable":true,"href":"https:\/\/arantv.az\/index.php?rest_route=\/wp\/v2\/media\/150059"}],"wp:attachment":[{"href":"https:\/\/arantv.az\/index.php?rest_route=%2Fwp%2Fv2%2Fmedia&parent=150058"}],"wp:term":[{"taxonomy":"category","embeddable":true,"href":"https:\/\/arantv.az\/index.php?rest_route=%2Fwp%2Fv2%2Fcategories&post=150058"},{"taxonomy":"post_tag","embeddable":true,"href":"https:\/\/arantv.az\/index.php?rest_route=%2Fwp%2Fv2%2Ftags&post=150058"}],"curies":[{"name":"wp","href":"https:\/\/api.w.org\/{rel}","templated":true}]}}