{"id":150083,"date":"2020-04-10T14:32:36","date_gmt":"2020-04-10T11:32:36","guid":{"rendered":"http:\/\/arantv.az\/?p=150083"},"modified":"2020-04-10T14:32:36","modified_gmt":"2020-04-10T11:32:36","slug":"emin-haciyev-xalq-iqtidar-birliyi-az%c9%99rbaycanin-sabitliyinin-inkisafinin-qarantidir","status":"publish","type":"post","link":"https:\/\/arantv.az\/?p=150083","title":{"rendered":"Emin Hac\u0131yev: \u201cXalq-iqtidar birliyi Az\u0259rbaycan\u0131n sabitliyinin, inki\u015faf\u0131n\u0131n qarant\u0131d\u0131r\u201d"},"content":{"rendered":"<p>\u201cBu g\u00fcn Az\u0259rbaycan\u0131n dinamik, ard\u0131c\u0131l inki\u015faf\u0131n\u0131n \u0259sas\u0131nda d\u00fc\u015f\u00fcn\u00fclm\u00fc\u015f siyasi q\u0259rarlar dayan\u0131r. D\u00f6vl\u0259timizin ba\u015f\u00e7\u0131s\u0131 c\u0259nab \u0130lham \u018fliyevin m\u00fc\u0259yy\u0259n etdiyi siyasi x\u0259tt, ortaya qoydu\u011fu siyasi irad\u0259 h\u0259r \u015feyd\u0259n \u00f6nc\u0259 Az\u0259rbaycan v\u0259t\u0259nda\u015f\u0131n\u0131n xo\u015fb\u0259xtliyinin, rifah\u0131n\u0131n t\u0259min olunmas\u0131na xidm\u0259t edir. Yeni Az\u0259rbaycan Partiyas\u0131 bu siyasi strategiyan\u0131n m\u00fc\u0259yy\u0259n edilm\u0259si v\u0259 u\u011furla realiz\u0259 olunmas\u0131nda apar\u0131c\u0131 q\u00fcvv\u0259 kimi \u00e7\u0131x\u0131\u015f edir\u201d.<\/p>\n<p>Bunu Yap.org.az sayt\u0131na mill\u0259t v\u0259kili Emin Hac\u0131yev deyib.<\/p>\n<p>E.Hac\u0131yev qeyd edib ki, 1990-c\u0131 ill\u0259rin \u0259vv\u0259ll\u0259rind\u0259 Az\u0259rbaycanda xeyli sayda siyasi partiya, ictimai birlik v\u0259 h\u0259r\u0259katlar m\u00f6vcud idi:<\/p>\n<div id=\"AdviadNativeVideo0\" class=\"AdviadNativeVideo\"><\/div>\n<p>\u201cAncaq bu siyasi q\u00fcvv\u0259l\u0259r ictimaiyy\u0259tin m\u00fctl\u0259q \u0259ks\u0259riyy\u0259tinin d\u0259st\u0259yini qazana bilm\u0259mi\u015fdi. \u00d6lk\u0259 siyasi v\u0259 iqtisadi kataklizml\u0259r, olduqca d\u0259rin b\u00f6hran i\u00e7\u0259risind\u0259 idi, b\u00fct\u00fcn sah\u0259l\u0259rd\u0259 xaos h\u00f6km s\u00fcr\u00fcrd\u00fc, dig\u0259r bir t\u0259r\u0259fd\u0259n c\u0259bh\u0259 x\u0259ttind\u0259ki u\u011fursuzluqlar, erm\u0259nil\u0259rin Az\u0259rbaycan rayonlar\u0131n\u0131 i\u015f\u011fal etm\u0259si, sosial probleml\u0259r, sabitliyin t\u0259min edil\u0259 bilm\u0259m\u0259si yeni siyasi h\u0259r\u0259kat\u0131n \u00f6n\u0259 \u00e7\u0131xmas\u0131n\u0131 v\u0259 prosesl\u0259ri idar\u0259 etm\u0259sini z\u0259ruri edirdi.<\/p>\n<p>H\u0259min d\u00f6vrd\u0259 n\u0259inki \u00f6lk\u0259nin inki\u015faf perspektivi g\u00f6r\u00fcnm\u00fcrd\u00fc, xalq olaraq bir \u0259srd\u0259 ikinci d\u0259f\u0259 qazand\u0131\u011f\u0131m\u0131z m\u00fcst\u0259qilliyi itirm\u0259k t\u0259hl\u00fck\u0259si il\u0259 \u00fcz-\u00fcz\u0259 qalm\u0131\u015fd\u0131q.<\/p>\n<p>Ba\u015fqa s\u00f6zl\u0259, xalq\u0131 \u00f6z \u0259traf\u0131nda birl\u0259\u015fdir\u0259n v\u0259 s\u0259f\u0259rb\u0259r ed\u0259n yeni bir siyasi h\u0259r\u0259kata ehtiyac var idi. Bu h\u0259r\u0259kat\u0131 dahi siyas\u0259t\u00e7i, ulu \u00f6nd\u0259r Heyd\u0259r \u018fliyev yaratd\u0131. Xalq g\u00f6rd\u00fc ki, \u00e7\u0131x\u0131\u015f yolu v\u0259t\u0259nini sev\u0259n dahi liderin hakimiyy\u0259t\u0259 qay\u0131d\u0131\u015f\u0131d\u0131r, \u0259ks halda \u00f6lk\u0259 u\u00e7uruma do\u011fru gedir.<\/p>\n<p>M\u0259hz bu bax\u0131mdan 1992-ci ild\u0259 Nax\u00e7\u0131vanda ulu \u00f6nd\u0259r Heyd\u0259r \u018fliyevin s\u0259drliyi il\u0259 Yeni Az\u0259rbaycan Partiyas\u0131n\u0131n t\u0259sis edilm\u0259si, daha sonra is\u0259 xalq\u0131n t\u0259l\u0259bi il\u0259 ulu \u00f6nd\u0259rin hakimiyy\u0259t\u0259 qay\u0131d\u0131\u015f\u0131 tarixi hadis\u0259 idi.<\/p>\n<p>Biz tarixin sonrak\u0131 m\u0259rh\u0259l\u0259l\u0259rind\u0259 &#8211; \u00f6lk\u0259mizin b\u00fct\u00fcn sah\u0259l\u0259rd\u0259 \u0259ld\u0259 etdiyi u\u011furlara, Az\u0259rbaycan\u0131n d\u00fcnyan\u0131n \u0259n dinamik inki\u015faf ed\u0259n \u00f6lk\u0259l\u0259rind\u0259n birin\u0259, beyn\u0259lxalq siyasi m\u00fcnasib\u0259tl\u0259rd\u0259 m\u00fch\u00fcm aktora \u00e7evrilm\u0259sin\u0259 baxd\u0131qda bu hadis\u0259nin n\u0259 q\u0259d\u0259r tarixi \u0259h\u0259miyy\u0259t k\u0259sb etdiyini g\u00f6r\u00fcr\u00fck\u201d.<\/p>\n<p>Mill\u0259t v\u0259kili bildirib ki, bu g\u00fcn Az\u0259rbaycan \u00e7oxpartiyal\u0131 sistemin, demokratik d\u0259y\u0259rl\u0259rin m\u00f6hk\u0259ml\u0259ndiyi \u00f6lk\u0259l\u0259rd\u0259ndir v\u0259 Az\u0259rbaycan Prezidentinin t\u0259\u015f\u0259bb\u00fcs\u00fc il\u0259 yeni siyasi konfiqurasiya formala\u015f\u0131r:<\/p>\n<p>\u201cBu g\u00fcn d\u00f6vl\u0259timizin ba\u015f\u00e7\u0131s\u0131n\u0131n t\u0259\u015f\u0259bb\u00fcs\u00fc il\u0259 siyasi hakimiyy\u0259t m\u00fcxalif\u0259tl\u0259 dialoqa can at\u0131r, bunu t\u0259\u015fkil edir. Kiml\u0259rs\u0259 bu dialoqdan qa\u00e7\u0131rsa, dem\u0259li, konstruktiv \u0259m\u0259kda\u015fl\u0131qda maraql\u0131 deyil.<\/p>\n<p>Be\u015finci kolonun n\u00fcmay\u0259nd\u0259l\u0259ri xaricd\u0259n, Az\u0259rbaycan\u0131n inki\u015faf\u0131n\u0131 ist\u0259m\u0259y\u0259n q\u00fcvv\u0259l\u0259rd\u0259n ald\u0131qlar\u0131 d\u0259st\u0259kl\u0259 Az\u0259rbaycanda t\u0259xribatlar, qar\u015f\u0131durmalar yaratmaqda maraql\u0131d\u0131rlar, bunun \u00fc\u00e7\u00fcn h\u0259r \u015feyi etm\u0259y\u0259 haz\u0131rd\u0131rlar. Amma unudurlar ki, siyasi hakimiyy\u0259ti d\u0259yi\u015fm\u0259yin yolu xalq\u0131n d\u0259st\u0259yind\u0259n, irad\u0259sind\u0259n ke\u00e7ir.<\/p>\n<p>Bu g\u00fcn \u00f6lk\u0259mizd\u0259 m\u00f6vcud olan xalq-iqtidar birliyi Az\u0259rbaycan\u0131n sabitliyinin, inki\u015faf\u0131n\u0131n qarant\u0131d\u0131r. V\u0259 Az\u0259rbaycan d\u00f6vl\u0259ti ist\u0259nil\u0259n v\u0259ziyy\u0259td\u0259 \u00f6z v\u0259t\u0259nda\u015f\u0131n\u0131n yan\u0131ndad\u0131r\u201d.<\/p>\n","protected":false},"excerpt":{"rendered":"<p>\u201cBu g\u00fcn Az\u0259rbaycan\u0131n dinamik, ard\u0131c\u0131l inki\u015faf\u0131n\u0131n \u0259sas\u0131nda d\u00fc\u015f\u00fcn\u00fclm\u00fc\u015f siyasi q\u0259rarlar dayan\u0131r. D\u00f6vl\u0259timizin ba\u015f\u00e7\u0131s\u0131 c\u0259nab \u0130lham \u018fliyevin m\u00fc\u0259yy\u0259n etdiyi siyasi x\u0259tt, ortaya qoydu\u011fu siyasi irad\u0259 h\u0259r \u015feyd\u0259n \u00f6nc\u0259 Az\u0259rbaycan v\u0259t\u0259nda\u015f\u0131n\u0131n xo\u015fb\u0259xtliyinin, rifah\u0131n\u0131n t\u0259min olunmas\u0131na xidm\u0259t edir. Yeni Az\u0259rbaycan Partiyas\u0131 bu siyasi strategiyan\u0131n m\u00fc\u0259yy\u0259n edilm\u0259si v\u0259 u\u011furla realiz\u0259 olunmas\u0131nda apar\u0131c\u0131 q\u00fcvv\u0259 kimi \u00e7\u0131x\u0131\u015f edir\u201d. Bunu Yap.org.az sayt\u0131na mill\u0259t v\u0259kili Emin Hac\u0131yev deyib. E.Hac\u0131yev qeyd edib ki, 1990-c\u0131 ill\u0259rin \u0259vv\u0259ll\u0259rind\u0259 Az\u0259rbaycanda xeyli sayda siyasi partiya, ictimai birlik v\u0259 h\u0259r\u0259katlar m\u00f6vcud idi: \u201cAncaq bu siyasi q\u00fcvv\u0259l\u0259r ictimaiyy\u0259tin m\u00fctl\u0259q \u0259ks\u0259riyy\u0259tinin d\u0259st\u0259yini qazana bilm\u0259mi\u015fdi. \u00d6lk\u0259 siyasi&hellip;<\/p>\n","protected":false},"author":2,"featured_media":150084,"comment_status":"closed","ping_status":"closed","sticky":false,"template":"","format":"standard","meta":{"om_disable_all_campaigns":false,"_monsterinsights_skip_tracking":false,"_monsterinsights_sitenote_active":false,"_monsterinsights_sitenote_note":"","_monsterinsights_sitenote_category":0},"categories":[19],"tags":[],"aioseo_notices":[],"gutentor_comment":0,"rttpg_featured_image_url":{"full":["https:\/\/arantv.az\/wp-content\/uploads\/2020\/04\/emin.jpg",585,465,false],"landscape":["https:\/\/arantv.az\/wp-content\/uploads\/2020\/04\/emin.jpg",585,465,false],"portraits":["https:\/\/arantv.az\/wp-content\/uploads\/2020\/04\/emin.jpg",585,465,false],"thumbnail":["https:\/\/arantv.az\/wp-content\/uploads\/2020\/04\/emin-150x150.jpg",150,150,true],"medium":["https:\/\/arantv.az\/wp-content\/uploads\/2020\/04\/emin-300x238.jpg",300,238,true],"large":["https:\/\/arantv.az\/wp-content\/uploads\/2020\/04\/emin.jpg",585,465,false],"1536x1536":["https:\/\/arantv.az\/wp-content\/uploads\/2020\/04\/emin.jpg",585,465,false],"2048x2048":["https:\/\/arantv.az\/wp-content\/uploads\/2020\/04\/emin.jpg",585,465,false],"post-thumbnail":["https:\/\/arantv.az\/wp-content\/uploads\/2020\/04\/emin-240x172.jpg",240,172,true],"advps-thumb-one":["https:\/\/arantv.az\/wp-content\/uploads\/2020\/04\/emin.jpg",585,465,false]},"rttpg_author":{"display_name":"V\u00fcsal Rafiqo\u011flu","author_link":"https:\/\/arantv.az\/?author=2"},"rttpg_comment":0,"rttpg_category":"<a href=\"https:\/\/arantv.az\/?cat=19\" rel=\"category\">G\u00fcnd\u0259m<\/a>","rttpg_excerpt":"\u201cBu g\u00fcn Az\u0259rbaycan\u0131n dinamik, ard\u0131c\u0131l inki\u015faf\u0131n\u0131n \u0259sas\u0131nda d\u00fc\u015f\u00fcn\u00fclm\u00fc\u015f siyasi q\u0259rarlar dayan\u0131r. D\u00f6vl\u0259timizin ba\u015f\u00e7\u0131s\u0131 c\u0259nab \u0130lham \u018fliyevin m\u00fc\u0259yy\u0259n etdiyi siyasi x\u0259tt, ortaya qoydu\u011fu siyasi irad\u0259 h\u0259r \u015feyd\u0259n \u00f6nc\u0259 Az\u0259rbaycan v\u0259t\u0259nda\u015f\u0131n\u0131n xo\u015fb\u0259xtliyinin, rifah\u0131n\u0131n t\u0259min olunmas\u0131na xidm\u0259t edir. Yeni Az\u0259rbaycan Partiyas\u0131 bu siyasi strategiyan\u0131n m\u00fc\u0259yy\u0259n edilm\u0259si v\u0259 u\u011furla realiz\u0259 olunmas\u0131nda apar\u0131c\u0131 q\u00fcvv\u0259 kimi \u00e7\u0131x\u0131\u015f edir\u201d. Bunu Yap.org.az sayt\u0131na&hellip;","_links":{"self":[{"href":"https:\/\/arantv.az\/index.php?rest_route=\/wp\/v2\/posts\/150083"}],"collection":[{"href":"https:\/\/arantv.az\/index.php?rest_route=\/wp\/v2\/posts"}],"about":[{"href":"https:\/\/arantv.az\/index.php?rest_route=\/wp\/v2\/types\/post"}],"author":[{"embeddable":true,"href":"https:\/\/arantv.az\/index.php?rest_route=\/wp\/v2\/users\/2"}],"replies":[{"embeddable":true,"href":"https:\/\/arantv.az\/index.php?rest_route=%2Fwp%2Fv2%2Fcomments&post=150083"}],"version-history":[{"count":0,"href":"https:\/\/arantv.az\/index.php?rest_route=\/wp\/v2\/posts\/150083\/revisions"}],"wp:featuredmedia":[{"embeddable":true,"href":"https:\/\/arantv.az\/index.php?rest_route=\/wp\/v2\/media\/150084"}],"wp:attachment":[{"href":"https:\/\/arantv.az\/index.php?rest_route=%2Fwp%2Fv2%2Fmedia&parent=150083"}],"wp:term":[{"taxonomy":"category","embeddable":true,"href":"https:\/\/arantv.az\/index.php?rest_route=%2Fwp%2Fv2%2Fcategories&post=150083"},{"taxonomy":"post_tag","embeddable":true,"href":"https:\/\/arantv.az\/index.php?rest_route=%2Fwp%2Fv2%2Ftags&post=150083"}],"curies":[{"name":"wp","href":"https:\/\/api.w.org\/{rel}","templated":true}]}}