{"id":150207,"date":"2020-04-11T10:33:32","date_gmt":"2020-04-11T07:33:32","guid":{"rendered":"http:\/\/arantv.az\/?p=150207"},"modified":"2020-04-11T10:33:32","modified_gmt":"2020-04-11T07:33:32","slug":"audio-virtual-karabakhyuxari-tramp-italiyaya-kom%c9%99k-ucun-gost%c9%99ris-verdi","status":"publish","type":"post","link":"https:\/\/arantv.az\/?p=150207","title":{"rendered":"Audio   Virtual karabakhyuxar\u0131 Tramp \u0130taliyaya k\u00f6m\u0259k \u00fc\u00e7\u00fcn g\u00f6st\u0259ri\u015f verdi"},"content":{"rendered":"<p>AB\u015e Prezidenti Donald Tramp Birl\u0259\u015fmi\u015f \u015etatlar administrasiyas\u0131na \u0130taliyaya koronavirusun yay\u0131lmas\u0131n\u0131n qar\u015f\u0131s\u0131n\u0131n al\u0131nmas\u0131nda k\u00f6m\u0259k g\u00f6st\u0259rilm\u0259si \u00fc\u00e7\u00fcn g\u00f6st\u0259ri\u015f verib.<\/p>\n<p>Bu bar\u0259d\u0259 \u201c\u0130nterfaks\u201d A\u011f Ev\u0259 istinad\u0259n m\u0259lumat yay\u0131b.<\/p>\n<div id=\"AdviadNativeVideo0\" class=\"AdviadNativeVideo\"><\/div>\n<p>AB\u015e-\u0131n yard\u0131m\u0131 \u00e7\u0259r\u00e7iv\u0259sind\u0259 \u0130taliyaya tibbi v\u0259 humanitar yard\u0131m\u0131n\u00a0g\u00f6nd\u0259rilm\u0259si n\u0259z\u0259rd\u0259 tutulub.<\/p>\n<p>Bundan \u0259lav\u0259, q\u0259rara \u0259sas\u0259n, AB\u015e-\u0131n bir ne\u00e7\u0259 naziri \u0130taliyaya, o c\u00fcml\u0259d\u0259n, buradak\u0131 AB\u015e \u0259sg\u0259rl\u0259rin\u0259 k\u00f6m\u0259k g\u00f6st\u0259rilm\u0259si \u00fc\u00e7\u00fcn m\u00fcxt\u0259lif t\u0259dbirl\u0259r g\u00f6rm\u0259lidir.<\/p>\n","protected":false},"excerpt":{"rendered":"<p>AB\u015e Prezidenti Donald Tramp Birl\u0259\u015fmi\u015f \u015etatlar administrasiyas\u0131na \u0130taliyaya koronavirusun yay\u0131lmas\u0131n\u0131n qar\u015f\u0131s\u0131n\u0131n al\u0131nmas\u0131nda k\u00f6m\u0259k g\u00f6st\u0259rilm\u0259si \u00fc\u00e7\u00fcn g\u00f6st\u0259ri\u015f verib. Bu bar\u0259d\u0259 \u201c\u0130nterfaks\u201d A\u011f Ev\u0259 istinad\u0259n m\u0259lumat yay\u0131b. AB\u015e-\u0131n yard\u0131m\u0131 \u00e7\u0259r\u00e7iv\u0259sind\u0259 \u0130taliyaya tibbi v\u0259 humanitar yard\u0131m\u0131n\u00a0g\u00f6nd\u0259rilm\u0259si n\u0259z\u0259rd\u0259 tutulub. Bundan \u0259lav\u0259, q\u0259rara \u0259sas\u0259n, AB\u015e-\u0131n bir ne\u00e7\u0259 naziri \u0130taliyaya, o c\u00fcml\u0259d\u0259n, buradak\u0131 AB\u015e \u0259sg\u0259rl\u0259rin\u0259 k\u00f6m\u0259k g\u00f6st\u0259rilm\u0259si \u00fc\u00e7\u00fcn m\u00fcxt\u0259lif t\u0259dbirl\u0259r g\u00f6rm\u0259lidir.<\/p>\n","protected":false},"author":2,"featured_media":150208,"comment_status":"closed","ping_status":"closed","sticky":false,"template":"","format":"standard","meta":{"om_disable_all_campaigns":false,"_monsterinsights_skip_tracking":false,"_monsterinsights_sitenote_active":false,"_monsterinsights_sitenote_note":"","_monsterinsights_sitenote_category":0},"categories":[7],"tags":[],"aioseo_notices":[],"gutentor_comment":0,"rttpg_featured_image_url":{"full":["https:\/\/arantv.az\/wp-content\/uploads\/2020\/04\/trtrtrt.jpg",620,388,false],"landscape":["https:\/\/arantv.az\/wp-content\/uploads\/2020\/04\/trtrtrt.jpg",620,388,false],"portraits":["https:\/\/arantv.az\/wp-content\/uploads\/2020\/04\/trtrtrt.jpg",620,388,false],"thumbnail":["https:\/\/arantv.az\/wp-content\/uploads\/2020\/04\/trtrtrt-150x150.jpg",150,150,true],"medium":["https:\/\/arantv.az\/wp-content\/uploads\/2020\/04\/trtrtrt-300x188.jpg",300,188,true],"large":["https:\/\/arantv.az\/wp-content\/uploads\/2020\/04\/trtrtrt.jpg",620,388,false],"1536x1536":["https:\/\/arantv.az\/wp-content\/uploads\/2020\/04\/trtrtrt.jpg",620,388,false],"2048x2048":["https:\/\/arantv.az\/wp-content\/uploads\/2020\/04\/trtrtrt.jpg",620,388,false],"post-thumbnail":["https:\/\/arantv.az\/wp-content\/uploads\/2020\/04\/trtrtrt-240x172.jpg",240,172,true],"advps-thumb-one":["https:\/\/arantv.az\/wp-content\/uploads\/2020\/04\/trtrtrt.jpg",620,388,false]},"rttpg_author":{"display_name":"V\u00fcsal Rafiqo\u011flu","author_link":"https:\/\/arantv.az\/?author=2"},"rttpg_comment":0,"rttpg_category":"<a href=\"https:\/\/arantv.az\/?cat=7\" rel=\"category\">D\u00fcnya<\/a>","rttpg_excerpt":"AB\u015e Prezidenti Donald Tramp Birl\u0259\u015fmi\u015f \u015etatlar administrasiyas\u0131na \u0130taliyaya koronavirusun yay\u0131lmas\u0131n\u0131n qar\u015f\u0131s\u0131n\u0131n al\u0131nmas\u0131nda k\u00f6m\u0259k g\u00f6st\u0259rilm\u0259si \u00fc\u00e7\u00fcn g\u00f6st\u0259ri\u015f verib. Bu bar\u0259d\u0259 \u201c\u0130nterfaks\u201d A\u011f Ev\u0259 istinad\u0259n m\u0259lumat yay\u0131b. AB\u015e-\u0131n yard\u0131m\u0131 \u00e7\u0259r\u00e7iv\u0259sind\u0259 \u0130taliyaya tibbi v\u0259 humanitar yard\u0131m\u0131n\u00a0g\u00f6nd\u0259rilm\u0259si n\u0259z\u0259rd\u0259 tutulub. Bundan \u0259lav\u0259, q\u0259rara \u0259sas\u0259n, AB\u015e-\u0131n bir ne\u00e7\u0259 naziri \u0130taliyaya, o c\u00fcml\u0259d\u0259n, buradak\u0131 AB\u015e \u0259sg\u0259rl\u0259rin\u0259 k\u00f6m\u0259k g\u00f6st\u0259rilm\u0259si \u00fc\u00e7\u00fcn m\u00fcxt\u0259lif t\u0259dbirl\u0259r g\u00f6rm\u0259lidir.","_links":{"self":[{"href":"https:\/\/arantv.az\/index.php?rest_route=\/wp\/v2\/posts\/150207"}],"collection":[{"href":"https:\/\/arantv.az\/index.php?rest_route=\/wp\/v2\/posts"}],"about":[{"href":"https:\/\/arantv.az\/index.php?rest_route=\/wp\/v2\/types\/post"}],"author":[{"embeddable":true,"href":"https:\/\/arantv.az\/index.php?rest_route=\/wp\/v2\/users\/2"}],"replies":[{"embeddable":true,"href":"https:\/\/arantv.az\/index.php?rest_route=%2Fwp%2Fv2%2Fcomments&post=150207"}],"version-history":[{"count":0,"href":"https:\/\/arantv.az\/index.php?rest_route=\/wp\/v2\/posts\/150207\/revisions"}],"wp:featuredmedia":[{"embeddable":true,"href":"https:\/\/arantv.az\/index.php?rest_route=\/wp\/v2\/media\/150208"}],"wp:attachment":[{"href":"https:\/\/arantv.az\/index.php?rest_route=%2Fwp%2Fv2%2Fmedia&parent=150207"}],"wp:term":[{"taxonomy":"category","embeddable":true,"href":"https:\/\/arantv.az\/index.php?rest_route=%2Fwp%2Fv2%2Fcategories&post=150207"},{"taxonomy":"post_tag","embeddable":true,"href":"https:\/\/arantv.az\/index.php?rest_route=%2Fwp%2Fv2%2Ftags&post=150207"}],"curies":[{"name":"wp","href":"https:\/\/api.w.org\/{rel}","templated":true}]}}