{"id":150211,"date":"2020-04-11T10:34:39","date_gmt":"2020-04-11T07:34:39","guid":{"rendered":"http:\/\/arantv.az\/?p=150211"},"modified":"2020-04-11T10:34:39","modified_gmt":"2020-04-11T07:34:39","slug":"ilham-%c9%99liyevin-fovq%c9%99lad%c9%99-zirv%c9%99-gorusund%c9%99-verdiyi-mesajlar-s%c9%99rh","status":"publish","type":"post","link":"https:\/\/arantv.az\/?p=150211","title":{"rendered":"\u0130lham \u018fliyevin f\u00f6vq\u0259lad\u0259 Zirv\u0259 g\u00f6r\u00fc\u015f\u00fcnd\u0259 verdiyi mesajlar &#8211; \u015e\u018fRH"},"content":{"rendered":"<p>Aprelin 11-d\u0259 Az\u0259rbaycan Prezidenti, T\u00fcrkdilli D\u00f6vl\u0259tl\u0259rin \u018fm\u0259kda\u015fl\u0131q \u015euras\u0131n\u0131n s\u0259dri \u0130lham \u018fliyevin t\u0259\u015f\u0259bb\u00fcs\u00fc il\u0259 T\u00fcrk \u015euras\u0131n\u0131n videokonfrans vasit\u0259sil\u0259 f\u00f6vq\u0259lad\u0259 Zirv\u0259 g\u00f6r\u00fc\u015f\u00fc ke\u00e7irilib.<\/p>\n<p>Koronavirus pandemiyas\u0131 il\u0259 m\u00fcbariz\u0259 m\u00f6vzusuna h\u0259sr olunan Zirv\u0259 g\u00f6r\u00fc\u015f\u00fcnd\u0259 Prezident \u0130lham \u018fliyevin \u00e7\u0131x\u0131\u015f\u0131nda\u00a0T\u00fcrk \u015euras\u0131na \u00fczv d\u00f6vl\u0259tl\u0259r aras\u0131nda qarda\u015fl\u0131q, h\u0259mr\u0259ylik q\u0131rm\u0131z\u0131 x\u0259tt kimi ke\u00e7di.<\/p>\n<p>\u00d6lk\u0259 ba\u015f\u00e7\u0131s\u0131 \u00fczv d\u00f6vl\u0259tl\u0259r aras\u0131nda qar\u015f\u0131l\u0131ql\u0131 siyasi, iqtisadi, ticari v\u0259 dig\u0259r sah\u0259l\u0259rd\u0259 \u0259m\u0259kda\u015fl\u0131q, \u0259laq\u0259l\u0259ndirm\u0259 v\u0259 koordinasiyan\u0131n m\u00f6hk\u0259m t\u0259m\u0259ll\u0259r \u00fcz\u0259rind\u0259 quruldu\u011funun mesaj\u0131n\u0131 verdi.<\/p>\n<div id=\"AdviadNativeVideo0\" class=\"AdviadNativeVideo\"><\/div>\n<p>Prezidentin T\u00fcrk \u015euras\u0131n\u0131n f\u00f6vq\u0259lad\u0259 Zirv\u0259 g\u00f6r\u00fc\u015f\u00fcn\u00fcn ke\u00e7irilm\u0259sin\u0259 t\u0259\u015f\u0259bb\u00fcs g\u00f6st\u0259rm\u0259si, iclasda verdiyi b\u0259yanat\u0131n m\u0259zmunu \u00f6z\u00fcnd\u0259 m\u00fch\u00fcm qlobal v\u0259 regional \u00e7a\u011f\u0131r\u0131\u015flar\u0131 ehtiva edir.<\/p>\n<p>\u0130lham \u018fliyev deyib ki, bu, bizim n\u00fcmun\u0259vi s\u0259viyy\u0259d\u0259 olan h\u0259mr\u0259yliyimizin n\u00f6vb\u0259ti bariz t\u0259zah\u00fcr\u00fcd\u00fcr.<\/p>\n<p>\u201cBizi birl\u0259\u015fdir\u0259n ortaq soy-k\u00f6k, tarix, m\u0259d\u0259niyy\u0259t v\u0259 milli d\u0259y\u0259rl\u0259r qar\u015f\u0131l\u0131ql\u0131 s\u0259m\u0259r\u0259li f\u0259aliyy\u0259timiz \u00fc\u00e7\u00fcn m\u00fch\u00fcm \u0259sasd\u0131r\u201d, &#8211; dey\u0259\u00a0Prezident \u0259lav\u0259 edib.<\/p>\n<p>D\u00f6vl\u0259t ba\u015f\u00e7\u0131s\u0131n\u0131n Az\u0259rbaycanda koronavirus pandemiyas\u0131na qar\u015f\u0131 g\u00f6r\u00fcl\u0259n t\u0259dbirl\u0259r konsepsiyas\u0131n\u0131n m\u0259zmunu bar\u0259d\u0259 tezisl\u0259ri d\u0259 m\u00fch\u00fcm \u0259h\u0259miyy\u0259t da\u015f\u0131y\u0131rd\u0131.<\/p>\n<p><strong>Koronavirusa qar\u015f\u0131 m\u00fcbariz\u0259d\u0259 Az\u0259rbaycan modeli<\/strong><\/p>\n<p>Prezidentin \u00f6z \u00e7\u0131x\u0131\u015f\u0131nda Az\u0259rbaycanda koronavirusun z\u0259r\u0259r vurdu\u011fu sah\u0259l\u0259rin m\u00fc\u0259yy\u0259n edilm\u0259si v\u0259 itkil\u0259rin minimalla\u015fd\u0131r\u0131lmas\u0131, bank sektorunda kredit faizl\u0259rind\u0259 g\u00fcz\u0259\u015ftl\u0259rin edilm\u0259si haqq\u0131nda \u0259trafl\u0131 m\u0259lumat verm\u0259si d\u00f6vl\u0259tin postpandemiya d\u00f6vr\u00fcn\u0259 haz\u0131rl\u0131q s\u0259viyy\u0259sinin g\u00f6st\u0259ricisidir.<\/p>\n<p>\u0130lham \u018fliyev koronavirusla \u0259laq\u0259dar t\u0259tbiq edil\u0259n x\u00fcsusi karantin rejimin\u0259 g\u00f6r\u0259 300 mind\u0259n \u00e7ox muzdlu i\u015f\u00e7iy\u0259 \u0259m\u0259khaqq\u0131 m\u0259s\u0259l\u0259sind\u0259 yard\u0131m g\u00f6st\u0259ril\u0259c\u0259yini xat\u0131rlatd\u0131, i\u015fsiz statusu olan \u015f\u0259xsl\u0259r\u0259 is\u0259 bird\u0259f\u0259lik \u00f6d\u0259m\u0259 veril\u0259c\u0259yini bir daha b\u0259yan etdi.<\/p>\n<p>Prezidentin beyn\u0259lxalq t\u0259\u015fkilat vasit\u0259sil\u0259 b\u0259yanat\u0131n\u0131n ana x\u0259tti onu g\u00f6st\u0259rdi ki, pandemiyaya baxmayaraq, \u00f6lk\u0259d\u0259 sosial layih\u0259l\u0259rin t\u0259xir\u0259 sal\u0131nmas\u0131ndan s\u00f6hb\u0259t ged\u0259 bilm\u0259z.<\/p>\n<p>\u0130lham \u018fliyev Az\u0259rbaycan \u0259halisinin sa\u011flaml\u0131\u011f\u0131n\u0131n qorunmas\u0131n\u0131n v\u0259 h\u0259yat s\u0259viyy\u0259sinin daha da yax\u015f\u0131la\u015fd\u0131r\u0131lmas\u0131n\u0131n vacib oldu\u011funu \u00f6n plana \u00e7\u0259kdi.<\/p>\n<p>Bu proqramlar d\u00f6vl\u0259tin d\u0259st\u0259yinin yaln\u0131z bir hiss\u0259sidir. Dig\u0259r d\u00f6vl\u0259t d\u0259st\u0259yi mexanizml\u0259ri \u00fcz\u0259rind\u0259 haz\u0131rda i\u015f apar\u0131l\u0131r \u2013 bunu da Prezident toplant\u0131da vur\u011fulay\u0131b.<\/p>\n<p>Koronavirusla m\u00fcbariz\u0259 \u00e7\u0259r\u00e7iv\u0259sind\u0259 h\u00f6kum\u0259tin x\u00fcsusi risk qrupuna daxil olan tibb i\u015f\u00e7il\u0259rin\u0259 diqq\u0259t g\u00f6st\u0259rm\u0259si d\u0259 toplant\u0131 i\u015ftirak\u00e7\u0131lar\u0131n\u0131n diqq\u0259tin\u0259 \u00e7atd\u0131r\u0131ld\u0131.<\/p>\n<p>\u201cH\u0259kiml\u0259rimizin v\u0259 tibb i\u015f\u00e7il\u0259rimizin koronavirusa qar\u015f\u0131 m\u00fcbariz\u0259d\u0259 xidm\u0259tl\u0259rini y\u00fcks\u0259k qiym\u0259tl\u0259ndiririk. Koronavirus x\u0259st\u0259l\u0259rin\u0259 xidm\u0259t g\u00f6st\u0259r\u0259n h\u0259kiml\u0259rin maa\u015f\u0131 3, 4 v\u0259 5 misli m\u0259bl\u0259\u011find\u0259 art\u0131r\u0131l\u0131b. Bu, d\u00f6vl\u0259t t\u0259r\u0259find\u0259n h\u0259kiml\u0259r\u0259 g\u00f6st\u0259ril\u0259n qay\u011f\u0131n\u0131n t\u0259zah\u00fcr\u00fcd\u00fcr\u201d, &#8211; dey\u0259\u00a0Prezident \u0259lav\u0259 edib.<\/p>\n<p>\u0130lham \u018fliyev \u00f6lk\u0259 daxilind\u0259 g\u00f6r\u00fcl\u0259n i\u015fl\u0259rl\u0259 yana\u015f\u0131, Az\u0259rbaycan\u0131n ayr\u0131-ayr\u0131 d\u00f6vl\u0259tl\u0259r\u0259 yard\u0131m g\u00f6st\u0259rdiyini d\u0259 vur\u011fulay\u0131b.<\/p>\n<p><strong>Az\u0259rbaycan iqtisadi m\u0259rk\u0259z kimi<\/strong><\/p>\n<p>Az\u0259rbaycan\u0131n T\u00fcrk \u015euras\u0131na \u00fczv \u00f6lk\u0259l\u0259r \u00fc\u00e7\u00fcn m\u0259rk\u0259zi iqtisadi sima rolunda \u00e7\u0131x\u0131\u015f etm\u0259si \u00f6lk\u0259 qar\u015f\u0131s\u0131nda ticari \u0259laq\u0259l\u0259rd\u0259 d\u0259 \u00e7a\u011f\u0131r\u0131\u015flar qoyur.<\/p>\n<p>Bu m\u0259nada, koronavirus infeksiyas\u0131n\u0131n s\u00fcr\u0259tl\u0259 yay\u0131lmas\u0131na baxmayaraq, Az\u0259rbaycan T\u00fcrkiy\u0259 v\u0259 M\u0259rk\u0259zi Asiya aras\u0131nda etibarl\u0131 tranzit-logistika m\u0259rk\u0259zi kimi \u00f6z roluna m\u0259suliyy\u0259tl\u0259 yana\u015f\u0131b.<\/p>\n<p>\u0130lham \u018fliyev bu sah\u0259d\u0259n d\u0259 dan\u0131\u015faraq, qeyd edib ki, Az\u0259rbaycan tranzit y\u00fckl\u0259rin da\u015f\u0131nmas\u0131 \u00fc\u00e7\u00fcn \u0259lav\u0259 t\u0259dbirl\u0259r g\u00f6r\u00fcb.<\/p>\n<p>\u201cQar\u015f\u0131l\u0131ql\u0131 anla\u015fma v\u0259 \u0259laq\u0259l\u0259ndirm\u0259 \u015f\u0259raitind\u0259 \u00f6lk\u0259l\u0259rimiz aras\u0131nda beyn\u0259lxalq y\u00fckda\u015f\u0131malar\u0131 fasil\u0259siz olaraq h\u0259yata ke\u00e7irilir. Pandemiyan\u0131n m\u0259nfi t\u0259sirl\u0259rin\u0259 baxmayaraq, 2020-ci ilin ilk \u00fc\u00e7 ay\u0131 \u0259rzind\u0259 t\u00fcrkdilli \u00f6lk\u0259l\u0259rd\u0259n 180 min tondan art\u0131q y\u00fck Az\u0259rbaycan vasit\u0259sil\u0259 da\u015f\u0131n\u0131b ki, bu da \u00f6t\u0259n ilin eyni d\u00f6vr\u00fc il\u0259 m\u00fcqayis\u0259d\u0259, 40 min ton \u00e7oxdur\u201d, &#8211; dey\u0259\u00a0Prezident s\u00f6yl\u0259yib.<\/p>\n<p>\u0130lham \u018fliyevin Zirv\u0259 g\u00f6r\u00fc\u015f\u00fcn\u00fcn tribunas\u0131ndan b\u00fct\u00fcn sah\u0259l\u0259ri \u0259hat\u0259 ed\u0259n \u00e7\u0131x\u0131\u015f\u0131n\u0131\u00a0bir c\u00fcml\u0259 il\u0259 ifad\u0259 ets\u0259k dey\u0259 bil\u0259rik: Az\u0259rbaycan h\u00f6kum\u0259ti b\u00fct\u00fcn n\u00f6v probleml\u0259r\u0259 qar\u015f\u0131 \u00f6z\u00fcn\u00fcn iqtisadi resurslar\u0131n\u0131 i\u015f\u0259 salmaq, m\u00f6vcud ehtiyatlar\u0131n\u0131 s\u0259f\u0259rb\u0259r etm\u0259k g\u00fcc\u00fcnd\u0259dir.<\/p>\n","protected":false},"excerpt":{"rendered":"<p>Aprelin 11-d\u0259 Az\u0259rbaycan Prezidenti, T\u00fcrkdilli D\u00f6vl\u0259tl\u0259rin \u018fm\u0259kda\u015fl\u0131q \u015euras\u0131n\u0131n s\u0259dri \u0130lham \u018fliyevin t\u0259\u015f\u0259bb\u00fcs\u00fc il\u0259 T\u00fcrk \u015euras\u0131n\u0131n videokonfrans vasit\u0259sil\u0259 f\u00f6vq\u0259lad\u0259 Zirv\u0259 g\u00f6r\u00fc\u015f\u00fc ke\u00e7irilib. Koronavirus pandemiyas\u0131 il\u0259 m\u00fcbariz\u0259 m\u00f6vzusuna h\u0259sr olunan Zirv\u0259 g\u00f6r\u00fc\u015f\u00fcnd\u0259 Prezident \u0130lham \u018fliyevin \u00e7\u0131x\u0131\u015f\u0131nda\u00a0T\u00fcrk \u015euras\u0131na \u00fczv d\u00f6vl\u0259tl\u0259r aras\u0131nda qarda\u015fl\u0131q, h\u0259mr\u0259ylik q\u0131rm\u0131z\u0131 x\u0259tt kimi ke\u00e7di. \u00d6lk\u0259 ba\u015f\u00e7\u0131s\u0131 \u00fczv d\u00f6vl\u0259tl\u0259r aras\u0131nda qar\u015f\u0131l\u0131ql\u0131 siyasi, iqtisadi, ticari v\u0259 dig\u0259r sah\u0259l\u0259rd\u0259 \u0259m\u0259kda\u015fl\u0131q, \u0259laq\u0259l\u0259ndirm\u0259 v\u0259 koordinasiyan\u0131n m\u00f6hk\u0259m t\u0259m\u0259ll\u0259r \u00fcz\u0259rind\u0259 quruldu\u011funun mesaj\u0131n\u0131 verdi. Prezidentin T\u00fcrk \u015euras\u0131n\u0131n f\u00f6vq\u0259lad\u0259 Zirv\u0259 g\u00f6r\u00fc\u015f\u00fcn\u00fcn ke\u00e7irilm\u0259sin\u0259 t\u0259\u015f\u0259bb\u00fcs g\u00f6st\u0259rm\u0259si, iclasda verdiyi b\u0259yanat\u0131n m\u0259zmunu \u00f6z\u00fcnd\u0259 m\u00fch\u00fcm qlobal v\u0259 regional \u00e7a\u011f\u0131r\u0131\u015flar\u0131 ehtiva edir. \u0130lham \u018fliyev deyib&hellip;<\/p>\n","protected":false},"author":2,"featured_media":150212,"comment_status":"closed","ping_status":"closed","sticky":false,"template":"","format":"standard","meta":{"om_disable_all_campaigns":false,"_monsterinsights_skip_tracking":false,"_monsterinsights_sitenote_active":false,"_monsterinsights_sitenote_note":"","_monsterinsights_sitenote_category":0},"categories":[1],"tags":[],"aioseo_notices":[],"gutentor_comment":0,"rttpg_featured_image_url":{"full":["https:\/\/arantv.az\/wp-content\/uploads\/2020\/04\/15865254946173630362_1000x669.jpg",620,416,false],"landscape":["https:\/\/arantv.az\/wp-content\/uploads\/2020\/04\/15865254946173630362_1000x669.jpg",620,416,false],"portraits":["https:\/\/arantv.az\/wp-content\/uploads\/2020\/04\/15865254946173630362_1000x669.jpg",620,416,false],"thumbnail":["https:\/\/arantv.az\/wp-content\/uploads\/2020\/04\/15865254946173630362_1000x669-150x150.jpg",150,150,true],"medium":["https:\/\/arantv.az\/wp-content\/uploads\/2020\/04\/15865254946173630362_1000x669-300x201.jpg",300,201,true],"large":["https:\/\/arantv.az\/wp-content\/uploads\/2020\/04\/15865254946173630362_1000x669.jpg",620,416,false],"1536x1536":["https:\/\/arantv.az\/wp-content\/uploads\/2020\/04\/15865254946173630362_1000x669.jpg",620,416,false],"2048x2048":["https:\/\/arantv.az\/wp-content\/uploads\/2020\/04\/15865254946173630362_1000x669.jpg",620,416,false],"post-thumbnail":["https:\/\/arantv.az\/wp-content\/uploads\/2020\/04\/15865254946173630362_1000x669-240x172.jpg",240,172,true],"advps-thumb-one":["https:\/\/arantv.az\/wp-content\/uploads\/2020\/04\/15865254946173630362_1000x669.jpg",620,416,false]},"rttpg_author":{"display_name":"V\u00fcsal Rafiqo\u011flu","author_link":"https:\/\/arantv.az\/?author=2"},"rttpg_comment":0,"rttpg_category":"<a href=\"https:\/\/arantv.az\/?cat=1\" rel=\"category\">C\u0259miyy\u0259t<\/a>","rttpg_excerpt":"Aprelin 11-d\u0259 Az\u0259rbaycan Prezidenti, T\u00fcrkdilli D\u00f6vl\u0259tl\u0259rin \u018fm\u0259kda\u015fl\u0131q \u015euras\u0131n\u0131n s\u0259dri \u0130lham \u018fliyevin t\u0259\u015f\u0259bb\u00fcs\u00fc il\u0259 T\u00fcrk \u015euras\u0131n\u0131n videokonfrans vasit\u0259sil\u0259 f\u00f6vq\u0259lad\u0259 Zirv\u0259 g\u00f6r\u00fc\u015f\u00fc ke\u00e7irilib. Koronavirus pandemiyas\u0131 il\u0259 m\u00fcbariz\u0259 m\u00f6vzusuna h\u0259sr olunan Zirv\u0259 g\u00f6r\u00fc\u015f\u00fcnd\u0259 Prezident \u0130lham \u018fliyevin \u00e7\u0131x\u0131\u015f\u0131nda\u00a0T\u00fcrk \u015euras\u0131na \u00fczv d\u00f6vl\u0259tl\u0259r aras\u0131nda qarda\u015fl\u0131q, h\u0259mr\u0259ylik q\u0131rm\u0131z\u0131 x\u0259tt kimi ke\u00e7di. \u00d6lk\u0259 ba\u015f\u00e7\u0131s\u0131 \u00fczv d\u00f6vl\u0259tl\u0259r aras\u0131nda qar\u015f\u0131l\u0131ql\u0131 siyasi, iqtisadi, ticari v\u0259 dig\u0259r&hellip;","_links":{"self":[{"href":"https:\/\/arantv.az\/index.php?rest_route=\/wp\/v2\/posts\/150211"}],"collection":[{"href":"https:\/\/arantv.az\/index.php?rest_route=\/wp\/v2\/posts"}],"about":[{"href":"https:\/\/arantv.az\/index.php?rest_route=\/wp\/v2\/types\/post"}],"author":[{"embeddable":true,"href":"https:\/\/arantv.az\/index.php?rest_route=\/wp\/v2\/users\/2"}],"replies":[{"embeddable":true,"href":"https:\/\/arantv.az\/index.php?rest_route=%2Fwp%2Fv2%2Fcomments&post=150211"}],"version-history":[{"count":0,"href":"https:\/\/arantv.az\/index.php?rest_route=\/wp\/v2\/posts\/150211\/revisions"}],"wp:featuredmedia":[{"embeddable":true,"href":"https:\/\/arantv.az\/index.php?rest_route=\/wp\/v2\/media\/150212"}],"wp:attachment":[{"href":"https:\/\/arantv.az\/index.php?rest_route=%2Fwp%2Fv2%2Fmedia&parent=150211"}],"wp:term":[{"taxonomy":"category","embeddable":true,"href":"https:\/\/arantv.az\/index.php?rest_route=%2Fwp%2Fv2%2Fcategories&post=150211"},{"taxonomy":"post_tag","embeddable":true,"href":"https:\/\/arantv.az\/index.php?rest_route=%2Fwp%2Fv2%2Ftags&post=150211"}],"curies":[{"name":"wp","href":"https:\/\/api.w.org\/{rel}","templated":true}]}}