{"id":150237,"date":"2020-04-11T10:55:04","date_gmt":"2020-04-11T07:55:04","guid":{"rendered":"http:\/\/arantv.az\/?p=150237"},"modified":"2020-04-11T10:55:04","modified_gmt":"2020-04-11T07:55:04","slug":"axtarisda-olan-az%c9%99rbaycan-v%c9%99t%c9%99ndasi-ukraynada-saxlanildi","status":"publish","type":"post","link":"https:\/\/arantv.az\/?p=150237","title":{"rendered":"Axtar\u0131\u015fda olan Az\u0259rbaycan v\u0259t\u0259nda\u015f\u0131 Ukraynada saxlan\u0131ld\u0131"},"content":{"rendered":"<p>Ukraynan\u0131n T\u0259hl\u00fck\u0259sizlik Xidm\u0259tinin \u018fks-K\u0259\u015ffiyyat\u0131n\u0131n \u0259m\u0259kda\u015flar\u0131 Milli Polisl\u0259 birg\u0259 beyn\u0259lxalq axtar\u0131\u015fda olan Az\u0259rbaycan v\u0259t\u0259nda\u015f\u0131 Maqsud Mahmudovu saxlay\u0131b.<\/p>\n<p>Bu bar\u0259d\u0259 d\u00f6vl\u0259t orqan\u0131n\u0131n m\u0259tbuat xidm\u0259ti m\u0259lumat yay\u0131b.<\/p>\n<div id=\"AdviadNativeVideo0\" class=\"AdviadNativeVideo\"><\/div>\n<p>Ukraynan\u0131n T\u0259hl\u00fck\u0259sizlik Xidm\u0259ti bildirib ki, saxlan\u0131lan \u015f\u0259xs d\u0259l\u0259duzluq cinay\u0259ti il\u0259 \u0259laq\u0259dar beyn\u0259lxalq axtar\u0131\u015fa verilib.<\/p>\n<p>&#8220;X\u00fcsusi xidm\u0259t orqan\u0131n\u0131n t\u0259hqiqat\u00e7\u0131lar\u0131 m\u00fc\u0259yy\u0259n edibl\u0259r ki, 51 ya\u015fl\u0131 \u0259cn\u0259bi Ukraynada \u00f6t\u0259n ilin noyabr\u0131ndan gizl\u0259nib. Cinay\u0259tkar paytaxtda yaln\u0131z taksi il\u0259 h\u0259r\u0259k\u0259t edib v\u0259 telefon n\u00f6mr\u0259sini d\u0259yi\u015fib. Ki\u015fi Ukraynada v\u0259t\u0259nda\u015fl\u0131\u011f\u0131n\u0131 leqalla\u015fmaq v\u0259 v\u0259t\u0259nind\u0259 c\u0259zadan qa\u00e7maq \u00fc\u00e7\u00fcn siyasi qa\u00e7q\u0131n statusunu alma\u011fa \u00e7al\u0131\u015f\u0131rd\u0131&#8221;, &#8211; x\u0259b\u0259rd\u0259 deyilir.<\/p>\n<p>Asayi\u015f ke\u015fik\u00e7il\u0259ri t\u0259r\u0259find\u0259n ke\u00e7iril\u0259n operativ axtar\u0131\u015f t\u0259dbirl\u0259ri n\u0259tic\u0259sind\u0259 onun ya\u015fay\u0131\u015f yeri m\u00fc\u0259yy\u0259n edilib. M.Mahmudov paytaxt\u0131n Qoloseevsk rayonunda kiray\u0259 etdiyi m\u0259nzild\u0259 saxlan\u0131l\u0131b. \/ Report<\/p>\n","protected":false},"excerpt":{"rendered":"<p>Ukraynan\u0131n T\u0259hl\u00fck\u0259sizlik Xidm\u0259tinin \u018fks-K\u0259\u015ffiyyat\u0131n\u0131n \u0259m\u0259kda\u015flar\u0131 Milli Polisl\u0259 birg\u0259 beyn\u0259lxalq axtar\u0131\u015fda olan Az\u0259rbaycan v\u0259t\u0259nda\u015f\u0131 Maqsud Mahmudovu saxlay\u0131b. Bu bar\u0259d\u0259 d\u00f6vl\u0259t orqan\u0131n\u0131n m\u0259tbuat xidm\u0259ti m\u0259lumat yay\u0131b. Ukraynan\u0131n T\u0259hl\u00fck\u0259sizlik Xidm\u0259ti bildirib ki, saxlan\u0131lan \u015f\u0259xs d\u0259l\u0259duzluq cinay\u0259ti il\u0259 \u0259laq\u0259dar beyn\u0259lxalq axtar\u0131\u015fa verilib. &#8220;X\u00fcsusi xidm\u0259t orqan\u0131n\u0131n t\u0259hqiqat\u00e7\u0131lar\u0131 m\u00fc\u0259yy\u0259n edibl\u0259r ki, 51 ya\u015fl\u0131 \u0259cn\u0259bi Ukraynada \u00f6t\u0259n ilin noyabr\u0131ndan gizl\u0259nib. Cinay\u0259tkar paytaxtda yaln\u0131z taksi il\u0259 h\u0259r\u0259k\u0259t edib v\u0259 telefon n\u00f6mr\u0259sini d\u0259yi\u015fib. Ki\u015fi Ukraynada v\u0259t\u0259nda\u015fl\u0131\u011f\u0131n\u0131 leqalla\u015fmaq v\u0259 v\u0259t\u0259nind\u0259 c\u0259zadan qa\u00e7maq \u00fc\u00e7\u00fcn siyasi qa\u00e7q\u0131n statusunu alma\u011fa \u00e7al\u0131\u015f\u0131rd\u0131&#8221;, &#8211; x\u0259b\u0259rd\u0259 deyilir. Asayi\u015f ke\u015fik\u00e7il\u0259ri t\u0259r\u0259find\u0259n ke\u00e7iril\u0259n operativ axtar\u0131\u015f t\u0259dbirl\u0259ri n\u0259tic\u0259sind\u0259 onun&hellip;<\/p>\n","protected":false},"author":2,"featured_media":150238,"comment_status":"closed","ping_status":"closed","sticky":false,"template":"","format":"standard","meta":{"om_disable_all_campaigns":false,"_monsterinsights_skip_tracking":false,"_monsterinsights_sitenote_active":false,"_monsterinsights_sitenote_note":"","_monsterinsights_sitenote_category":0},"categories":[5],"tags":[],"aioseo_notices":[],"gutentor_comment":0,"rttpg_featured_image_url":{"full":["https:\/\/arantv.az\/wp-content\/uploads\/2020\/04\/34a44810-15d6-4665-9d4f-aa31b6bb469d.jpg",649,365,false],"landscape":["https:\/\/arantv.az\/wp-content\/uploads\/2020\/04\/34a44810-15d6-4665-9d4f-aa31b6bb469d.jpg",649,365,false],"portraits":["https:\/\/arantv.az\/wp-content\/uploads\/2020\/04\/34a44810-15d6-4665-9d4f-aa31b6bb469d.jpg",649,365,false],"thumbnail":["https:\/\/arantv.az\/wp-content\/uploads\/2020\/04\/34a44810-15d6-4665-9d4f-aa31b6bb469d-150x150.jpg",150,150,true],"medium":["https:\/\/arantv.az\/wp-content\/uploads\/2020\/04\/34a44810-15d6-4665-9d4f-aa31b6bb469d-300x169.jpg",300,169,true],"large":["https:\/\/arantv.az\/wp-content\/uploads\/2020\/04\/34a44810-15d6-4665-9d4f-aa31b6bb469d.jpg",640,360,false],"1536x1536":["https:\/\/arantv.az\/wp-content\/uploads\/2020\/04\/34a44810-15d6-4665-9d4f-aa31b6bb469d.jpg",649,365,false],"2048x2048":["https:\/\/arantv.az\/wp-content\/uploads\/2020\/04\/34a44810-15d6-4665-9d4f-aa31b6bb469d.jpg",649,365,false],"post-thumbnail":["https:\/\/arantv.az\/wp-content\/uploads\/2020\/04\/34a44810-15d6-4665-9d4f-aa31b6bb469d-240x172.jpg",240,172,true],"advps-thumb-one":["https:\/\/arantv.az\/wp-content\/uploads\/2020\/04\/34a44810-15d6-4665-9d4f-aa31b6bb469d.jpg",649,365,false]},"rttpg_author":{"display_name":"V\u00fcsal Rafiqo\u011flu","author_link":"https:\/\/arantv.az\/?author=2"},"rttpg_comment":0,"rttpg_category":"<a href=\"https:\/\/arantv.az\/?cat=5\" rel=\"category\">Hadis\u0259<\/a>","rttpg_excerpt":"Ukraynan\u0131n T\u0259hl\u00fck\u0259sizlik Xidm\u0259tinin \u018fks-K\u0259\u015ffiyyat\u0131n\u0131n \u0259m\u0259kda\u015flar\u0131 Milli Polisl\u0259 birg\u0259 beyn\u0259lxalq axtar\u0131\u015fda olan Az\u0259rbaycan v\u0259t\u0259nda\u015f\u0131 Maqsud Mahmudovu saxlay\u0131b. Bu bar\u0259d\u0259 d\u00f6vl\u0259t orqan\u0131n\u0131n m\u0259tbuat xidm\u0259ti m\u0259lumat yay\u0131b. Ukraynan\u0131n T\u0259hl\u00fck\u0259sizlik Xidm\u0259ti bildirib ki, saxlan\u0131lan \u015f\u0259xs d\u0259l\u0259duzluq cinay\u0259ti il\u0259 \u0259laq\u0259dar beyn\u0259lxalq axtar\u0131\u015fa verilib. &#8220;X\u00fcsusi xidm\u0259t orqan\u0131n\u0131n t\u0259hqiqat\u00e7\u0131lar\u0131 m\u00fc\u0259yy\u0259n edibl\u0259r ki, 51 ya\u015fl\u0131 \u0259cn\u0259bi Ukraynada \u00f6t\u0259n ilin noyabr\u0131ndan gizl\u0259nib. Cinay\u0259tkar paytaxtda&hellip;","_links":{"self":[{"href":"https:\/\/arantv.az\/index.php?rest_route=\/wp\/v2\/posts\/150237"}],"collection":[{"href":"https:\/\/arantv.az\/index.php?rest_route=\/wp\/v2\/posts"}],"about":[{"href":"https:\/\/arantv.az\/index.php?rest_route=\/wp\/v2\/types\/post"}],"author":[{"embeddable":true,"href":"https:\/\/arantv.az\/index.php?rest_route=\/wp\/v2\/users\/2"}],"replies":[{"embeddable":true,"href":"https:\/\/arantv.az\/index.php?rest_route=%2Fwp%2Fv2%2Fcomments&post=150237"}],"version-history":[{"count":0,"href":"https:\/\/arantv.az\/index.php?rest_route=\/wp\/v2\/posts\/150237\/revisions"}],"wp:featuredmedia":[{"embeddable":true,"href":"https:\/\/arantv.az\/index.php?rest_route=\/wp\/v2\/media\/150238"}],"wp:attachment":[{"href":"https:\/\/arantv.az\/index.php?rest_route=%2Fwp%2Fv2%2Fmedia&parent=150237"}],"wp:term":[{"taxonomy":"category","embeddable":true,"href":"https:\/\/arantv.az\/index.php?rest_route=%2Fwp%2Fv2%2Fcategories&post=150237"},{"taxonomy":"post_tag","embeddable":true,"href":"https:\/\/arantv.az\/index.php?rest_route=%2Fwp%2Fv2%2Ftags&post=150237"}],"curies":[{"name":"wp","href":"https:\/\/api.w.org\/{rel}","templated":true}]}}