{"id":150433,"date":"2020-04-12T10:48:17","date_gmt":"2020-04-12T07:48:17","guid":{"rendered":"http:\/\/arantv.az\/?p=150433"},"modified":"2020-04-12T10:48:17","modified_gmt":"2020-04-12T07:48:17","slug":"turkiy%c9%99-m%c9%99tbuati-az%c9%99rbaycanin-d%c9%99st%c9%99yind%c9%99n-yazdi-video","status":"publish","type":"post","link":"https:\/\/arantv.az\/?p=150433","title":{"rendered":"T\u00fcrkiy\u0259 m\u0259tbuat\u0131 Az\u0259rbaycan\u0131n d\u0259st\u0259yind\u0259n yazd\u0131 &#8211; V\u0130DEO"},"content":{"rendered":"<p>T\u00fcrkiy\u0259 m\u0259tbuat\u0131 Az\u0259rbaycan\u0131n bu \u00f6lk\u0259y\u0259 koronavirusla m\u00fcbariz\u0259sin\u0259 d\u0259st\u0259yind\u0259n yaz\u0131b.<\/p>\n<p>\u201cHaberGlobal\u201d\u0131n \u201cFacebook\u201d hesab\u0131nda \u201cT\u0259k mill\u0259t, t\u0259k \u00fcr\u0259k\u201d ba\u015fl\u0131\u011f\u0131 il\u0259 video payla\u015f\u0131l\u0131b.<\/p>\n<p>Videoya bel\u0259 bir \u015f\u0259rh yaz\u0131l\u0131b:<\/p>\n<p>\u201cQarda\u015f Az\u0259rbaycan T\u00fcrkiy\u0259nin koronavirusla m\u00fcbari\u0259zin\u0259 d\u0259st\u0259k verdi. Paytaxt Bak\u0131n\u0131n r\u0259mzi say\u0131lan tikilil\u0259rd\u0259n olan Heyd\u0259r \u018fliyev M\u0259rk\u0259zinin fasad\u0131nda T\u00fcrkiy\u0259 bayra\u011f\u0131 \u0259ks olundu\u201d.<\/p>\n<div><iframe loading=\"lazy\" src=\"https:\/\/www.facebook.com\/plugins\/video.php?href=https%3A%2F%2Fwww.facebook.com%2FHaberGlobal%2Fvideos%2F2263274467315382%2F&amp;show_text=0&amp;width=560\" width=\"560\" height=\"315\" frameborder=\"0\" scrolling=\"no\" allowfullscreen=\"allowfullscreen\" data-mce-fragment=\"1\"><\/iframe><\/div>\n<p>&nbsp;<\/p>\n","protected":false},"excerpt":{"rendered":"<p>T\u00fcrkiy\u0259 m\u0259tbuat\u0131 Az\u0259rbaycan\u0131n bu \u00f6lk\u0259y\u0259 koronavirusla m\u00fcbariz\u0259sin\u0259 d\u0259st\u0259yind\u0259n yaz\u0131b. \u201cHaberGlobal\u201d\u0131n \u201cFacebook\u201d hesab\u0131nda \u201cT\u0259k mill\u0259t, t\u0259k \u00fcr\u0259k\u201d ba\u015fl\u0131\u011f\u0131 il\u0259 video payla\u015f\u0131l\u0131b. Videoya bel\u0259 bir \u015f\u0259rh yaz\u0131l\u0131b: \u201cQarda\u015f Az\u0259rbaycan T\u00fcrkiy\u0259nin koronavirusla m\u00fcbari\u0259zin\u0259 d\u0259st\u0259k verdi. Paytaxt Bak\u0131n\u0131n r\u0259mzi say\u0131lan tikilil\u0259rd\u0259n olan Heyd\u0259r \u018fliyev M\u0259rk\u0259zinin fasad\u0131nda T\u00fcrkiy\u0259 bayra\u011f\u0131 \u0259ks olundu\u201d. &nbsp;<\/p>\n","protected":false},"author":2,"featured_media":150434,"comment_status":"closed","ping_status":"closed","sticky":false,"template":"","format":"standard","meta":{"om_disable_all_campaigns":false,"_monsterinsights_skip_tracking":false,"_monsterinsights_sitenote_active":false,"_monsterinsights_sitenote_note":"","_monsterinsights_sitenote_category":0},"categories":[7],"tags":[],"aioseo_notices":[],"gutentor_comment":0,"rttpg_featured_image_url":{"full":["https:\/\/arantv.az\/wp-content\/uploads\/2020\/04\/turkey.jpg",620,349,false],"landscape":["https:\/\/arantv.az\/wp-content\/uploads\/2020\/04\/turkey.jpg",620,349,false],"portraits":["https:\/\/arantv.az\/wp-content\/uploads\/2020\/04\/turkey.jpg",620,349,false],"thumbnail":["https:\/\/arantv.az\/wp-content\/uploads\/2020\/04\/turkey-150x150.jpg",150,150,true],"medium":["https:\/\/arantv.az\/wp-content\/uploads\/2020\/04\/turkey-300x169.jpg",300,169,true],"large":["https:\/\/arantv.az\/wp-content\/uploads\/2020\/04\/turkey.jpg",620,349,false],"1536x1536":["https:\/\/arantv.az\/wp-content\/uploads\/2020\/04\/turkey.jpg",620,349,false],"2048x2048":["https:\/\/arantv.az\/wp-content\/uploads\/2020\/04\/turkey.jpg",620,349,false],"post-thumbnail":["https:\/\/arantv.az\/wp-content\/uploads\/2020\/04\/turkey-240x172.jpg",240,172,true],"advps-thumb-one":["https:\/\/arantv.az\/wp-content\/uploads\/2020\/04\/turkey.jpg",620,349,false]},"rttpg_author":{"display_name":"V\u00fcsal Rafiqo\u011flu","author_link":"https:\/\/arantv.az\/?author=2"},"rttpg_comment":0,"rttpg_category":"<a href=\"https:\/\/arantv.az\/?cat=7\" rel=\"category\">D\u00fcnya<\/a>","rttpg_excerpt":"T\u00fcrkiy\u0259 m\u0259tbuat\u0131 Az\u0259rbaycan\u0131n bu \u00f6lk\u0259y\u0259 koronavirusla m\u00fcbariz\u0259sin\u0259 d\u0259st\u0259yind\u0259n yaz\u0131b. \u201cHaberGlobal\u201d\u0131n \u201cFacebook\u201d hesab\u0131nda \u201cT\u0259k mill\u0259t, t\u0259k \u00fcr\u0259k\u201d ba\u015fl\u0131\u011f\u0131 il\u0259 video payla\u015f\u0131l\u0131b. Videoya bel\u0259 bir \u015f\u0259rh yaz\u0131l\u0131b: \u201cQarda\u015f Az\u0259rbaycan T\u00fcrkiy\u0259nin koronavirusla m\u00fcbari\u0259zin\u0259 d\u0259st\u0259k verdi. Paytaxt Bak\u0131n\u0131n r\u0259mzi say\u0131lan tikilil\u0259rd\u0259n olan Heyd\u0259r \u018fliyev M\u0259rk\u0259zinin fasad\u0131nda T\u00fcrkiy\u0259 bayra\u011f\u0131 \u0259ks olundu\u201d. &nbsp;","_links":{"self":[{"href":"https:\/\/arantv.az\/index.php?rest_route=\/wp\/v2\/posts\/150433"}],"collection":[{"href":"https:\/\/arantv.az\/index.php?rest_route=\/wp\/v2\/posts"}],"about":[{"href":"https:\/\/arantv.az\/index.php?rest_route=\/wp\/v2\/types\/post"}],"author":[{"embeddable":true,"href":"https:\/\/arantv.az\/index.php?rest_route=\/wp\/v2\/users\/2"}],"replies":[{"embeddable":true,"href":"https:\/\/arantv.az\/index.php?rest_route=%2Fwp%2Fv2%2Fcomments&post=150433"}],"version-history":[{"count":0,"href":"https:\/\/arantv.az\/index.php?rest_route=\/wp\/v2\/posts\/150433\/revisions"}],"wp:featuredmedia":[{"embeddable":true,"href":"https:\/\/arantv.az\/index.php?rest_route=\/wp\/v2\/media\/150434"}],"wp:attachment":[{"href":"https:\/\/arantv.az\/index.php?rest_route=%2Fwp%2Fv2%2Fmedia&parent=150433"}],"wp:term":[{"taxonomy":"category","embeddable":true,"href":"https:\/\/arantv.az\/index.php?rest_route=%2Fwp%2Fv2%2Fcategories&post=150433"},{"taxonomy":"post_tag","embeddable":true,"href":"https:\/\/arantv.az\/index.php?rest_route=%2Fwp%2Fv2%2Ftags&post=150433"}],"curies":[{"name":"wp","href":"https:\/\/api.w.org\/{rel}","templated":true}]}}