{"id":150453,"date":"2020-04-12T16:39:31","date_gmt":"2020-04-12T13:39:31","guid":{"rendered":"http:\/\/arantv.az\/?p=150453"},"modified":"2020-04-12T16:39:31","modified_gmt":"2020-04-12T13:39:31","slug":"bu-gun-katolikl%c9%99r-pasxa-bayramini-qeyd-edirl%c9%99r","status":"publish","type":"post","link":"https:\/\/arantv.az\/?p=150453","title":{"rendered":"Bu g\u00fcn katolikl\u0259r Pasxa bayram\u0131n\u0131 qeyd edirl\u0259r"},"content":{"rendered":"<p><strong>Bu g\u00fcn b\u00fct\u00fcn d\u00fcnyada katolikl\u0259r Pasxa bayram\u0131n\u0131 qeyd edir.<\/strong><\/p>\n<p>Qeyd ed\u0259k ki, haz\u0131rda d\u00fcnyada koronavirus b\u0259las\u0131 ya\u015fand\u0131\u011f\u0131ndan dem\u0259k olar ki, \u0259ks\u0259r \u00f6lk\u0259l\u0259rd\u0259 kils\u0259l\u0259r ba\u011flan\u0131b. Buna g\u00f6r\u0259 d\u0259 xristianlar bu bayram\u0131 evd\u0259 qeyd ed\u0259c\u0259kl\u0259r.<\/p>\n<p>M\u0259s\u0259l\u0259n, katolik \u00f6lk\u0259 olan \u0130taliyada da koronavirus Pasxa \u015f\u0259nlikl\u0259rin\u0259 \u0259ng\u0259l t\u00f6r\u0259dib. Din xadiml\u0259ri v\u0259 ibad\u0259t ed\u0259n insanlar bu \u015f\u0259nlikl\u0259rd\u0259 i\u015ftirak etm\u0259yin yeni yollar\u0131n\u0131 tap\u0131blar.<\/p>\n<p>ARANTV.AZ musavat.com-a istinad\u0259n bildirir ki, B\u00f6y\u00fck Britaniya krali\u00e7as\u0131 II Elizabet is\u0259 Pasxa bayram\u0131 il\u0259 ba\u011fl\u0131 xalqa m\u00fcraci\u0259t edib. Krali\u00e7a s\u0259sli m\u00fcraci\u0259tini kral ail\u0259sinin r\u0259smi &#8220;Twitter&#8221; hesab\u0131ndan payla\u015f\u0131b.<\/p>\n<p>M\u00fcraci\u0259td\u0259 bildirilir: &#8220;\u0130nsanlar \u00f6zl\u0259rini t\u0259crid etdiyind\u0259n bu il Pasxa bayram\u0131 \u00e7oxlar\u0131 \u00fc\u00e7\u00fcn f\u0259rqli olacaq. Lakin Pasxa bayram\u0131n\u0131n ke\u00e7irilm\u0259si l\u0259\u011fv edilm\u0259yib. \u018fksin\u0259, haz\u0131rda bu bayrama he\u00e7 vaxt olmad\u0131\u011f\u0131 q\u0259d\u0259r \u00e7ox ehtiyac\u0131m\u0131z var. Koronavirus biz\u0259 qalib g\u0259l\u0259 bilm\u0259y\u0259c\u0259k&#8221;.<\/p>\n<p>Qeyd ed\u0259k ki, Pasxa xristian dinind\u0259 \u0259n vacib bayram hesab olunur. Bu bayram\u0131n ke\u00e7irilm\u0259 tarixi Nikey kils\u0259si t\u0259r\u0259find\u0259n 325-ci ild\u0259 m\u00fc\u0259yy\u0259nl\u0259\u015fib. \u018fn\u0259n\u0259y\u0259 g\u00f6r\u0259, bayram yaz\u0131n girm\u0259si v\u0259 ay\u0131n b\u0259dirl\u0259nm\u0259sind\u0259n sonrak\u0131 ilk bazar g\u00fcn\u00fc qeyd olunur.<\/p>\n<div><ins id=\"adsGardenCloud0158669871466178\" class=\"adsGardenCloud0158669871466178\" data-ad-client=\"1\" data-ad-slot=\"3420\" data-adsgarden-seen=\"true\" data-adsgarden-status=\"done\"><\/p>\n<div class=\"inpage\">\n<div class=\"inpage-wrap\">\n<div class=\"inpage-bottom\">\n<div class=\"inpage-bottom-left\"><\/div>\n<\/div>\n<\/div>\n<\/div>\n<p><\/ins><\/div>\n<p>Bu ilki katolik Pasxas\u0131 aprelin 12-n\u0259 t\u0259sad\u00fcf edib. Pravoslav xristianlar is\u0259 bu bayram\u0131 bir h\u0259ft\u0259 sonra qeyd ed\u0259c\u0259k.<\/p>\n<p>Xat\u0131rladaq ki, 1977-ci ild\u0259 Roma Papas\u0131 6-c\u0131 Pavel bu bayram\u0131 eyni g\u00fcnd\u0259, aprelin 2-ci bazar g\u00fcn\u00fcnd\u0259 qeyd etm\u0259k \u00fc\u00e7\u00fcn pravoslavlarla raz\u0131l\u0131\u011fa g\u0259lm\u0259y\u0259 c\u0259hd ets\u0259 d\u0259, raz\u0131l\u0131q \u0259ld\u0259 olunmam\u0131\u015fd\u0131.<\/p>\n","protected":false},"excerpt":{"rendered":"<p>Bu g\u00fcn b\u00fct\u00fcn d\u00fcnyada katolikl\u0259r Pasxa bayram\u0131n\u0131 qeyd edir. Qeyd ed\u0259k ki, haz\u0131rda d\u00fcnyada koronavirus b\u0259las\u0131 ya\u015fand\u0131\u011f\u0131ndan dem\u0259k olar ki, \u0259ks\u0259r \u00f6lk\u0259l\u0259rd\u0259 kils\u0259l\u0259r ba\u011flan\u0131b. Buna g\u00f6r\u0259 d\u0259 xristianlar bu bayram\u0131 evd\u0259 qeyd ed\u0259c\u0259kl\u0259r. M\u0259s\u0259l\u0259n, katolik \u00f6lk\u0259 olan \u0130taliyada da koronavirus Pasxa \u015f\u0259nlikl\u0259rin\u0259 \u0259ng\u0259l t\u00f6r\u0259dib. Din xadiml\u0259ri v\u0259 ibad\u0259t ed\u0259n insanlar bu \u015f\u0259nlikl\u0259rd\u0259 i\u015ftirak etm\u0259yin yeni yollar\u0131n\u0131 tap\u0131blar. ARANTV.AZ musavat.com-a istinad\u0259n bildirir ki, B\u00f6y\u00fck Britaniya krali\u00e7as\u0131 II Elizabet is\u0259 Pasxa bayram\u0131 il\u0259 ba\u011fl\u0131 xalqa m\u00fcraci\u0259t edib. Krali\u00e7a s\u0259sli m\u00fcraci\u0259tini kral ail\u0259sinin r\u0259smi &#8220;Twitter&#8221; hesab\u0131ndan payla\u015f\u0131b. M\u00fcraci\u0259td\u0259 bildirilir: &#8220;\u0130nsanlar \u00f6zl\u0259rini t\u0259crid etdiyind\u0259n&hellip;<\/p>\n","protected":false},"author":2,"featured_media":150454,"comment_status":"closed","ping_status":"closed","sticky":false,"template":"","format":"standard","meta":{"om_disable_all_campaigns":false,"_monsterinsights_skip_tracking":false,"_monsterinsights_sitenote_active":false,"_monsterinsights_sitenote_note":"","_monsterinsights_sitenote_category":0},"categories":[24],"tags":[],"aioseo_notices":[],"gutentor_comment":0,"rttpg_featured_image_url":{"full":["https:\/\/arantv.az\/wp-content\/uploads\/2020\/04\/sam_kilse.jpg",800,600,false],"landscape":["https:\/\/arantv.az\/wp-content\/uploads\/2020\/04\/sam_kilse.jpg",800,600,false],"portraits":["https:\/\/arantv.az\/wp-content\/uploads\/2020\/04\/sam_kilse.jpg",800,600,false],"thumbnail":["https:\/\/arantv.az\/wp-content\/uploads\/2020\/04\/sam_kilse-150x150.jpg",150,150,true],"medium":["https:\/\/arantv.az\/wp-content\/uploads\/2020\/04\/sam_kilse-300x225.jpg",300,225,true],"large":["https:\/\/arantv.az\/wp-content\/uploads\/2020\/04\/sam_kilse.jpg",640,480,false],"1536x1536":["https:\/\/arantv.az\/wp-content\/uploads\/2020\/04\/sam_kilse.jpg",800,600,false],"2048x2048":["https:\/\/arantv.az\/wp-content\/uploads\/2020\/04\/sam_kilse.jpg",800,600,false],"post-thumbnail":["https:\/\/arantv.az\/wp-content\/uploads\/2020\/04\/sam_kilse-240x172.jpg",240,172,true],"advps-thumb-one":["https:\/\/arantv.az\/wp-content\/uploads\/2020\/04\/sam_kilse.jpg",800,600,false]},"rttpg_author":{"display_name":"V\u00fcsal Rafiqo\u011flu","author_link":"https:\/\/arantv.az\/?author=2"},"rttpg_comment":0,"rttpg_category":"<a href=\"https:\/\/arantv.az\/?cat=24\" rel=\"category\">Maraql\u0131<\/a>","rttpg_excerpt":"Bu g\u00fcn b\u00fct\u00fcn d\u00fcnyada katolikl\u0259r Pasxa bayram\u0131n\u0131 qeyd edir. Qeyd ed\u0259k ki, haz\u0131rda d\u00fcnyada koronavirus b\u0259las\u0131 ya\u015fand\u0131\u011f\u0131ndan dem\u0259k olar ki, \u0259ks\u0259r \u00f6lk\u0259l\u0259rd\u0259 kils\u0259l\u0259r ba\u011flan\u0131b. Buna g\u00f6r\u0259 d\u0259 xristianlar bu bayram\u0131 evd\u0259 qeyd ed\u0259c\u0259kl\u0259r. M\u0259s\u0259l\u0259n, katolik \u00f6lk\u0259 olan \u0130taliyada da koronavirus Pasxa \u015f\u0259nlikl\u0259rin\u0259 \u0259ng\u0259l t\u00f6r\u0259dib. Din xadiml\u0259ri v\u0259 ibad\u0259t ed\u0259n insanlar bu \u015f\u0259nlikl\u0259rd\u0259 i\u015ftirak etm\u0259yin yeni&hellip;","_links":{"self":[{"href":"https:\/\/arantv.az\/index.php?rest_route=\/wp\/v2\/posts\/150453"}],"collection":[{"href":"https:\/\/arantv.az\/index.php?rest_route=\/wp\/v2\/posts"}],"about":[{"href":"https:\/\/arantv.az\/index.php?rest_route=\/wp\/v2\/types\/post"}],"author":[{"embeddable":true,"href":"https:\/\/arantv.az\/index.php?rest_route=\/wp\/v2\/users\/2"}],"replies":[{"embeddable":true,"href":"https:\/\/arantv.az\/index.php?rest_route=%2Fwp%2Fv2%2Fcomments&post=150453"}],"version-history":[{"count":0,"href":"https:\/\/arantv.az\/index.php?rest_route=\/wp\/v2\/posts\/150453\/revisions"}],"wp:featuredmedia":[{"embeddable":true,"href":"https:\/\/arantv.az\/index.php?rest_route=\/wp\/v2\/media\/150454"}],"wp:attachment":[{"href":"https:\/\/arantv.az\/index.php?rest_route=%2Fwp%2Fv2%2Fmedia&parent=150453"}],"wp:term":[{"taxonomy":"category","embeddable":true,"href":"https:\/\/arantv.az\/index.php?rest_route=%2Fwp%2Fv2%2Fcategories&post=150453"},{"taxonomy":"post_tag","embeddable":true,"href":"https:\/\/arantv.az\/index.php?rest_route=%2Fwp%2Fv2%2Ftags&post=150453"}],"curies":[{"name":"wp","href":"https:\/\/api.w.org\/{rel}","templated":true}]}}