{"id":150560,"date":"2020-04-13T11:45:26","date_gmt":"2020-04-13T08:45:26","guid":{"rendered":"http:\/\/arantv.az\/?p=150560"},"modified":"2020-04-13T11:45:26","modified_gmt":"2020-04-13T08:45:26","slug":"prezident-ilham-%c9%99liyevin-t%c9%99s%c9%99bbusu-il%c9%99-keciril%c9%99n-zirv%c9%99-gorusu-numun%c9%99vi-s%c9%99viyy%c9%99d%c9%99-olan-h%c9%99mr%c9%99yliyimizin-novb%c9%99ti-bariz-t%c9%99zahuru-old","status":"publish","type":"post","link":"https:\/\/arantv.az\/?p=150560","title":{"rendered":"&#8220;Prezident \u0130lham \u018fliyevin t\u0259\u015f\u0259bb\u00fcs\u00fc il\u0259 ke\u00e7iril\u0259n Zirv\u0259 g\u00f6r\u00fc\u015f\u00fc n\u00fcmun\u0259vi s\u0259viyy\u0259d\u0259 olan h\u0259mr\u0259yliyimizin n\u00f6vb\u0259ti bariz t\u0259zah\u00fcr\u00fc oldu&#8221;"},"content":{"rendered":"<blockquote><p><em><strong>T\u00fcrkdilli D\u00f6vl\u0259tl\u0259rin \u018fm\u0259kda\u015fl\u0131q \u015euras\u0131na s\u0259drliyi d\u00f6vr\u00fcnd\u0259 Az\u0259rbaycan d\u00fcnyada t\u0259\u015fkilat\u0131n n\u00fcfuzunun daha da art\u0131r\u0131lmas\u0131, \u00fczv \u00f6lk\u0259l\u0259r aras\u0131nda \u0259m\u0259kda\u015fl\u0131q \u0259laq\u0259l\u0259rinin daha da m\u00f6hk\u0259ml\u0259ndirilm\u0259si istiqam\u0259tind\u0259 s\u0259yl\u0259r g\u00f6st\u0259rir.<\/strong><\/em><\/p><\/blockquote>\n<p>ARANTV.AZ x\u0259b\u0259r verir ki, bunu\u00a0<a href=\"https:\/\/az.trend.az\/\" target=\"_blank\" rel=\"noopener\">Trend<\/a>-\u0259 Yeni Az\u0259rbaycan Partiyas\u0131 Nizami rayon t\u0259\u015fkilat\u0131n\u0131n s\u0259dri, Milli M\u0259clisin deputat\u0131 S\u0259daq\u0259t V\u0259liyeva deyib.<\/p>\n<p>S\u0259daq\u0259t V\u0259liyeva bildirib ki, T\u00fcrk \u015euras\u0131 d\u00fcnya miqyas\u0131nda ilk beyn\u0259lxalq t\u0259\u015fkilatd\u0131r ki, d\u00f6vl\u0259t ba\u015f\u00e7\u0131lar\u0131 s\u0259viyy\u0259sind\u0259 COVID-19 pandemiyas\u0131na h\u0259sr olunmu\u015f Zirv\u0259 g\u00f6r\u00fc\u015f\u00fcn\u00fc ke\u00e7irir:<\/p>\n<p>&#8220;C\u0259nab Prezident \u0130lham \u018fliyevin t\u0259\u015f\u0259bb\u00fcs\u00fc il\u0259 ke\u00e7iril\u0259n Zirv\u0259 g\u00f6r\u00fc\u015f\u00fc n\u00fcmun\u0259vi s\u0259viyy\u0259d\u0259 olan h\u0259mr\u0259yliyimizin n\u00f6vb\u0259ti bariz t\u0259zah\u00fcr\u00fc oldu. \u018flb\u0259tt\u0259 ki, Zirv\u0259 g\u00f6r\u00fc\u015f\u00fcn\u00fcn \u0259sas m\u0259qs\u0259di milli s\u0259viyy\u0259d\u0259 at\u0131lan add\u0131mlara dair t\u0259cr\u00fcb\u0259 m\u00fcbadil\u0259sinin apar\u0131lmas\u0131, laz\u0131m olan anda bir-birin\u0259 d\u0259st\u0259k g\u00f6st\u0259rilm\u0259si v\u0259 xalqlar aras\u0131nda h\u0259mr\u0259yliyin m\u00f6hk\u0259ml\u0259ndirilm\u0259sidir. Eyni zamanda, T\u00fcrk \u015euras\u0131na \u00fczv \u00f6lk\u0259l\u0259rinin iqtisadiyyat\u0131, ticar\u0259t m\u00fcnasib\u0259tl\u0259ri v\u0259 idxal-ixrac \u0259m\u0259liyyatlar\u0131 \u00fc\u00e7\u00fcn n\u0259qliyyat da\u015f\u0131malar\u0131 m\u00fch\u00fcm \u0259h\u0259miyy\u0259t\u0259 malikdir&#8221;.<\/p>\n<p>&#8220;Az\u0259rbaycan koronavirus x\u0259st\u0259liyinin yay\u0131lmas\u0131n\u0131n qar\u015f\u0131s\u0131n\u0131n al\u0131nmas\u0131 \u00fc\u00e7\u00fcn \u00e7evik v\u0259 z\u0259ruri qabaqlay\u0131c\u0131 add\u0131mlar at\u0131b&#8221;, &#8211; dey\u0259n S\u0259daq\u0259t V\u0259liyeva vur\u011fulay\u0131b ki, \u00dcmumd\u00fcnya S\u0259hiyy\u0259 T\u0259\u015fkilat\u0131 koronavirusla m\u00fcbariz\u0259 sah\u0259sind\u0259 Az\u0259rbaycanda g\u00f6r\u00fclm\u00fc\u015f i\u015fl\u0259r\u0259 y\u00fcks\u0259k qiym\u0259t verib:<\/p>\n<p>&#8220;Nazirl\u0259r Kabineti yan\u0131nda Operativ Q\u0259rargah\u0131n yarad\u0131lmas\u0131, \u00f6lk\u0259 \u00fczr\u0259 b\u00fct\u00fcn t\u0259hsil m\u00fc\u0259ssis\u0259l\u0259rind\u0259 t\u0259dris prosesinin m\u0259rh\u0259l\u0259li \u015f\u0259kild\u0259 dayand\u0131r\u0131lmas\u0131, b\u00fct\u00fcn k\u00fctl\u0259vi t\u0259dbirl\u0259rin t\u0259xir\u0259 sal\u0131nmas\u0131 v\u0259 ya l\u0259\u011fv edilm\u0259si, x\u00fcsusi karantin rejiminin t\u0259tbiq edilm\u0259si, \u00f6lk\u0259d\u0259 h\u0259r\u0259k\u0259t m\u0259hdudiyy\u0259tinin t\u0259tbiq olunmas\u0131 v\u0259 dig\u0259r t\u0259dbirl\u0259r \u00dcST t\u0259r\u0259find\u0259n y\u00fcks\u0259k qiym\u0259tl\u0259ndirilib&#8221;.<\/p>\n<p>Deputat\u0131n fikrinc\u0259, Az\u0259rbaycan pandemiyan\u0131n t\u0259sirl\u0259rinin azald\u0131lmas\u0131, az itkil\u0259rin olmas\u0131 istiqam\u0259tind\u0259 Prezidentin t\u0259\u015f\u0259bb\u00fcs\u00fc il\u0259 bir \u00e7ox i\u015fl\u0259r g\u00f6r\u00fcl\u00fcb ki, onlar\u0131n s\u0131ras\u0131nda s\u0259hiyy\u0259 sistemind\u0259 ba\u015f ver\u0259n k\u00f6kl\u00fc d\u0259yi\u015fiklikl\u0259rdir:<\/p>\n<p>&#8220;He\u00e7 k\u0259s\u0259 sirr deyil ki, Az\u0259rbaycanda 750-d\u0259n \u00e7ox s\u0259hiyy\u0259 oca\u011f\u0131 tikilib v\u0259 ya tam t\u0259mir olunub, h\u0259r il Az\u0259rbaycanda 5 milyondan \u00e7ox insan d\u00f6vl\u0259t hesab\u0131na tibbi m\u00fcayin\u0259d\u0259n ke\u00e7ir. Haz\u0131rda is\u0259 koronavirus x\u0259st\u0259l\u0259ri 20-d\u0259n art\u0131q d\u00f6vl\u0259t x\u0259st\u0259xanas\u0131nda m\u00fcalic\u0259 olunurlar. Bu g\u00fcnl\u0259rd\u0259 575 \u00e7arpay\u0131dan ibar\u0259t olan, \u00f6lk\u0259mizin \u0259n m\u00fcasir v\u0259 &#8220;Yeni klinika&#8221; adlanan x\u0259st\u0259xanas\u0131 da onlar\u0131n ixtiyar\u0131na verilib. H\u0259m\u00e7inin, \u00f6lk\u0259mizin 3 \u015f\u0259h\u0259rind\u0259 istifad\u0259y\u0259 verilmi\u015f \u00fc\u00e7 yeni x\u0259st\u0259xana da koronavirus x\u0259st\u0259l\u0259rinin ixtiyar\u0131na verilib. Q\u0131sa m\u00fcdd\u0259t \u0259rzind\u0259 6-s\u0131 d\u00f6vl\u0259t, 4-\u00fc is\u0259 \u00f6z\u0259l sahibkarlar t\u0259r\u0259find\u0259n tikilm\u0259kl\u0259, h\u0259r birinin 200 \u00e7arpay\u0131 yeri olan 10 m\u00fcasir modul tipli x\u0259st\u0259xanan\u0131n istifad\u0259y\u0259 verilm\u0259si n\u0259z\u0259rd\u0259 tutulur. Testl\u0259rin apar\u0131lmas\u0131 \u00fc\u00e7\u00fcn is\u0259 18 laboratoriya f\u0259aliyy\u0259t g\u00f6st\u0259rir, onlar\u0131n 5-i yeni yarad\u0131l\u0131b. \u0130ndiy\u0259 kimi \u00f6lk\u0259 \u00fczr\u0259 70 min\u0259 yax\u0131n test ke\u00e7irilib. \u018fhalinin h\u0259r bir milyon n\u0259f\u0259rin\u0259 d\u00fc\u015f\u0259n testin say\u0131 5200-d\u0259n art\u0131qd\u0131r v\u0259 bu s\u0259b\u0259bd\u0259n d\u0259 Az\u0259rbaycan apar\u0131lan testl\u0259rin say\u0131na g\u00f6r\u0259 d\u00fcnyada 30-cu, h\u0259r milyon \u0259haliy\u0259 g\u00f6r\u0259 apar\u0131lan testl\u0259rin say\u0131na g\u00f6r\u0259 40-c\u0131 yerl\u0259rd\u0259dir. El\u0259c\u0259 d\u0259 koronavirus x\u0259st\u0259l\u0259rin\u0259 xidm\u0259t g\u00f6st\u0259r\u0259n h\u0259kiml\u0259rin maa\u015f\u0131 3, 4 v\u0259 5 misli m\u0259bl\u0259\u011find\u0259 art\u0131r\u0131l\u0131b&#8221;.<\/p>\n<p>S\u0259daq\u0259t V\u0259liyeva Az\u0259rbaycanda operativ \u015f\u0259kild\u0259 tibbi l\u0259vazimatlar\u0131n istehsal\u0131n\u0131n t\u0259\u015fkil olunmas\u0131ndan da dan\u0131\u015f\u0131b:<\/p>\n<p>&#8220;Haz\u0131rda d\u00fcnyada tibbi l\u0259vazimatlar\u0131n v\u0259 avadanl\u0131qlar\u0131n al\u0131nmas\u0131 problem\u0259 \u00e7evrilib. Bu s\u0259b\u0259bd\u0259n d\u0259 daxili t\u0259l\u0259bat\u0131 \u00f6d\u0259m\u0259k \u00fc\u00e7\u00fcn aprel ay\u0131n\u0131n \u0259vv\u0259lind\u0259 \u00f6lk\u0259mizd\u0259 operativ \u015f\u0259kild\u0259 tibbi maska istehsal\u0131 m\u00fc\u0259ssis\u0259si f\u0259aliyy\u0259t\u0259 ba\u015flay\u0131b. Yax\u0131n g\u00fcnl\u0259rd\u0259 h\u0259min m\u00fc\u0259ssis\u0259 tam g\u00fcc\u00fc il\u0259 i\u015fl\u0259y\u0259c\u0259k v\u0259 g\u00fcnd\u0259lik 200-250 min maska istehsal etm\u0259kl\u0259 daxili bazar\u0131 tam t\u0259min ed\u0259c\u0259k. Bundan sonra is\u0259 y\u0259qin ki, m\u00fc\u0259ssis\u0259 istehsal etdiyi m\u0259hsullar\u0131 ixrac etm\u0259k haqq\u0131nda da d\u00fc\u015f\u00fcn\u0259c\u0259k&#8221;.<\/p>\n<p>&#8220;G\u00f6r\u00fcn\u0259n odur ki, Az\u0259rbaycanda COV\u0130D-19 pandemiyas\u0131 il\u0259 m\u00fcbariz\u0259 sistemli v\u0259 d\u00fc\u015f\u00fcn\u00fclm\u00fc\u015f \u015f\u0259kild\u0259 apar\u0131l\u0131r&#8221; &#8211; dey\u0259n deputat \u0259lav\u0259 edib ki, d\u00f6vl\u0259t v\u0259t\u0259nda\u015flar\u0131n\u0131n t\u0259hl\u00fck\u0259sizliyini t\u0259min edir, onlar\u0131n sosial-iqtisadi itkil\u0259rini qar\u015f\u0131lay\u0131r:<\/p>\n<p>&#8220;V\u0259t\u0259nda\u015flardan is\u0259 t\u0259l\u0259b olunan odur ki, evd\u0259 qals\u0131nlar v\u0259 \u00f6lk\u0259miz, c\u0259miyy\u0259timiz tezlikl\u0259 bu g\u00f6r\u00fcnm\u0259z d\u00fc\u015fm\u0259nd\u0259n xilas olsun, bu prosesd\u0259n az itkil\u0259rl\u0259 qalib \u00e7\u0131xs\u0131n&#8221;.<\/p>\n","protected":false},"excerpt":{"rendered":"<p>T\u00fcrkdilli D\u00f6vl\u0259tl\u0259rin \u018fm\u0259kda\u015fl\u0131q \u015euras\u0131na s\u0259drliyi d\u00f6vr\u00fcnd\u0259 Az\u0259rbaycan d\u00fcnyada t\u0259\u015fkilat\u0131n n\u00fcfuzunun daha da art\u0131r\u0131lmas\u0131, \u00fczv \u00f6lk\u0259l\u0259r aras\u0131nda \u0259m\u0259kda\u015fl\u0131q \u0259laq\u0259l\u0259rinin daha da m\u00f6hk\u0259ml\u0259ndirilm\u0259si istiqam\u0259tind\u0259 s\u0259yl\u0259r g\u00f6st\u0259rir. ARANTV.AZ x\u0259b\u0259r verir ki, bunu\u00a0Trend-\u0259 Yeni Az\u0259rbaycan Partiyas\u0131 Nizami rayon t\u0259\u015fkilat\u0131n\u0131n s\u0259dri, Milli M\u0259clisin deputat\u0131 S\u0259daq\u0259t V\u0259liyeva deyib. S\u0259daq\u0259t V\u0259liyeva bildirib ki, T\u00fcrk \u015euras\u0131 d\u00fcnya miqyas\u0131nda ilk beyn\u0259lxalq t\u0259\u015fkilatd\u0131r ki, d\u00f6vl\u0259t ba\u015f\u00e7\u0131lar\u0131 s\u0259viyy\u0259sind\u0259 COVID-19 pandemiyas\u0131na h\u0259sr olunmu\u015f Zirv\u0259 g\u00f6r\u00fc\u015f\u00fcn\u00fc ke\u00e7irir: &#8220;C\u0259nab Prezident \u0130lham \u018fliyevin t\u0259\u015f\u0259bb\u00fcs\u00fc il\u0259 ke\u00e7iril\u0259n Zirv\u0259 g\u00f6r\u00fc\u015f\u00fc n\u00fcmun\u0259vi s\u0259viyy\u0259d\u0259 olan h\u0259mr\u0259yliyimizin n\u00f6vb\u0259ti bariz t\u0259zah\u00fcr\u00fc oldu. \u018flb\u0259tt\u0259 ki, Zirv\u0259 g\u00f6r\u00fc\u015f\u00fcn\u00fcn \u0259sas m\u0259qs\u0259di milli s\u0259viyy\u0259d\u0259 at\u0131lan&hellip;<\/p>\n","protected":false},"author":2,"featured_media":150561,"comment_status":"closed","ping_status":"closed","sticky":false,"template":"","format":"standard","meta":{"om_disable_all_campaigns":false,"_monsterinsights_skip_tracking":false,"_monsterinsights_sitenote_active":false,"_monsterinsights_sitenote_note":"","_monsterinsights_sitenote_category":0},"categories":[1],"tags":[],"aioseo_notices":[],"gutentor_comment":0,"rttpg_featured_image_url":{"full":["https:\/\/arantv.az\/wp-content\/uploads\/2020\/04\/841497.jpg",800,600,false],"landscape":["https:\/\/arantv.az\/wp-content\/uploads\/2020\/04\/841497.jpg",800,600,false],"portraits":["https:\/\/arantv.az\/wp-content\/uploads\/2020\/04\/841497.jpg",800,600,false],"thumbnail":["https:\/\/arantv.az\/wp-content\/uploads\/2020\/04\/841497-150x150.jpg",150,150,true],"medium":["https:\/\/arantv.az\/wp-content\/uploads\/2020\/04\/841497-300x225.jpg",300,225,true],"large":["https:\/\/arantv.az\/wp-content\/uploads\/2020\/04\/841497.jpg",640,480,false],"1536x1536":["https:\/\/arantv.az\/wp-content\/uploads\/2020\/04\/841497.jpg",800,600,false],"2048x2048":["https:\/\/arantv.az\/wp-content\/uploads\/2020\/04\/841497.jpg",800,600,false],"post-thumbnail":["https:\/\/arantv.az\/wp-content\/uploads\/2020\/04\/841497-240x172.jpg",240,172,true],"advps-thumb-one":["https:\/\/arantv.az\/wp-content\/uploads\/2020\/04\/841497.jpg",800,600,false]},"rttpg_author":{"display_name":"V\u00fcsal Rafiqo\u011flu","author_link":"https:\/\/arantv.az\/?author=2"},"rttpg_comment":0,"rttpg_category":"<a href=\"https:\/\/arantv.az\/?cat=1\" rel=\"category\">C\u0259miyy\u0259t<\/a>","rttpg_excerpt":"T\u00fcrkdilli D\u00f6vl\u0259tl\u0259rin \u018fm\u0259kda\u015fl\u0131q \u015euras\u0131na s\u0259drliyi d\u00f6vr\u00fcnd\u0259 Az\u0259rbaycan d\u00fcnyada t\u0259\u015fkilat\u0131n n\u00fcfuzunun daha da art\u0131r\u0131lmas\u0131, \u00fczv \u00f6lk\u0259l\u0259r aras\u0131nda \u0259m\u0259kda\u015fl\u0131q \u0259laq\u0259l\u0259rinin daha da m\u00f6hk\u0259ml\u0259ndirilm\u0259si istiqam\u0259tind\u0259 s\u0259yl\u0259r g\u00f6st\u0259rir. ARANTV.AZ x\u0259b\u0259r verir ki, bunu\u00a0Trend-\u0259 Yeni Az\u0259rbaycan Partiyas\u0131 Nizami rayon t\u0259\u015fkilat\u0131n\u0131n s\u0259dri, Milli M\u0259clisin deputat\u0131 S\u0259daq\u0259t V\u0259liyeva deyib. S\u0259daq\u0259t V\u0259liyeva bildirib ki, T\u00fcrk \u015euras\u0131 d\u00fcnya miqyas\u0131nda ilk beyn\u0259lxalq t\u0259\u015fkilatd\u0131r ki, d\u00f6vl\u0259t&hellip;","_links":{"self":[{"href":"https:\/\/arantv.az\/index.php?rest_route=\/wp\/v2\/posts\/150560"}],"collection":[{"href":"https:\/\/arantv.az\/index.php?rest_route=\/wp\/v2\/posts"}],"about":[{"href":"https:\/\/arantv.az\/index.php?rest_route=\/wp\/v2\/types\/post"}],"author":[{"embeddable":true,"href":"https:\/\/arantv.az\/index.php?rest_route=\/wp\/v2\/users\/2"}],"replies":[{"embeddable":true,"href":"https:\/\/arantv.az\/index.php?rest_route=%2Fwp%2Fv2%2Fcomments&post=150560"}],"version-history":[{"count":0,"href":"https:\/\/arantv.az\/index.php?rest_route=\/wp\/v2\/posts\/150560\/revisions"}],"wp:featuredmedia":[{"embeddable":true,"href":"https:\/\/arantv.az\/index.php?rest_route=\/wp\/v2\/media\/150561"}],"wp:attachment":[{"href":"https:\/\/arantv.az\/index.php?rest_route=%2Fwp%2Fv2%2Fmedia&parent=150560"}],"wp:term":[{"taxonomy":"category","embeddable":true,"href":"https:\/\/arantv.az\/index.php?rest_route=%2Fwp%2Fv2%2Fcategories&post=150560"},{"taxonomy":"post_tag","embeddable":true,"href":"https:\/\/arantv.az\/index.php?rest_route=%2Fwp%2Fv2%2Ftags&post=150560"}],"curies":[{"name":"wp","href":"https:\/\/api.w.org\/{rel}","templated":true}]}}