{"id":150568,"date":"2020-04-13T11:49:39","date_gmt":"2020-04-13T08:49:39","guid":{"rendered":"http:\/\/arantv.az\/?p=150568"},"modified":"2020-04-13T11:49:39","modified_gmt":"2020-04-13T08:49:39","slug":"karantin-dovrund%c9%99-kuc%c9%99d%c9%99-yasayan-kims%c9%99siz-insanlarin-aqib%c9%99ti-nec%c9%99-olacaq-aciqlama","status":"publish","type":"post","link":"https:\/\/arantv.az\/?p=150568","title":{"rendered":"Karantin d\u00f6vr\u00fcnd\u0259 k\u00fc\u00e7\u0259d\u0259 ya\u015fayan kims\u0259siz insanlar\u0131n aqib\u0259ti nec\u0259 olacaq? &#8211; A\u00c7IQLAMA"},"content":{"rendered":"<p><strong>Az\u0259rbaycanda koronavirus infeksiyas\u0131n\u0131n yay\u0131lmas\u0131n\u0131n qar\u015f\u0131s\u0131n\u0131 almaq m\u0259qs\u0259dil\u0259 aprelin 20-n\u0259 q\u0259d\u0259r g\u00fccl\u0259ndirilmi\u015f karantin rejimi t\u0259tbiq olunur. Bu m\u00fcdd\u0259t \u0259rzind\u0259 insanlar\u0131n sa\u011flaml\u0131qlar\u0131n\u0131 qorumaq m\u0259qs\u0259dil\u0259 m\u00fc\u0259yy\u0259n qaydalar haz\u0131rlan\u0131b.<\/strong><\/p>\n<p>Nazirl\u0259r Kabineti yan\u0131nda Operativ Q\u0259rargah\u0131n q\u0259rar\u0131na uy\u011fun olaraq, ya\u015f\u0131 65-d\u0259n yuxar\u0131 olan insanlar\u0131n k\u00fc\u00e7\u0259y\u0259 \u00e7\u0131xmas\u0131 qada\u011fan edilib.<\/p>\n<p>B\u0259s paytaxt \u0259razisind\u0259 k\u00fc\u00e7\u0259l\u0259rd\u0259 ya\u015fayan kims\u0259siz, evsiz-e\u015fiksiz insanlar\u0131n aqib\u0259ti nec\u0259 olacaq? Karantin d\u00f6vr\u00fcnd\u0259 onlar h\u0259m \u00f6zl\u0259ri t\u0259hl\u00fck\u0259 alt\u0131ndad\u0131r, h\u0259m d\u0259 dig\u0259r insanlar\u0131n koronavirusa yoluxma riskini art\u0131r\u0131rlar. K\u00fc\u00e7\u0259l\u0259rd\u0259 ya\u015fayan kims\u0259siz insanlar m\u00fcv\u0259qq\u0259ti d\u0259 olsa s\u0131\u011f\u0131nacaqlara yerl\u0259\u015fdirilirmi?<\/p>\n<p>ARANTV.AZ x\u0259b\u0259r verir ki, m\u0259s\u0259l\u0259 il\u0259 ba\u011fl\u0131 oxu.az \u018fm\u0259k v\u0259 \u018fhalinin Sosial M\u00fcdafi\u0259si Nazirliyin\u0259 sor\u011fu \u00fcnvanlay\u0131b.<\/p>\n<p>Nazirliyin M\u0259tbuat Xidm\u0259tinin r\u0259hb\u0259ri Fazil Tal\u0131bov sor\u011fuya cavab olaraq bildirib ki, x\u00fcsusi karantin rejimi il\u0259 \u0259laq\u0259dar Sosial S\u0131\u011f\u0131naca\u011fa q\u0259bul birba\u015fa apar\u0131lm\u0131r:<\/p>\n<p>&#8220;Haz\u0131rk\u0131 \u015f\u0259raitd\u0259 bu v\u0259 ya dig\u0259r s\u0259b\u0259bl\u0259rd\u0259n evsiz-e\u015fiksiz qalm\u0131\u015f v\u0259 sosial s\u0131\u011f\u0131naca\u011fa ehtiyac duyan insanlar\u0131n h\u0259min m\u00fc\u0259ssis\u0259y\u0259 yerl\u0259\u015fdirilm\u0259zd\u0259n \u00f6nc\u0259 pandemiya il\u0259 \u0259laq\u0259dar ilk m\u0259rh\u0259l\u0259d\u0259 iki h\u0259ft\u0259lik karantin d\u00f6vr\u00fc ke\u00e7m\u0259l\u0259ri t\u0259l\u0259b olunur. Bunun \u00fc\u00e7\u00fcn d\u0259 \u018fm\u0259k v\u0259 \u018fhalinin Sosial M\u00fcdafi\u0259si Nazirliyinin Sosial S\u0131\u011f\u0131naca\u011f\u0131na yax\u0131n \u0259razid\u0259 ayr\u0131ca karantin m\u0259qs\u0259dli s\u0131\u011f\u0131nacaq b\u00f6lm\u0259si yarad\u0131l\u0131b. H\u0259min \u015f\u0259xsl\u0259r \u0259vv\u0259lc\u0259 karantin d\u00f6vr\u00fc ke\u00e7m\u0259l\u0259ri \u00fc\u00e7\u00fcn bu s\u0131\u011f\u0131nacaq-b\u00f6lm\u0259y\u0259 q\u0259bul olunurlar.<\/p>\n<div>\n<div id=\"AdviadNativeVideo0\" class=\"AdviadNativeVideo\"><\/div>\n<\/div>\n<p>M\u00fcasir t\u0259l\u0259bl\u0259r\u0259 uy\u011fun \u015f\u0259raitin m\u00f6vcud oldu\u011fu s\u0131\u011f\u0131nacaq-b\u00f6lm\u0259y\u0259 q\u0259bul olunan \u015f\u0259xsl\u0259r burada 14 g\u00fcn \u0259rzind\u0259 x\u00fcsusi geyiml\u0259, qoruyucu vasit\u0259l\u0259rl\u0259, qida v\u0259 s. il\u0259 t\u0259min edilirl\u0259r. Eyni zamanda, bu m\u00fcdd\u0259t \u0259rzind\u0259 h\u0259r g\u00fcn az\u0131 iki d\u0259f\u0259 m\u00fcvafiq cihazlarla yax\u0131n m\u0259saf\u0259d\u0259n temperaturlar\u0131 \u00f6l\u00e7\u00fcl\u00fcr, iki d\u0259f\u0259 T\u018fB\u0130B m\u00fct\u0259x\u0259ssisl\u0259ri t\u0259r\u0259find\u0259n tibbi m\u00fcayin\u0259l\u0259rd\u0259n ke\u00e7irilirl\u0259r. Karantin d\u00f6vr\u00fcnd\u0259 m\u00fcayin\u0259l\u0259rin n\u0259tic\u0259l\u0259ri m\u00fcsb\u0259t olmad\u0131\u011f\u0131 t\u0259qdird\u0259, onlar Ya\u015fay\u0131\u015f yeri olmayan 18 ya\u015fdan yuxar\u0131 \u015f\u0259xsl\u0259r \u00fc\u00e7\u00fcn Sosial S\u0131\u011f\u0131naca\u011fa k\u00f6\u00e7\u00fcr\u00fcl\u00fcrl\u0259r. Buraya yerl\u0259\u015fdirildikd\u0259n sonra qanunvericilikd\u0259 n\u0259z\u0259rd\u0259 tutulmu\u015f m\u00fcdd\u0259t \u0259rzind\u0259 stasionar \u015f\u0259raitd\u0259 sosial m\u0259i\u015f\u0259t xidm\u0259tl\u0259ri il\u0259 t\u0259min edilirl\u0259r. X\u00fcsus\u0259n d\u0259, h\u0259min insanlar\u0131n normal h\u0259yat t\u0259rzin\u0259 qay\u0131tmas\u0131, sosial adaptasiyas\u0131 v\u0259 reabilitasiyas\u0131 i\u015fl\u0259ri apar\u0131l\u0131r&#8221;.<\/p>\n<p>F.Tal\u0131bov onu da \u0259lav\u0259 edib ki, x\u00fcsusi karantin rejimi il\u0259 \u0259laq\u0259dar \u018fm\u0259k v\u0259 \u018fhalinin Sosial M\u00fcdafi\u0259si Nazirliyinin Ya\u015fay\u0131\u015f yeri olmayan 18 ya\u015fdan yuxar\u0131 \u015f\u0259xsl\u0259r \u00fc\u00e7\u00fcn Sosial S\u0131\u011f\u0131naca\u011f\u0131nda da sakinl\u0259rin pandemiyadan qorunmas\u0131 \u00fc\u00e7\u00fcn b\u00fct\u00fcn i\u015fl\u0259r g\u00f6r\u00fcl\u00fcr.<\/p>\n<p>&#8220;Sosial S\u0131\u011f\u0131nacaqda y\u00fcks\u0259k standartlara cavab ver\u0259n \u015f\u0259rait yarad\u0131l\u0131b. M\u00fc\u0259ssis\u0259 dezinfeksiyaedici vasit\u0259l\u0259r, maskalar v\u0259 dig\u0259r qoruyucu vasit\u0259l\u0259rl\u0259 t\u0259min olunub, burada m\u00fct\u0259madi dezinfeksiya i\u015fl\u0259ri apar\u0131l\u0131r, sosial t\u0259crid rejimi tam t\u0259tbiq edilir. Q\u0259bul-qeydiyyat \u015f\u00f6b\u0259si, yataq, m\u00fcayin\u0259 v\u0259 m\u00fcalic\u0259, stol\u00fcst\u00fc oyunlar, komp\u00fcter v\u0259 t\u0259miz inventar otaqlar\u0131, kitabxana, yem\u0259kxana, cama\u015f\u0131rxana v\u0259 s. m\u00f6vcuddur. Sanitar-gigiyenik v\u0259ziyy\u0259t\u0259 ciddi n\u0259zar\u0259t olunur, sakinl\u0259rin sa\u011flaml\u0131qlar\u0131n\u0131n qorunmas\u0131 \u00fc\u00e7\u00fcn b\u00fct\u00fcn i\u015fl\u0259r g\u00f6r\u00fcl\u00fcr&#8221;.<\/p>\n","protected":false},"excerpt":{"rendered":"<p>Az\u0259rbaycanda koronavirus infeksiyas\u0131n\u0131n yay\u0131lmas\u0131n\u0131n qar\u015f\u0131s\u0131n\u0131 almaq m\u0259qs\u0259dil\u0259 aprelin 20-n\u0259 q\u0259d\u0259r g\u00fccl\u0259ndirilmi\u015f karantin rejimi t\u0259tbiq olunur. Bu m\u00fcdd\u0259t \u0259rzind\u0259 insanlar\u0131n sa\u011flaml\u0131qlar\u0131n\u0131 qorumaq m\u0259qs\u0259dil\u0259 m\u00fc\u0259yy\u0259n qaydalar haz\u0131rlan\u0131b. Nazirl\u0259r Kabineti yan\u0131nda Operativ Q\u0259rargah\u0131n q\u0259rar\u0131na uy\u011fun olaraq, ya\u015f\u0131 65-d\u0259n yuxar\u0131 olan insanlar\u0131n k\u00fc\u00e7\u0259y\u0259 \u00e7\u0131xmas\u0131 qada\u011fan edilib. B\u0259s paytaxt \u0259razisind\u0259 k\u00fc\u00e7\u0259l\u0259rd\u0259 ya\u015fayan kims\u0259siz, evsiz-e\u015fiksiz insanlar\u0131n aqib\u0259ti nec\u0259 olacaq? Karantin d\u00f6vr\u00fcnd\u0259 onlar h\u0259m \u00f6zl\u0259ri t\u0259hl\u00fck\u0259 alt\u0131ndad\u0131r, h\u0259m d\u0259 dig\u0259r insanlar\u0131n koronavirusa yoluxma riskini art\u0131r\u0131rlar. K\u00fc\u00e7\u0259l\u0259rd\u0259 ya\u015fayan kims\u0259siz insanlar m\u00fcv\u0259qq\u0259ti d\u0259 olsa s\u0131\u011f\u0131nacaqlara yerl\u0259\u015fdirilirmi? ARANTV.AZ x\u0259b\u0259r verir ki, m\u0259s\u0259l\u0259 il\u0259 ba\u011fl\u0131 oxu.az \u018fm\u0259k v\u0259 \u018fhalinin Sosial M\u00fcdafi\u0259si&hellip;<\/p>\n","protected":false},"author":2,"featured_media":150569,"comment_status":"closed","ping_status":"closed","sticky":false,"template":"","format":"standard","meta":{"om_disable_all_campaigns":false,"_monsterinsights_skip_tracking":false,"_monsterinsights_sitenote_active":false,"_monsterinsights_sitenote_note":"","_monsterinsights_sitenote_category":0},"categories":[24],"tags":[],"aioseo_notices":[],"gutentor_comment":0,"rttpg_featured_image_url":{"full":["https:\/\/arantv.az\/wp-content\/uploads\/2020\/04\/841511.jpg",800,600,false],"landscape":["https:\/\/arantv.az\/wp-content\/uploads\/2020\/04\/841511.jpg",800,600,false],"portraits":["https:\/\/arantv.az\/wp-content\/uploads\/2020\/04\/841511.jpg",800,600,false],"thumbnail":["https:\/\/arantv.az\/wp-content\/uploads\/2020\/04\/841511-150x150.jpg",150,150,true],"medium":["https:\/\/arantv.az\/wp-content\/uploads\/2020\/04\/841511-300x225.jpg",300,225,true],"large":["https:\/\/arantv.az\/wp-content\/uploads\/2020\/04\/841511.jpg",640,480,false],"1536x1536":["https:\/\/arantv.az\/wp-content\/uploads\/2020\/04\/841511.jpg",800,600,false],"2048x2048":["https:\/\/arantv.az\/wp-content\/uploads\/2020\/04\/841511.jpg",800,600,false],"post-thumbnail":["https:\/\/arantv.az\/wp-content\/uploads\/2020\/04\/841511-240x172.jpg",240,172,true],"advps-thumb-one":["https:\/\/arantv.az\/wp-content\/uploads\/2020\/04\/841511.jpg",800,600,false]},"rttpg_author":{"display_name":"V\u00fcsal Rafiqo\u011flu","author_link":"https:\/\/arantv.az\/?author=2"},"rttpg_comment":0,"rttpg_category":"<a href=\"https:\/\/arantv.az\/?cat=24\" rel=\"category\">Maraql\u0131<\/a>","rttpg_excerpt":"Az\u0259rbaycanda koronavirus infeksiyas\u0131n\u0131n yay\u0131lmas\u0131n\u0131n qar\u015f\u0131s\u0131n\u0131 almaq m\u0259qs\u0259dil\u0259 aprelin 20-n\u0259 q\u0259d\u0259r g\u00fccl\u0259ndirilmi\u015f karantin rejimi t\u0259tbiq olunur. Bu m\u00fcdd\u0259t \u0259rzind\u0259 insanlar\u0131n sa\u011flaml\u0131qlar\u0131n\u0131 qorumaq m\u0259qs\u0259dil\u0259 m\u00fc\u0259yy\u0259n qaydalar haz\u0131rlan\u0131b. Nazirl\u0259r Kabineti yan\u0131nda Operativ Q\u0259rargah\u0131n q\u0259rar\u0131na uy\u011fun olaraq, ya\u015f\u0131 65-d\u0259n yuxar\u0131 olan insanlar\u0131n k\u00fc\u00e7\u0259y\u0259 \u00e7\u0131xmas\u0131 qada\u011fan edilib. B\u0259s paytaxt \u0259razisind\u0259 k\u00fc\u00e7\u0259l\u0259rd\u0259 ya\u015fayan kims\u0259siz, evsiz-e\u015fiksiz insanlar\u0131n aqib\u0259ti nec\u0259 olacaq? Karantin d\u00f6vr\u00fcnd\u0259&hellip;","_links":{"self":[{"href":"https:\/\/arantv.az\/index.php?rest_route=\/wp\/v2\/posts\/150568"}],"collection":[{"href":"https:\/\/arantv.az\/index.php?rest_route=\/wp\/v2\/posts"}],"about":[{"href":"https:\/\/arantv.az\/index.php?rest_route=\/wp\/v2\/types\/post"}],"author":[{"embeddable":true,"href":"https:\/\/arantv.az\/index.php?rest_route=\/wp\/v2\/users\/2"}],"replies":[{"embeddable":true,"href":"https:\/\/arantv.az\/index.php?rest_route=%2Fwp%2Fv2%2Fcomments&post=150568"}],"version-history":[{"count":0,"href":"https:\/\/arantv.az\/index.php?rest_route=\/wp\/v2\/posts\/150568\/revisions"}],"wp:featuredmedia":[{"embeddable":true,"href":"https:\/\/arantv.az\/index.php?rest_route=\/wp\/v2\/media\/150569"}],"wp:attachment":[{"href":"https:\/\/arantv.az\/index.php?rest_route=%2Fwp%2Fv2%2Fmedia&parent=150568"}],"wp:term":[{"taxonomy":"category","embeddable":true,"href":"https:\/\/arantv.az\/index.php?rest_route=%2Fwp%2Fv2%2Fcategories&post=150568"},{"taxonomy":"post_tag","embeddable":true,"href":"https:\/\/arantv.az\/index.php?rest_route=%2Fwp%2Fv2%2Ftags&post=150568"}],"curies":[{"name":"wp","href":"https:\/\/api.w.org\/{rel}","templated":true}]}}