{"id":150584,"date":"2020-04-13T12:03:30","date_gmt":"2020-04-13T09:03:30","guid":{"rendered":"http:\/\/arantv.az\/?p=150584"},"modified":"2020-04-13T12:03:30","modified_gmt":"2020-04-13T09:03:30","slug":"ilahiyyat-institutunda-t%c9%99hsil-prosesinin-davamliligini-t%c9%99min-etm%c9%99k-m%c9%99qs%c9%99dil%c9%99-muvafiq-t%c9%99dbirl%c9%99r-h%c9%99yata-kecirilir","status":"publish","type":"post","link":"https:\/\/arantv.az\/?p=150584","title":{"rendered":"\u0130lahiyyat \u0130nstitutunda t\u0259hsil prosesinin davaml\u0131l\u0131\u011f\u0131n\u0131 t\u0259min etm\u0259k m\u0259qs\u0259dil\u0259 m\u00fcvafiq t\u0259dbirl\u0259r h\u0259yata ke\u00e7irilir"},"content":{"rendered":"<p>B\u0259\u015f\u0259riyy\u0259t art\u0131q aylard\u0131r ki, yeni n\u00f6v koronavirus pandemiyas\u0131 il\u0259 m\u00fcbariz\u0259 apar\u0131r. \u00c7ind\u0259n ba\u015flayan bu infeksiya q\u0131sa zamanda d\u00fcnya \u00f6lk\u0259l\u0259rini \u00e7\u0259ngin\u0259 ald\u0131. H\u0259yat\u0131n\u0131 itir\u0259n insanlar\u0131n say\u0131 s\u00fcr\u0259tl\u0259 \u00e7oxalma\u011fa ba\u015flad\u0131 v\u0259 b\u00fct\u00fcn d\u00f6vl\u0259tl\u0259ri ciddi add\u0131mlar atma\u011fa vadar etdi. S\u00f6z\u00fcged\u0259n b\u0259la, t\u0259\u0259ss\u00fcf ki, \u00f6lk\u0259mizd\u0259n d\u0259 yan ke\u00e7m\u0259di.<\/p>\n<p>Bunu\u00a0<a class=\"azertac-link\" href=\"https:\/\/azertag.az\/\" target=\"_blank\" rel=\"noopener\">AZ\u018fRTAC<\/a>-a m\u00fcsahib\u0259sind\u0259 Az\u0259rbaycan \u0130lahiyyat \u0130nstitutunun (A\u0130\u0130) rektoru v\u0259zif\u0259sini m\u00fcv\u0259qq\u0259ti icra ed\u0259n ilahiyyat \u00fczr\u0259 f\u0259ls\u0259f\u0259 doktoru Aqil \u015eirinov deyib. O, koronavirus (COVID-19) pandemiyas\u0131 fonunda m\u0259saf\u0259d\u0259n t\u0259hsilin \u0259h\u0259miyy\u0259tind\u0259n b\u0259hs edib. Bildirib ki, Az\u0259rbaycan h\u00f6kum\u0259ti COVID-19 il\u0259 m\u00fcbariz\u0259d\u0259 qabaqlay\u0131c\u0131 add\u0131mlar atma\u011fa ba\u015flad\u0131. Bel\u0259 ki, Nazirl\u0259r Kabineti yan\u0131nda Operativ Q\u0259rargah yarad\u0131l\u0131b. \u00d6lk\u0259d\u0259 t\u0259hsil m\u00fc\u0259ssis\u0259l\u0259rind\u0259 t\u0259lim-t\u0259dris prosesinin, ard\u0131nca b\u00fct\u00fcn k\u00fctl\u0259vi t\u0259dbirl\u0259rin dayand\u0131r\u0131lmas\u0131, pandemiyan\u0131n geni\u015f yay\u0131ld\u0131\u011f\u0131 \u00f6lk\u0259l\u0259rl\u0259 s\u0259rh\u0259dl\u0259rin ba\u011flanmas\u0131 \u0259n qabaqlay\u0131c\u0131 add\u0131mlardand\u0131r. Respublika \u0259razisind\u0259 x\u00fcsusi karantin rejiminin t\u0259tbiqi, \u015f\u0259h\u0259r v\u0259 rayonlararas\u0131 n\u0259qliyyat\u0131n, h\u0259m\u00e7inin Bak\u0131 Metropoliteninin f\u0259aliyy\u0259tinin dayand\u0131r\u0131lmas\u0131, \u0259l\u0259lx\u00fcsus, insanlar\u0131n sosial t\u0259crid \u015f\u0259raitin\u0259 ke\u00e7m\u0259si pandemiya il\u0259 m\u00fcbariz\u0259d\u0259 m\u00fch\u00fcm rol oynad\u0131.<\/p>\n<p>X\u00fcsusil\u0259 vur\u011fulamaq laz\u0131md\u0131r ki, Prezidenti \u0130lham \u018fliyevin v\u0259 birinci xan\u0131m Mehriban \u018fliyevan\u0131n d\u0259f\u0259l\u0259rl\u0259 xalqa m\u00fcraci\u0259tl\u0259ri, insanlar\u0131 bu pandemiya il\u0259 m\u00fcbariz\u0259d\u0259 h\u0259mr\u0259yliy\u0259 s\u0259sl\u0259m\u0259si COVID-19-un geni\u015f yay\u0131lmas\u0131n\u0131n qar\u015f\u0131s\u0131n\u0131n al\u0131nmas\u0131nda at\u0131lan \u0259n vacib amill\u0259rd\u0259n idi.<\/p>\n<p>\u00d6lk\u0259 ba\u015f\u00e7\u0131s\u0131n\u0131n pandemiyan\u0131n yay\u0131lmas\u0131n\u0131n qar\u015f\u0131s\u0131n\u0131n al\u0131nmas\u0131 istiqam\u0259tind\u0259 g\u00f6rd\u00fcy\u00fc i\u015fl\u0259r ard-arda imzalad\u0131\u011f\u0131 s\u0259r\u0259ncamlarla d\u0259st\u0259kl\u0259ndi. X\u00fcsusi karantin rejiminin t\u0259tbiq olundu\u011fu d\u00f6vrd\u0259 i\u015fsiz qalm\u0131\u015f insanlar\u0131n maddi rifah\u0131n\u0131n yax\u015f\u0131la\u015fd\u0131r\u0131lmas\u0131 il\u0259 ba\u011fl\u0131 bird\u0259f\u0259lik m\u00fcavin\u0259tl\u0259rin verilm\u0259si, o c\u00fcml\u0259d\u0259n \u00f6lk\u0259mizin iqtisadi c\u0259h\u0259td\u0259n s\u0131x\u0131nt\u0131 ya\u015famamas\u0131 \u00fc\u00e7\u00fcn sahibkarlara yard\u0131m, k\u0259nd t\u0259s\u0259rr\u00fcfat\u0131na ayr\u0131lan v\u0259saitl\u0259r v\u0259 ba\u015fqa bu kimi h\u0259yata ke\u00e7iril\u0259n t\u0259dbirl\u0259r pandemiya il\u0259 m\u00fcbariz\u0259 \u015f\u0259raitind\u0259 \u00f6lk\u0259mizd\u0259 qabaqlay\u0131c\u0131 i\u015fl\u0259rd\u0259n say\u0131l\u0131r. Prezidentin S\u0259r\u0259ncam\u0131 il\u0259 Koronavirusa D\u0259st\u0259k Fondu yarad\u0131ld\u0131. Qeyd edim ki, Az\u0259rbaycan \u0130lahiyyat \u0130nstitutunun bir \u00e7ox \u0259m\u0259kda\u015f\u0131 da f\u0259rdi qaydada bu Fonda ian\u0259l\u0259r edib.<\/p>\n<p>Xat\u0131rlad\u0131m ki, Nazirl\u0259r Kabineti yan\u0131nda Operativ Q\u0259rargah\u0131n q\u0259rar\u0131 il\u0259 mart\u0131n 3-d\u0259n etibar\u0259n b\u00fct\u00fcn t\u0259hsil m\u00fc\u0259ssis\u0259l\u0259rind\u0259 t\u0259lim-t\u0259dris prosesi dayand\u0131r\u0131l\u0131b. Yaranm\u0131\u015f fasil\u0259 zaman\u0131 t\u0259l\u0259b\u0259l\u0259rin t\u0259drisd\u0259n yay\u0131nmamas\u0131 m\u0259qs\u0259dil\u0259 Az\u0259rbaycan \u0130lahiyyat \u0130nstitutu q\u0131sa zamanda videod\u0259rsl\u0259r\u0259 ba\u015flad\u0131. \u0130lkin m\u0259rh\u0259l\u0259d\u0259 institutun m\u00fc\u0259lliml\u0259ri t\u0259r\u0259find\u0259n ke\u00e7irilmi\u015f videod\u0259rsl\u0259r ali m\u0259kt\u0259bin r\u0259smi \u201cfacebook\u201d s\u0259hif\u0259sind\u0259, \u201cYouTube\u201d kanal\u0131nda yerl\u0259\u015fdirildi. Ali t\u0259dris m\u00fc\u0259ssis\u0259sind\u0259 t\u0259hsil prosesinin davaml\u0131l\u0131\u011f\u0131n\u0131 t\u0259min etm\u0259k v\u0259 distant t\u0259hsil\u0259 daha pe\u015f\u0259kar \u015f\u0259kild\u0259 davam etm\u0259k m\u0259qs\u0259dil\u0259 T\u0259hsil Nazirliyinin t\u00f6vsiy\u0259si v\u0259 d\u0259st\u0259yil\u0259 \u201cMicrosoft Teams\u201d platformas\u0131n\u0131n t\u0259tbiqi istiqam\u0259tind\u0259 m\u00fcvafiq \u015f\u00f6b\u0259l\u0259rin v\u0259 r\u0259hb\u0259rliyin i\u015ftirak\u0131 il\u0259 onlayn iclaslar ke\u00e7irilib v\u0259 t\u0259dris prosesinin t\u0259\u015fkili istiqam\u0259tind\u0259 q\u0259rarlar q\u0259bul edilib. Q\u0131sa zaman \u0259rzind\u0259 \u201cMicrosoft Teams\u201d platformas\u0131 vasit\u0259sil\u0259 m\u0259saf\u0259d\u0259n d\u0259rsl\u0259r\u0259 start verilib. T\u0259dris sillabuslara uy\u011fun \u015f\u0259kild\u0259 h\u0259yata ke\u00e7irilir. Bu platformada, h\u0259m\u00e7inin d\u0259rs v\u0259 dig\u0259r irih\u0259cmli materiallar\u0131n yerl\u0259\u015fdirilm\u0259si, \u00f6t\u00fcr\u00fclm\u0259si t\u0259min edilir. T\u0259hsil Nazirliyinin \u201cMicrosoft Teams\u201d platformas\u0131n\u0131 universitetl\u0259rin istifad\u0259sin\u0259 t\u0259qdim etm\u0259si v\u0259 bu platformadan istifad\u0259d\u0259 laz\u0131mi d\u0259st\u0259yin g\u00f6st\u0259rilm\u0259si t\u0259qdir\u0259layiq hald\u0131r.<\/p>\n<p>Qeyd ed\u0259k ki, onlayn t\u0259hsil \u00fc\u00e7\u00fcn ba\u015fqa platformalar da m\u00f6vcuddur. Lakin \u201cMicrosoft Teams\u201d platformas\u0131 t\u0259dris \u00fc\u00e7\u00fcn \u0259n \u0259lveri\u015fli hesab edilir. Bu platforma \u00fcz\u0259rind\u0259n t\u0259kc\u0259 onlayn d\u0259rs ke\u00e7m\u0259k deyil, h\u0259m\u00e7inin t\u0259dris olunan materiallar\u0131n videoformatda saxlan\u0131lmas\u0131, m\u00fchazir\u0259 m\u0259tnl\u0259rinin v\u0259 dig\u0259r f\u0259nn m\u00f6vzular\u0131n\u0131n payla\u015f\u0131lmas\u0131, seminar v\u0259 imtahanlar \u00fc\u00e7\u00fcn suallar\u0131n v\u0259 testl\u0259rin haz\u0131rlanmas\u0131 imkanlar\u0131 da m\u00f6vcuddur.<\/p>\n<p>A\u0130\u0130 m\u00fc\u0259lliml\u0259rinin ke\u00e7diyi d\u0259rsl\u0259rin videoqeydiyyat\u0131 apar\u0131l\u0131r ki, bu da internet m\u0259hdudiyy\u0259ti olan t\u0259l\u0259b\u0259l\u0259r\u0259 daha sonra d\u0259rsl\u0259ri dinl\u0259m\u0259k imkan\u0131 yarad\u0131r. T\u0259l\u0259b\u0259l\u0259rl\u0259 m\u00fct\u0259madi \u0259laq\u0259 saxlan\u0131l\u0131r v\u0259 m\u0259saf\u0259d\u0259n d\u0259rsl\u0259rd\u0259 f\u0259al olmalar\u0131 t\u00f6vsiy\u0259 edilir.<\/p>\n<p>\u201cT\u0259dris prosesinin n\u00f6qsans\u0131z h\u0259yata ke\u00e7irilm\u0259si, d\u0259rsl\u0259rin t\u0259dris olunmas\u0131na n\u0259zar\u0259t, m\u00fc\u0259llim v\u0259 t\u0259l\u0259b\u0259l\u0259rin bu platformadan m\u00fct\u0259madi istifad\u0259 etm\u0259l\u0259ri, o c\u00fcml\u0259d\u0259n texniki probleml\u0259rl\u0259 \u0259laq\u0259li olaraq r\u0259hb\u0259rlik v\u0259 aidiyy\u0259ti \u015f\u00f6b\u0259l\u0259r x\u00fcsusi s\u0259yl\u0259 v\u0259 sosial t\u0259crid\u0259 \u0259m\u0259l ed\u0259r\u0259k m\u0259saf\u0259d\u0259n \u00e7al\u0131\u015f\u0131rlar. T\u0259dris olunan d\u0259rsl\u0259rin keyfiyy\u0259tini yoxlamaq m\u0259qs\u0259dil\u0259 t\u0259l\u0259b\u0259l\u0259r aras\u0131nda sor\u011fu t\u0259\u015fkil edilib, \u201cMicrosoft Teams\u201d platformas\u0131 vasit\u0259sil\u0259 r\u0259hb\u0259rlik v\u0259 m\u00fcvafiq \u015f\u00f6b\u0259l\u0259rl\u0259 t\u0259l\u0259b\u0259l\u0259rin birlikd\u0259 iclas\u0131 t\u0259\u015fkil olunub. T\u0259hsilalanlar\u0131n t\u0259dris prosesi il\u0259 ba\u011fl\u0131 irad v\u0259 t\u0259klifl\u0259ri dinl\u0259nilib, onlar\u0131 maraqland\u0131ran dig\u0259r suallar cavabland\u0131r\u0131l\u0131b. \u0130clasda, h\u0259m\u00e7inin t\u0259l\u0259b\u0259l\u0259r\u0259 v\u0259 \u0259m\u0259kda\u015flara sosial t\u0259crid\u0259 dair Operativ Q\u0259rargah\u0131n t\u0259l\u0259b v\u0259 t\u00f6vsiy\u0259l\u0259rin\u0259 riay\u0259t etm\u0259l\u0259rinin vacibliyi vur\u011fulan\u0131b. A\u0130\u0130 kollektivi olaraq \u0259limizd\u0259n g\u0259l\u0259ni edirik ki, t\u0259dris prosesind\u0259n geri qalmayaq v\u0259 g\u0259l\u0259c\u0259kd\u0259 h\u0259r hans\u0131 \u00e7\u0259tinlikl\u0259 qar\u015f\u0131la\u015fmayaq. \u00dcmid edirik ki, bu b\u0259ladan h\u0259mr\u0259y olaraq birlikd\u0259 xilas olaca\u011f\u0131q. Biz birlikd\u0259 g\u00fccl\u00fcy\u00fck!\u201d, &#8211; dey\u0259 A.\u015eirinov qeyd edib.<\/p>\n","protected":false},"excerpt":{"rendered":"<p>B\u0259\u015f\u0259riyy\u0259t art\u0131q aylard\u0131r ki, yeni n\u00f6v koronavirus pandemiyas\u0131 il\u0259 m\u00fcbariz\u0259 apar\u0131r. \u00c7ind\u0259n ba\u015flayan bu infeksiya q\u0131sa zamanda d\u00fcnya \u00f6lk\u0259l\u0259rini \u00e7\u0259ngin\u0259 ald\u0131. H\u0259yat\u0131n\u0131 itir\u0259n insanlar\u0131n say\u0131 s\u00fcr\u0259tl\u0259 \u00e7oxalma\u011fa ba\u015flad\u0131 v\u0259 b\u00fct\u00fcn d\u00f6vl\u0259tl\u0259ri ciddi add\u0131mlar atma\u011fa vadar etdi. S\u00f6z\u00fcged\u0259n b\u0259la, t\u0259\u0259ss\u00fcf ki, \u00f6lk\u0259mizd\u0259n d\u0259 yan ke\u00e7m\u0259di. Bunu\u00a0AZ\u018fRTAC-a m\u00fcsahib\u0259sind\u0259 Az\u0259rbaycan \u0130lahiyyat \u0130nstitutunun (A\u0130\u0130) rektoru v\u0259zif\u0259sini m\u00fcv\u0259qq\u0259ti icra ed\u0259n ilahiyyat \u00fczr\u0259 f\u0259ls\u0259f\u0259 doktoru Aqil \u015eirinov deyib. O, koronavirus (COVID-19) pandemiyas\u0131 fonunda m\u0259saf\u0259d\u0259n t\u0259hsilin \u0259h\u0259miyy\u0259tind\u0259n b\u0259hs edib. Bildirib ki, Az\u0259rbaycan h\u00f6kum\u0259ti COVID-19 il\u0259 m\u00fcbariz\u0259d\u0259 qabaqlay\u0131c\u0131 add\u0131mlar atma\u011fa ba\u015flad\u0131. Bel\u0259 ki, Nazirl\u0259r Kabineti yan\u0131nda Operativ Q\u0259rargah&hellip;<\/p>\n","protected":false},"author":2,"featured_media":150585,"comment_status":"closed","ping_status":"closed","sticky":false,"template":"","format":"standard","meta":{"om_disable_all_campaigns":false,"_monsterinsights_skip_tracking":false,"_monsterinsights_sitenote_active":false,"_monsterinsights_sitenote_note":"","_monsterinsights_sitenote_category":0},"categories":[23],"tags":[],"aioseo_notices":[],"gutentor_comment":0,"rttpg_featured_image_url":{"full":["https:\/\/arantv.az\/wp-content\/uploads\/2020\/04\/15867683896013446529_1000x669.jpg",1000,666,false],"landscape":["https:\/\/arantv.az\/wp-content\/uploads\/2020\/04\/15867683896013446529_1000x669.jpg",1000,666,false],"portraits":["https:\/\/arantv.az\/wp-content\/uploads\/2020\/04\/15867683896013446529_1000x669.jpg",1000,666,false],"thumbnail":["https:\/\/arantv.az\/wp-content\/uploads\/2020\/04\/15867683896013446529_1000x669-150x150.jpg",150,150,true],"medium":["https:\/\/arantv.az\/wp-content\/uploads\/2020\/04\/15867683896013446529_1000x669-300x200.jpg",300,200,true],"large":["https:\/\/arantv.az\/wp-content\/uploads\/2020\/04\/15867683896013446529_1000x669.jpg",640,426,false],"1536x1536":["https:\/\/arantv.az\/wp-content\/uploads\/2020\/04\/15867683896013446529_1000x669.jpg",1000,666,false],"2048x2048":["https:\/\/arantv.az\/wp-content\/uploads\/2020\/04\/15867683896013446529_1000x669.jpg",1000,666,false],"post-thumbnail":["https:\/\/arantv.az\/wp-content\/uploads\/2020\/04\/15867683896013446529_1000x669-240x172.jpg",240,172,true],"advps-thumb-one":["https:\/\/arantv.az\/wp-content\/uploads\/2020\/04\/15867683896013446529_1000x669-1000x620.jpg",1000,620,true]},"rttpg_author":{"display_name":"V\u00fcsal Rafiqo\u011flu","author_link":"https:\/\/arantv.az\/?author=2"},"rttpg_comment":0,"rttpg_category":"<a href=\"https:\/\/arantv.az\/?cat=23\" rel=\"category\">T\u0259hsil<\/a>","rttpg_excerpt":"B\u0259\u015f\u0259riyy\u0259t art\u0131q aylard\u0131r ki, yeni n\u00f6v koronavirus pandemiyas\u0131 il\u0259 m\u00fcbariz\u0259 apar\u0131r. \u00c7ind\u0259n ba\u015flayan bu infeksiya q\u0131sa zamanda d\u00fcnya \u00f6lk\u0259l\u0259rini \u00e7\u0259ngin\u0259 ald\u0131. H\u0259yat\u0131n\u0131 itir\u0259n insanlar\u0131n say\u0131 s\u00fcr\u0259tl\u0259 \u00e7oxalma\u011fa ba\u015flad\u0131 v\u0259 b\u00fct\u00fcn d\u00f6vl\u0259tl\u0259ri ciddi add\u0131mlar atma\u011fa vadar etdi. S\u00f6z\u00fcged\u0259n b\u0259la, t\u0259\u0259ss\u00fcf ki, \u00f6lk\u0259mizd\u0259n d\u0259 yan ke\u00e7m\u0259di. Bunu\u00a0AZ\u018fRTAC-a m\u00fcsahib\u0259sind\u0259 Az\u0259rbaycan \u0130lahiyyat \u0130nstitutunun (A\u0130\u0130) rektoru v\u0259zif\u0259sini m\u00fcv\u0259qq\u0259ti icra ed\u0259n&hellip;","_links":{"self":[{"href":"https:\/\/arantv.az\/index.php?rest_route=\/wp\/v2\/posts\/150584"}],"collection":[{"href":"https:\/\/arantv.az\/index.php?rest_route=\/wp\/v2\/posts"}],"about":[{"href":"https:\/\/arantv.az\/index.php?rest_route=\/wp\/v2\/types\/post"}],"author":[{"embeddable":true,"href":"https:\/\/arantv.az\/index.php?rest_route=\/wp\/v2\/users\/2"}],"replies":[{"embeddable":true,"href":"https:\/\/arantv.az\/index.php?rest_route=%2Fwp%2Fv2%2Fcomments&post=150584"}],"version-history":[{"count":0,"href":"https:\/\/arantv.az\/index.php?rest_route=\/wp\/v2\/posts\/150584\/revisions"}],"wp:featuredmedia":[{"embeddable":true,"href":"https:\/\/arantv.az\/index.php?rest_route=\/wp\/v2\/media\/150585"}],"wp:attachment":[{"href":"https:\/\/arantv.az\/index.php?rest_route=%2Fwp%2Fv2%2Fmedia&parent=150584"}],"wp:term":[{"taxonomy":"category","embeddable":true,"href":"https:\/\/arantv.az\/index.php?rest_route=%2Fwp%2Fv2%2Fcategories&post=150584"},{"taxonomy":"post_tag","embeddable":true,"href":"https:\/\/arantv.az\/index.php?rest_route=%2Fwp%2Fv2%2Ftags&post=150584"}],"curies":[{"name":"wp","href":"https:\/\/api.w.org\/{rel}","templated":true}]}}