{"id":150616,"date":"2020-04-13T13:35:59","date_gmt":"2020-04-13T10:35:59","guid":{"rendered":"http:\/\/arantv.az\/?p=150616"},"modified":"2020-04-13T13:42:47","modified_gmt":"2020-04-13T10:42:47","slug":"audio-virtual-karabakhyuxari-ilham-%c9%99liyev-az%c9%99rbaycanli-sahmatcini-t%c9%99ltif-etdi","status":"publish","type":"post","link":"https:\/\/arantv.az\/?p=150616","title":{"rendered":"\u0130lham \u018fliyev az\u0259rbaycanl\u0131 \u015fahmat\u00e7\u0131n\u0131 t\u0259ltif etdi"},"content":{"rendered":"<p>Prezident \u0130lham \u018fliyev Faiq Z\u00fclf\u00fcqar o\u011flu H\u0259s\u0259novun \u201c\u015e\u0259r\u0259f\u201d ordeni il\u0259 t\u0259ltif edilm\u0259si haqq\u0131nda s\u0259r\u0259ncam imzalay\u0131b.<\/p>\n<p>Bununla ba\u011fl\u0131\u00a0<a href=\"https:\/\/azertag.az\/xeber\/FZHesenovun_Seref_ordeni_ile_teltif_edilmesi_haqqinda_Azerbaycan_Respublikasi_Prezidentinin_Serencami-1461199\" target=\"_blank\" rel=\"noopener\">AZ\u018fRTAC<\/a>\u00a0m\u0259lumat yay\u0131b.<\/p>\n<div id=\"AdviadNativeVideo0\" class=\"AdviadNativeVideo\"><\/div>\n<p>S\u0259r\u0259ncama \u0259sas\u0259n, Az\u0259rbaycan Respublikas\u0131nda idman sah\u0259sinin inki\u015faf\u0131nda x\u00fcsusi xidm\u0259tl\u0259rin\u0259 g\u00f6r\u0259 Faiq Z\u00fclf\u00fcqar o\u011flu H\u0259s\u0259nov \u201c\u015e\u0259r\u0259f\u201d ordeni il\u0259 t\u0259ltif edilib.<\/p>\n<p>Qeyd ed\u0259k ki, F.H\u0259s\u0259nov Az\u0259rbaycan \u015fahmat\u00e7\u0131s\u0131, \u015fahmat hakimi v\u0259 televiziya apar\u0131c\u0131s\u0131d\u0131r.<\/p>\n","protected":false},"excerpt":{"rendered":"<p>Prezident \u0130lham \u018fliyev Faiq Z\u00fclf\u00fcqar o\u011flu H\u0259s\u0259novun \u201c\u015e\u0259r\u0259f\u201d ordeni il\u0259 t\u0259ltif edilm\u0259si haqq\u0131nda s\u0259r\u0259ncam imzalay\u0131b. Bununla ba\u011fl\u0131\u00a0AZ\u018fRTAC\u00a0m\u0259lumat yay\u0131b. S\u0259r\u0259ncama \u0259sas\u0259n, Az\u0259rbaycan Respublikas\u0131nda idman sah\u0259sinin inki\u015faf\u0131nda x\u00fcsusi xidm\u0259tl\u0259rin\u0259 g\u00f6r\u0259 Faiq Z\u00fclf\u00fcqar o\u011flu H\u0259s\u0259nov \u201c\u015e\u0259r\u0259f\u201d ordeni il\u0259 t\u0259ltif edilib. Qeyd ed\u0259k ki, F.H\u0259s\u0259nov Az\u0259rbaycan \u015fahmat\u00e7\u0131s\u0131, \u015fahmat hakimi v\u0259 televiziya apar\u0131c\u0131s\u0131d\u0131r.<\/p>\n","protected":false},"author":2,"featured_media":150617,"comment_status":"closed","ping_status":"closed","sticky":false,"template":"","format":"standard","meta":{"om_disable_all_campaigns":false,"_monsterinsights_skip_tracking":false,"_monsterinsights_sitenote_active":false,"_monsterinsights_sitenote_note":"","_monsterinsights_sitenote_category":0},"categories":[1],"tags":[],"aioseo_notices":[],"gutentor_comment":0,"rttpg_featured_image_url":{"full":["https:\/\/arantv.az\/wp-content\/uploads\/2020\/04\/15863464462779019541_1000x669-1-1.jpg",605,465,false],"landscape":["https:\/\/arantv.az\/wp-content\/uploads\/2020\/04\/15863464462779019541_1000x669-1-1.jpg",605,465,false],"portraits":["https:\/\/arantv.az\/wp-content\/uploads\/2020\/04\/15863464462779019541_1000x669-1-1.jpg",605,465,false],"thumbnail":["https:\/\/arantv.az\/wp-content\/uploads\/2020\/04\/15863464462779019541_1000x669-1-1-150x150.jpg",150,150,true],"medium":["https:\/\/arantv.az\/wp-content\/uploads\/2020\/04\/15863464462779019541_1000x669-1-1-300x231.jpg",300,231,true],"large":["https:\/\/arantv.az\/wp-content\/uploads\/2020\/04\/15863464462779019541_1000x669-1-1.jpg",605,465,false],"1536x1536":["https:\/\/arantv.az\/wp-content\/uploads\/2020\/04\/15863464462779019541_1000x669-1-1.jpg",605,465,false],"2048x2048":["https:\/\/arantv.az\/wp-content\/uploads\/2020\/04\/15863464462779019541_1000x669-1-1.jpg",605,465,false],"post-thumbnail":["https:\/\/arantv.az\/wp-content\/uploads\/2020\/04\/15863464462779019541_1000x669-1-1-240x172.jpg",240,172,true],"advps-thumb-one":["https:\/\/arantv.az\/wp-content\/uploads\/2020\/04\/15863464462779019541_1000x669-1-1.jpg",605,465,false]},"rttpg_author":{"display_name":"V\u00fcsal Rafiqo\u011flu","author_link":"https:\/\/arantv.az\/?author=2"},"rttpg_comment":0,"rttpg_category":"<a href=\"https:\/\/arantv.az\/?cat=1\" rel=\"category\">C\u0259miyy\u0259t<\/a>","rttpg_excerpt":"Prezident \u0130lham \u018fliyev Faiq Z\u00fclf\u00fcqar o\u011flu H\u0259s\u0259novun \u201c\u015e\u0259r\u0259f\u201d ordeni il\u0259 t\u0259ltif edilm\u0259si haqq\u0131nda s\u0259r\u0259ncam imzalay\u0131b. Bununla ba\u011fl\u0131\u00a0AZ\u018fRTAC\u00a0m\u0259lumat yay\u0131b. S\u0259r\u0259ncama \u0259sas\u0259n, Az\u0259rbaycan Respublikas\u0131nda idman sah\u0259sinin inki\u015faf\u0131nda x\u00fcsusi xidm\u0259tl\u0259rin\u0259 g\u00f6r\u0259 Faiq Z\u00fclf\u00fcqar o\u011flu H\u0259s\u0259nov \u201c\u015e\u0259r\u0259f\u201d ordeni il\u0259 t\u0259ltif edilib. Qeyd ed\u0259k ki, F.H\u0259s\u0259nov Az\u0259rbaycan \u015fahmat\u00e7\u0131s\u0131, \u015fahmat hakimi v\u0259 televiziya apar\u0131c\u0131s\u0131d\u0131r.","_links":{"self":[{"href":"https:\/\/arantv.az\/index.php?rest_route=\/wp\/v2\/posts\/150616"}],"collection":[{"href":"https:\/\/arantv.az\/index.php?rest_route=\/wp\/v2\/posts"}],"about":[{"href":"https:\/\/arantv.az\/index.php?rest_route=\/wp\/v2\/types\/post"}],"author":[{"embeddable":true,"href":"https:\/\/arantv.az\/index.php?rest_route=\/wp\/v2\/users\/2"}],"replies":[{"embeddable":true,"href":"https:\/\/arantv.az\/index.php?rest_route=%2Fwp%2Fv2%2Fcomments&post=150616"}],"version-history":[{"count":0,"href":"https:\/\/arantv.az\/index.php?rest_route=\/wp\/v2\/posts\/150616\/revisions"}],"wp:featuredmedia":[{"embeddable":true,"href":"https:\/\/arantv.az\/index.php?rest_route=\/wp\/v2\/media\/150617"}],"wp:attachment":[{"href":"https:\/\/arantv.az\/index.php?rest_route=%2Fwp%2Fv2%2Fmedia&parent=150616"}],"wp:term":[{"taxonomy":"category","embeddable":true,"href":"https:\/\/arantv.az\/index.php?rest_route=%2Fwp%2Fv2%2Fcategories&post=150616"},{"taxonomy":"post_tag","embeddable":true,"href":"https:\/\/arantv.az\/index.php?rest_route=%2Fwp%2Fv2%2Ftags&post=150616"}],"curies":[{"name":"wp","href":"https:\/\/api.w.org\/{rel}","templated":true}]}}