{"id":150621,"date":"2020-04-13T13:37:50","date_gmt":"2020-04-13T10:37:50","guid":{"rendered":"http:\/\/arantv.az\/?p=150621"},"modified":"2020-04-13T13:37:50","modified_gmt":"2020-04-13T10:37:50","slug":"az%c9%99rbaycanda-koronavirusla-bagli-z%c9%99r%c9%99r-c%c9%99k%c9%99n-minl%c9%99rl%c9%99-sahibkara-maliyy%c9%99-d%c9%99st%c9%99yi-gost%c9%99rildi","status":"publish","type":"post","link":"https:\/\/arantv.az\/?p=150621","title":{"rendered":"Az\u0259rbaycanda koronavirusla ba\u011fl\u0131 z\u0259r\u0259r \u00e7\u0259k\u0259n minl\u0259rl\u0259 sahibkara maliyy\u0259 d\u0259st\u0259yi g\u00f6st\u0259rildi"},"content":{"rendered":"<p>Koronavirus pandemiyas\u0131 n\u0259tic\u0259sind\u0259 z\u0259r\u0259r\u0259 m\u0259ruz qalm\u0131\u015f\u00a0sahibkarlara maliyy\u0259 d\u0259st\u0259yinin g\u00f6st\u0259rilm\u0259si davam etdirilir.<\/p>\n<p>Maliyy\u0259 Nazirliyind\u0259n bildirilib ki, aprelin 13-d\u0259 nazirliyin D\u00f6vl\u0259t X\u0259zin\u0259darl\u0131\u011f\u0131 Agentliyi \u0130qtisadiyyat Nazirliyinin t\u0259qdim etdiyi sifari\u015fl\u0259r \u0259sas\u0131nda i\u015f yerl\u0259rinin v\u0259 sosial sabitliyin qorunmas\u0131 istiqam\u0259tind\u0259 pandemiyadan z\u0259r\u0259r \u00e7\u0259kmi\u015f sah\u0259l\u0259rd\u0259 \u00e7al\u0131\u015fan muzdlu i\u015f\u00e7il\u0259rin \u0259m\u0259khaqq\u0131n\u0131n \u00f6d\u0259nilm\u0259si \u00fc\u00e7\u00fcn 1983 vergi \u00f6d\u0259yicisin\u0259 3 milyon 652 min manat, pandemiyadan z\u0259r\u0259r \u00e7\u0259kmi\u015f sah\u0259l\u0259rd\u0259 f\u0259aliyy\u0259t g\u00f6st\u0259r\u0259n 2560 f\u0259rdi (mikro) sahibkara is\u0259 2 milyon 948 min manat v\u0259sait\u00a0yard\u0131m edilib. V\u0259saitl\u0259r onlar\u0131n m\u00fcvafiq bank hesablar\u0131na k\u00f6\u00e7\u00fcr\u00fcl\u00fcb.<\/p>\n<div id=\"AdviadNativeVideo0\" class=\"AdviadNativeVideo\"><\/div>\n<p>Bundan \u0259vv\u0259l, aprelin 9-da Maliyy\u0259 Nazirliyi t\u0259r\u0259find\u0259n ilk tran\u015f da n\u0259z\u0259r\u0259 al\u0131nmaqla, bug\u00fcnk\u00fc tarix\u0259 5752 vergi \u00f6d\u0259yicisin\u0259 \u00fcmumilikd\u0259, 8 milyon 939 min manat maliyy\u0259 d\u0259st\u0259yinin g\u00f6st\u0259rilm\u0259si t\u0259min olunub.<\/p>\n<p>Koronavirus (COVID-19) pandemiyas\u0131n\u0131n v\u0259 d\u00fcnya enerji v\u0259 s\u0259hm bazarlar\u0131nda ba\u015f ver\u0259n k\u0259skin dal\u011falanmalar\u0131n Az\u0259rbaycan\u00a0iqtisadiyyat\u0131na, makroiqtisadi sabitliy\u0259, \u00f6lk\u0259d\u0259 m\u0259\u015f\u011fulluq m\u0259s\u0259l\u0259l\u0259rin\u0259 v\u0259 sahibkarl\u0131q subyektl\u0259rin\u0259 m\u0259nfi t\u0259sirinin azald\u0131lmas\u0131 il\u0259 ba\u011fl\u0131 \u00f6lk\u0259 prezidentinin 2020-ci il 19 mart tarixli S\u0259r\u0259ncam\u0131na,\u00a0h\u0259m\u00e7inin Nazirl\u0259r Kabinetinin 2020-ci il 4 aprel tarixli q\u0259rar\u0131 il\u0259 t\u0259sdiql\u0259n\u0259n T\u0259dbirl\u0259r Plan\u0131na uy\u011fun olaraq, sahibkarlara maliyy\u0259 d\u0259st\u0259yinin \u00f6d\u0259nilm\u0259si onlar\u0131n m\u00fcraci\u0259ti \u0259sas\u0131nda \u0130qtisadiyyat Nazirliyi t\u0259r\u0259find\u0259n formala\u015fd\u0131r\u0131laraq t\u0259qdim olunan sifari\u015fl\u0259r \u0259sas\u0131nda x\u0259zin\u0259darl\u0131q orqanlar\u0131 t\u0259r\u0259find\u0259n g\u00fcnd\u0259lik \u0259sasda davam etdirilir.<\/p>\n","protected":false},"excerpt":{"rendered":"<p>Koronavirus pandemiyas\u0131 n\u0259tic\u0259sind\u0259 z\u0259r\u0259r\u0259 m\u0259ruz qalm\u0131\u015f\u00a0sahibkarlara maliyy\u0259 d\u0259st\u0259yinin g\u00f6st\u0259rilm\u0259si davam etdirilir. Maliyy\u0259 Nazirliyind\u0259n bildirilib ki, aprelin 13-d\u0259 nazirliyin D\u00f6vl\u0259t X\u0259zin\u0259darl\u0131\u011f\u0131 Agentliyi \u0130qtisadiyyat Nazirliyinin t\u0259qdim etdiyi sifari\u015fl\u0259r \u0259sas\u0131nda i\u015f yerl\u0259rinin v\u0259 sosial sabitliyin qorunmas\u0131 istiqam\u0259tind\u0259 pandemiyadan z\u0259r\u0259r \u00e7\u0259kmi\u015f sah\u0259l\u0259rd\u0259 \u00e7al\u0131\u015fan muzdlu i\u015f\u00e7il\u0259rin \u0259m\u0259khaqq\u0131n\u0131n \u00f6d\u0259nilm\u0259si \u00fc\u00e7\u00fcn 1983 vergi \u00f6d\u0259yicisin\u0259 3 milyon 652 min manat, pandemiyadan z\u0259r\u0259r \u00e7\u0259kmi\u015f sah\u0259l\u0259rd\u0259 f\u0259aliyy\u0259t g\u00f6st\u0259r\u0259n 2560 f\u0259rdi (mikro) sahibkara is\u0259 2 milyon 948 min manat v\u0259sait\u00a0yard\u0131m edilib. V\u0259saitl\u0259r onlar\u0131n m\u00fcvafiq bank hesablar\u0131na k\u00f6\u00e7\u00fcr\u00fcl\u00fcb. Bundan \u0259vv\u0259l, aprelin 9-da Maliyy\u0259 Nazirliyi t\u0259r\u0259find\u0259n ilk tran\u015f da n\u0259z\u0259r\u0259 al\u0131nmaqla, bug\u00fcnk\u00fc tarix\u0259&hellip;<\/p>\n","protected":false},"author":2,"featured_media":150622,"comment_status":"closed","ping_status":"closed","sticky":false,"template":"","format":"standard","meta":{"om_disable_all_campaigns":false,"_monsterinsights_skip_tracking":false,"_monsterinsights_sitenote_active":false,"_monsterinsights_sitenote_note":"","_monsterinsights_sitenote_category":0},"categories":[24],"tags":[],"aioseo_notices":[],"gutentor_comment":0,"rttpg_featured_image_url":{"full":["https:\/\/arantv.az\/wp-content\/uploads\/2020\/04\/manat_180118.jpg",620,335,false],"landscape":["https:\/\/arantv.az\/wp-content\/uploads\/2020\/04\/manat_180118.jpg",620,335,false],"portraits":["https:\/\/arantv.az\/wp-content\/uploads\/2020\/04\/manat_180118.jpg",620,335,false],"thumbnail":["https:\/\/arantv.az\/wp-content\/uploads\/2020\/04\/manat_180118-150x150.jpg",150,150,true],"medium":["https:\/\/arantv.az\/wp-content\/uploads\/2020\/04\/manat_180118-300x162.jpg",300,162,true],"large":["https:\/\/arantv.az\/wp-content\/uploads\/2020\/04\/manat_180118.jpg",620,335,false],"1536x1536":["https:\/\/arantv.az\/wp-content\/uploads\/2020\/04\/manat_180118.jpg",620,335,false],"2048x2048":["https:\/\/arantv.az\/wp-content\/uploads\/2020\/04\/manat_180118.jpg",620,335,false],"post-thumbnail":["https:\/\/arantv.az\/wp-content\/uploads\/2020\/04\/manat_180118-240x172.jpg",240,172,true],"advps-thumb-one":["https:\/\/arantv.az\/wp-content\/uploads\/2020\/04\/manat_180118.jpg",620,335,false]},"rttpg_author":{"display_name":"V\u00fcsal Rafiqo\u011flu","author_link":"https:\/\/arantv.az\/?author=2"},"rttpg_comment":0,"rttpg_category":"<a href=\"https:\/\/arantv.az\/?cat=24\" rel=\"category\">Maraql\u0131<\/a>","rttpg_excerpt":"Koronavirus pandemiyas\u0131 n\u0259tic\u0259sind\u0259 z\u0259r\u0259r\u0259 m\u0259ruz qalm\u0131\u015f\u00a0sahibkarlara maliyy\u0259 d\u0259st\u0259yinin g\u00f6st\u0259rilm\u0259si davam etdirilir. Maliyy\u0259 Nazirliyind\u0259n bildirilib ki, aprelin 13-d\u0259 nazirliyin D\u00f6vl\u0259t X\u0259zin\u0259darl\u0131\u011f\u0131 Agentliyi \u0130qtisadiyyat Nazirliyinin t\u0259qdim etdiyi sifari\u015fl\u0259r \u0259sas\u0131nda i\u015f yerl\u0259rinin v\u0259 sosial sabitliyin qorunmas\u0131 istiqam\u0259tind\u0259 pandemiyadan z\u0259r\u0259r \u00e7\u0259kmi\u015f sah\u0259l\u0259rd\u0259 \u00e7al\u0131\u015fan muzdlu i\u015f\u00e7il\u0259rin \u0259m\u0259khaqq\u0131n\u0131n \u00f6d\u0259nilm\u0259si \u00fc\u00e7\u00fcn 1983 vergi \u00f6d\u0259yicisin\u0259 3 milyon 652 min manat, pandemiyadan z\u0259r\u0259r \u00e7\u0259kmi\u015f&hellip;","_links":{"self":[{"href":"https:\/\/arantv.az\/index.php?rest_route=\/wp\/v2\/posts\/150621"}],"collection":[{"href":"https:\/\/arantv.az\/index.php?rest_route=\/wp\/v2\/posts"}],"about":[{"href":"https:\/\/arantv.az\/index.php?rest_route=\/wp\/v2\/types\/post"}],"author":[{"embeddable":true,"href":"https:\/\/arantv.az\/index.php?rest_route=\/wp\/v2\/users\/2"}],"replies":[{"embeddable":true,"href":"https:\/\/arantv.az\/index.php?rest_route=%2Fwp%2Fv2%2Fcomments&post=150621"}],"version-history":[{"count":0,"href":"https:\/\/arantv.az\/index.php?rest_route=\/wp\/v2\/posts\/150621\/revisions"}],"wp:featuredmedia":[{"embeddable":true,"href":"https:\/\/arantv.az\/index.php?rest_route=\/wp\/v2\/media\/150622"}],"wp:attachment":[{"href":"https:\/\/arantv.az\/index.php?rest_route=%2Fwp%2Fv2%2Fmedia&parent=150621"}],"wp:term":[{"taxonomy":"category","embeddable":true,"href":"https:\/\/arantv.az\/index.php?rest_route=%2Fwp%2Fv2%2Fcategories&post=150621"},{"taxonomy":"post_tag","embeddable":true,"href":"https:\/\/arantv.az\/index.php?rest_route=%2Fwp%2Fv2%2Ftags&post=150621"}],"curies":[{"name":"wp","href":"https:\/\/api.w.org\/{rel}","templated":true}]}}